{"id":13862,"date":"2017-04-29T18:44:10","date_gmt":"2017-04-29T21:44:10","guid":{"rendered":"http:\/\/obispadodezaratecampana.org\/?p=13862"},"modified":"2017-04-29T18:44:10","modified_gmt":"2017-04-29T21:44:10","slug":"sabado-6-de-mayo-2030-hs-obra-musical-la-pasion-plaza-italia-zarate","status":"publish","type":"post","link":"https:\/\/obispadodezaratecampana.org\/?p=13862","title":{"rendered":"S\u00e1bado 6 de mayo 20:30 hs: Obra musical &#8220;LA PASI\u00d3N&#8221;. Plaza Italia, Z\u00e1rate"},"content":{"rendered":"<p style=\"text-align: center;\">\n<h1 style=\"text-align: center;\"><span style=\"color: #666699;\">Obra musical &#8220;LA PASI\u00d3N&#8221;<\/span><\/h1>\n<h1 style=\"text-align: center;\"><span style=\"color: #666699;\">S\u00e1bado 6 de mayo a las 20:30 hs\u00a0<\/span><\/h1>\n<h1 style=\"text-align: center;\"><span style=\"color: #666699;\">Anfiteatro Homero Esp\u00f3sito\u00a0<\/span><\/h1>\n<h1 style=\"text-align: center;\"><span style=\"color: #666699;\">Plaza Italia , Z\u00e1rate <\/span><\/h1>\n<h1 style=\"text-align: center;\"><span style=\"color: #666699;\">Invita la comunidad de Ntra Sra del Carmen<\/span><\/h1>\n<p>&nbsp;<\/p>\n<p style=\"text-align: center;\"><img fetchpriority=\"high\" decoding=\"async\" class=\"alignnone size-medium wp-image-13863\" src=\"http:\/\/obispadodezaratecampana.org\/wp-content\/uploads\/2017\/04\/18119443_1668479180126044_7860776735558239745_n-300x194.jpg\" alt=\"18119443_1668479180126044_7860776735558239745_n\" width=\"300\" height=\"194\" srcset=\"https:\/\/obispadodezaratecampana.org\/wp-content\/uploads\/2017\/04\/18119443_1668479180126044_7860776735558239745_n-300x194.jpg 300w, https:\/\/obispadodezaratecampana.org\/wp-content\/uploads\/2017\/04\/18119443_1668479180126044_7860776735558239745_n.jpg 960w\" sizes=\"(max-width: 300px) 100vw, 300px\" \/><\/p>\n<!-- AddThis Advanced Settings generic via filter on the_content --><!-- AddThis Share Buttons generic via filter on the_content -->","protected":false},"excerpt":{"rendered":"<p>Obra musical &#8220;LA PASI\u00d3N&#8221; S\u00e1bado 6 de mayo a las 20:30 hs\u00a0 Anfiteatro Homero Esp\u00f3sito\u00a0 Plaza Italia , Z\u00e1rate Invita la comunidad de Ntra Sra [&hellip;]<!-- AddThis Advanced Settings generic via filter on get_the_excerpt --><!-- AddThis Share Buttons generic via filter on get_the_excerpt --><\/p>\n","protected":false},"author":2,"featured_media":13863,"comment_status":"open","ping_status":"open","sticky":false,"template":"","format":"standard","meta":{"footnotes":""},"categories":[3],"tags":[],"class_list":["post-13862","post","type-post","status-publish","format-standard","has-post-thumbnail","hentry","category-noticiasparroquiales"],"_links":{"self":[{"href":"https:\/\/obispadodezaratecampana.org\/index.php?rest_route=\/wp\/v2\/posts\/13862","targetHints":{"allow":["GET"]}}],"collection":[{"href":"https:\/\/obispadodezaratecampana.org\/index.php?rest_route=\/wp\/v2\/posts"}],"about":[{"href":"https:\/\/obispadodezaratecampana.org\/index.php?rest_route=\/wp\/v2\/types\/post"}],"author":[{"embeddable":true,"href":"https:\/\/obispadodezaratecampana.org\/index.php?rest_route=\/wp\/v2\/users\/2"}],"replies":[{"embeddable":true,"href":"https:\/\/obispadodezaratecampana.org\/index.php?rest_route=%2Fwp%2Fv2%2Fcomments&post=13862"}],"version-history":[{"count":1,"href":"https:\/\/obispadodezaratecampana.org\/index.php?rest_route=\/wp\/v2\/posts\/13862\/revisions"}],"predecessor-version":[{"id":13864,"href":"https:\/\/obispadodezaratecampana.org\/index.php?rest_route=\/wp\/v2\/posts\/13862\/revisions\/13864"}],"wp:featuredmedia":[{"embeddable":true,"href":"https:\/\/obispadodezaratecampana.org\/index.php?rest_route=\/wp\/v2\/media\/13863"}],"wp:attachment":[{"href":"https:\/\/obispadodezaratecampana.org\/index.php?rest_route=%2Fwp%2Fv2%2Fmedia&parent=13862"}],"wp:term":[{"taxonomy":"category","embeddable":true,"href":"https:\/\/obispadodezaratecampana.org\/index.php?rest_route=%2Fwp%2Fv2%2Fcategories&post=13862"},{"taxonomy":"post_tag","embeddable":true,"href":"https:\/\/obispadodezaratecampana.org\/index.php?rest_route=%2Fwp%2Fv2%2Ftags&post=13862"}],"curies":[{"name":"wp","href":"https:\/\/api.w.org\/{rel}","templated":true}]}}