{"id":13846,"date":"2017-04-29T18:04:10","date_gmt":"2017-04-29T21:04:10","guid":{"rendered":"http:\/\/obispadodezaratecampana.org\/?p=13846"},"modified":"2017-04-29T18:04:10","modified_gmt":"2017-04-29T21:04:10","slug":"lunes-17-de-abril-toma-de-posesion-del-pbro-lucas-martinez-como-parroco-en-santiago-apostol","status":"publish","type":"post","link":"https:\/\/obispadodezaratecampana.org\/?p=13846","title":{"rendered":"Lunes 17 de abril: Toma de posesi\u00f3n del Pbro Lucas Martinez como p\u00e1rroco en Santiago Ap\u00f3stol."},"content":{"rendered":"<h3 style=\"text-align: justify;\"><span style=\"color: rgb(153, 51, 0);\">El lunes 17 de abril Monse\u00f1or Pedro Laxague puso en funciones al Padre Lucas Martinez quien a partir de ese momento tomo posesi\u00f3n de la Parroquia Santiago Ap\u00f3stol.<\/span><\/h3>\n<h3 style=\"text-align: justify;\"><span style=\"color: rgb(153, 51, 0);\">El Templo se colmo de fieles que acompa\u00f1aron al nuevo P\u00e1rroco.<\/span><\/h3>\n<h3 style=\"text-align: justify;\"><span style=\"color: rgb(153, 51, 0);\">Varios Sacerdotes de la Di\u00f3cesis se hicieron presente para acompa\u00f1ar y presenciar la posesi\u00f3n del cargo del Padre Lucas Martinez.<\/span><\/h3>\n<h3 style=\"text-align: justify;\"><span style=\"color: rgb(153, 51, 0);\">En el trascurso de la semana ya se ha reunido con varios grupos Catequ\u00edsticos y Pastorales, interioriz\u00e1ndose del funcionamiento de cada uno de ellos.<\/span><\/h3>\n<h3 style=\"text-align: justify;\"><span style=\"color: rgb(153, 51, 0);\">Una nueva modalidad del Padre Lucas es el oficio de la Misa de las 7:30 de la ma\u00f1ana qui\u00e9n ha tenido una buena recepci\u00f3n de la comunidad, y en buena hora para comenzar el d\u00eda con la Paz interior, que tanto se necesita en estos d\u00edas.<\/span><\/h3>\n<h3 style=\"text-align: justify;\"><span style=\"color: rgb(153, 51, 0);\">La Comunidad de la Parroquia Santiago Ap\u00f3stol de Baradero le da la Bienvenida al Padre Lucas Martinez.<\/span><\/h3>\n<h3 style=\"text-align: justify;\"><em><span style=\"color: #993300;\">Fuente: Daniel Perez, de la comunidad de la Pquia Santiago Ap\u00f3stol.\u00a0<\/span><\/em><\/h3>\n<p style=\"text-align: center;\"><a href=\"http:\/\/obispadodezaratecampana.org\/wp-content\/uploads\/2017\/04\/17991994_782777828544219_7244551770752488086_n.jpg\"><img fetchpriority=\"high\" decoding=\"async\" class=\"alignnone size-medium wp-image-13848\" src=\"http:\/\/obispadodezaratecampana.org\/wp-content\/uploads\/2017\/04\/17991994_782777828544219_7244551770752488086_n-300x168.jpg\" alt=\"17991994_782777828544219_7244551770752488086_n\" width=\"300\" height=\"168\" srcset=\"https:\/\/obispadodezaratecampana.org\/wp-content\/uploads\/2017\/04\/17991994_782777828544219_7244551770752488086_n-300x168.jpg 300w, https:\/\/obispadodezaratecampana.org\/wp-content\/uploads\/2017\/04\/17991994_782777828544219_7244551770752488086_n.jpg 960w\" sizes=\"(max-width: 300px) 100vw, 300px\" \/><\/a> <a href=\"http:\/\/obispadodezaratecampana.org\/wp-content\/uploads\/2017\/04\/18010086_782779641877371_4578670602200343851_n.jpg\"><img decoding=\"async\" class=\"alignnone size-medium wp-image-13849\" src=\"http:\/\/obispadodezaratecampana.org\/wp-content\/uploads\/2017\/04\/18010086_782779641877371_4578670602200343851_n-300x168.jpg\" alt=\"18010086_782779641877371_4578670602200343851_n\" width=\"300\" height=\"168\" srcset=\"https:\/\/obispadodezaratecampana.org\/wp-content\/uploads\/2017\/04\/18010086_782779641877371_4578670602200343851_n-300x168.jpg 300w, https:\/\/obispadodezaratecampana.org\/wp-content\/uploads\/2017\/04\/18010086_782779641877371_4578670602200343851_n.jpg 960w\" sizes=\"(max-width: 300px) 100vw, 300px\" \/><\/a> <a href=\"http:\/\/obispadodezaratecampana.org\/wp-content\/uploads\/2017\/04\/18010578_782779445210724_8858675978349109896_n1.jpg\"><img decoding=\"async\" class=\"alignnone size-medium wp-image-13850\" src=\"http:\/\/obispadodezaratecampana.org\/wp-content\/uploads\/2017\/04\/18010578_782779445210724_8858675978349109896_n1-300x168.jpg\" alt=\"18010578_782779445210724_8858675978349109896_n\" width=\"300\" height=\"168\" srcset=\"https:\/\/obispadodezaratecampana.org\/wp-content\/uploads\/2017\/04\/18010578_782779445210724_8858675978349109896_n1-300x168.jpg 300w, https:\/\/obispadodezaratecampana.org\/wp-content\/uploads\/2017\/04\/18010578_782779445210724_8858675978349109896_n1.jpg 960w\" sizes=\"(max-width: 300px) 100vw, 300px\" \/><\/a> <a href=\"http:\/\/obispadodezaratecampana.org\/wp-content\/uploads\/2017\/04\/18010729_782778725210796_4383765894611658878_n.jpg\"><img loading=\"lazy\" decoding=\"async\" class=\"alignnone size-medium wp-image-13851\" src=\"http:\/\/obispadodezaratecampana.org\/wp-content\/uploads\/2017\/04\/18010729_782778725210796_4383765894611658878_n-168x300.jpg\" alt=\"18010729_782778725210796_4383765894611658878_n\" width=\"168\" height=\"300\" srcset=\"https:\/\/obispadodezaratecampana.org\/wp-content\/uploads\/2017\/04\/18010729_782778725210796_4383765894611658878_n-168x300.jpg 168w, https:\/\/obispadodezaratecampana.org\/wp-content\/uploads\/2017\/04\/18010729_782778725210796_4383765894611658878_n.jpg 540w\" sizes=\"(max-width: 168px) 100vw, 168px\" \/><\/a> <a href=\"http:\/\/obispadodezaratecampana.org\/wp-content\/uploads\/2017\/04\/18010752_782779278544074_3265321402235041826_n.jpg\"><img loading=\"lazy\" decoding=\"async\" class=\"alignnone size-medium wp-image-13852\" src=\"http:\/\/obispadodezaratecampana.org\/wp-content\/uploads\/2017\/04\/18010752_782779278544074_3265321402235041826_n-300x168.jpg\" alt=\"18010752_782779278544074_3265321402235041826_n\" width=\"300\" height=\"168\" srcset=\"https:\/\/obispadodezaratecampana.org\/wp-content\/uploads\/2017\/04\/18010752_782779278544074_3265321402235041826_n-300x168.jpg 300w, https:\/\/obispadodezaratecampana.org\/wp-content\/uploads\/2017\/04\/18010752_782779278544074_3265321402235041826_n.jpg 960w\" sizes=\"(max-width: 300px) 100vw, 300px\" \/><\/a> <a href=\"http:\/\/obispadodezaratecampana.org\/wp-content\/uploads\/2017\/04\/18033111_782778275210841_7983731890854327376_n.jpg\"><img loading=\"lazy\" decoding=\"async\" class=\"alignnone size-medium wp-image-13853\" src=\"http:\/\/obispadodezaratecampana.org\/wp-content\/uploads\/2017\/04\/18033111_782778275210841_7983731890854327376_n-300x168.jpg\" alt=\"18033111_782778275210841_7983731890854327376_n\" width=\"300\" height=\"168\" srcset=\"https:\/\/obispadodezaratecampana.org\/wp-content\/uploads\/2017\/04\/18033111_782778275210841_7983731890854327376_n-300x168.jpg 300w, https:\/\/obispadodezaratecampana.org\/wp-content\/uploads\/2017\/04\/18033111_782778275210841_7983731890854327376_n.jpg 960w\" sizes=\"(max-width: 300px) 100vw, 300px\" \/><\/a> <a href=\"http:\/\/obispadodezaratecampana.org\/wp-content\/uploads\/2017\/04\/18033369_782779698544032_8986321182890380357_n.jpg\"><img loading=\"lazy\" decoding=\"async\" class=\"alignnone size-medium wp-image-13854\" src=\"http:\/\/obispadodezaratecampana.org\/wp-content\/uploads\/2017\/04\/18033369_782779698544032_8986321182890380357_n-168x300.jpg\" alt=\"18033369_782779698544032_8986321182890380357_n\" width=\"168\" height=\"300\" srcset=\"https:\/\/obispadodezaratecampana.org\/wp-content\/uploads\/2017\/04\/18033369_782779698544032_8986321182890380357_n-168x300.jpg 168w, https:\/\/obispadodezaratecampana.org\/wp-content\/uploads\/2017\/04\/18033369_782779698544032_8986321182890380357_n.jpg 540w\" sizes=\"(max-width: 168px) 100vw, 168px\" \/><\/a> <a href=\"http:\/\/obispadodezaratecampana.org\/wp-content\/uploads\/2017\/04\/18033873_782778858544116_1101663193347328894_n.jpg\"><img loading=\"lazy\" decoding=\"async\" class=\"alignnone size-medium wp-image-13855\" src=\"http:\/\/obispadodezaratecampana.org\/wp-content\/uploads\/2017\/04\/18033873_782778858544116_1101663193347328894_n-300x168.jpg\" alt=\"18033873_782778858544116_1101663193347328894_n\" width=\"300\" height=\"168\" srcset=\"https:\/\/obispadodezaratecampana.org\/wp-content\/uploads\/2017\/04\/18033873_782778858544116_1101663193347328894_n-300x168.jpg 300w, https:\/\/obispadodezaratecampana.org\/wp-content\/uploads\/2017\/04\/18033873_782778858544116_1101663193347328894_n.jpg 960w\" sizes=\"(max-width: 300px) 100vw, 300px\" \/><\/a> <a href=\"http:\/\/obispadodezaratecampana.org\/wp-content\/uploads\/2017\/04\/18034114_782777918544210_6189069438842378428_n.jpg\"><img loading=\"lazy\" decoding=\"async\" class=\"alignnone size-medium wp-image-13856\" src=\"http:\/\/obispadodezaratecampana.org\/wp-content\/uploads\/2017\/04\/18034114_782777918544210_6189069438842378428_n-300x168.jpg\" alt=\"18034114_782777918544210_6189069438842378428_n\" width=\"300\" height=\"168\" srcset=\"https:\/\/obispadodezaratecampana.org\/wp-content\/uploads\/2017\/04\/18034114_782777918544210_6189069438842378428_n-300x168.jpg 300w, https:\/\/obispadodezaratecampana.org\/wp-content\/uploads\/2017\/04\/18034114_782777918544210_6189069438842378428_n.jpg 960w\" sizes=\"(max-width: 300px) 100vw, 300px\" \/><\/a>  <img loading=\"lazy\" decoding=\"async\" class=\"alignnone size-medium wp-image-13858\" src=\"http:\/\/obispadodezaratecampana.org\/wp-content\/uploads\/2017\/04\/20170416_104233-300x168.jpg\" alt=\"20170416_104233\" width=\"300\" height=\"168\" srcset=\"https:\/\/obispadodezaratecampana.org\/wp-content\/uploads\/2017\/04\/20170416_104233-300x168.jpg 300w, https:\/\/obispadodezaratecampana.org\/wp-content\/uploads\/2017\/04\/20170416_104233-1024x576.jpg 1024w\" sizes=\"(max-width: 300px) 100vw, 300px\" \/><\/p>\n<p style=\"text-align: center;\">\n<!-- AddThis Advanced Settings generic via filter on the_content --><!-- AddThis Share Buttons generic via filter on the_content -->","protected":false},"excerpt":{"rendered":"<p>El lunes 17 de abril Monse\u00f1or Pedro Laxague puso en funciones al Padre Lucas Martinez quien a partir de ese momento tomo posesi\u00f3n de la [&hellip;]<!-- AddThis Advanced Settings generic via filter on get_the_excerpt --><!-- AddThis Share Buttons generic via filter on get_the_excerpt --><\/p>\n","protected":false},"author":2,"featured_media":13847,"comment_status":"open","ping_status":"open","sticky":false,"template":"","format":"standard","meta":{"footnotes":""},"categories":[3],"tags":[],"class_list":["post-13846","post","type-post","status-publish","format-standard","has-post-thumbnail","hentry","category-noticiasparroquiales"],"_links":{"self":[{"href":"https:\/\/obispadodezaratecampana.org\/index.php?rest_route=\/wp\/v2\/posts\/13846","targetHints":{"allow":["GET"]}}],"collection":[{"href":"https:\/\/obispadodezaratecampana.org\/index.php?rest_route=\/wp\/v2\/posts"}],"about":[{"href":"https:\/\/obispadodezaratecampana.org\/index.php?rest_route=\/wp\/v2\/types\/post"}],"author":[{"embeddable":true,"href":"https:\/\/obispadodezaratecampana.org\/index.php?rest_route=\/wp\/v2\/users\/2"}],"replies":[{"embeddable":true,"href":"https:\/\/obispadodezaratecampana.org\/index.php?rest_route=%2Fwp%2Fv2%2Fcomments&post=13846"}],"version-history":[{"count":1,"href":"https:\/\/obispadodezaratecampana.org\/index.php?rest_route=\/wp\/v2\/posts\/13846\/revisions"}],"predecessor-version":[{"id":13859,"href":"https:\/\/obispadodezaratecampana.org\/index.php?rest_route=\/wp\/v2\/posts\/13846\/revisions\/13859"}],"wp:featuredmedia":[{"embeddable":true,"href":"https:\/\/obispadodezaratecampana.org\/index.php?rest_route=\/wp\/v2\/media\/13847"}],"wp:attachment":[{"href":"https:\/\/obispadodezaratecampana.org\/index.php?rest_route=%2Fwp%2Fv2%2Fmedia&parent=13846"}],"wp:term":[{"taxonomy":"category","embeddable":true,"href":"https:\/\/obispadodezaratecampana.org\/index.php?rest_route=%2Fwp%2Fv2%2Fcategories&post=13846"},{"taxonomy":"post_tag","embeddable":true,"href":"https:\/\/obispadodezaratecampana.org\/index.php?rest_route=%2Fwp%2Fv2%2Ftags&post=13846"}],"curies":[{"name":"wp","href":"https:\/\/api.w.org\/{rel}","templated":true}]}}