{"id":13800,"date":"2017-04-22T11:05:19","date_gmt":"2017-04-22T14:05:19","guid":{"rendered":"http:\/\/obispadodezaratecampana.org\/?p=13800"},"modified":"2017-04-22T11:06:08","modified_gmt":"2017-04-22T14:06:08","slug":"sabado-22-de-abril-1345-hs-via-lucis-en-bicicleta-desde-balbin-y-pueyrredon-campana","status":"publish","type":"post","link":"https:\/\/obispadodezaratecampana.org\/?p=13800","title":{"rendered":"S\u00e1bado 22 de abril: 13:45 hs V\u00eda Lucis en Bicicleta, desde Balb\u00edn y Pueyrred\u00f3n, Campana"},"content":{"rendered":"<p><img fetchpriority=\"high\" decoding=\"async\" class=\" wp-image-13801 aligncenter\" src=\"http:\/\/obispadodezaratecampana.org\/wp-content\/uploads\/2017\/04\/18034089_1379160632129757_6606985641761335073_n-300x228.jpg\" alt=\"18034089_1379160632129757_6606985641761335073_n\" width=\"536\" height=\"407\" srcset=\"https:\/\/obispadodezaratecampana.org\/wp-content\/uploads\/2017\/04\/18034089_1379160632129757_6606985641761335073_n-300x228.jpg 300w, https:\/\/obispadodezaratecampana.org\/wp-content\/uploads\/2017\/04\/18034089_1379160632129757_6606985641761335073_n.jpg 960w\" sizes=\"(max-width: 536px) 100vw, 536px\" \/><\/p>\n<!-- AddThis Advanced Settings generic via filter on the_content --><!-- AddThis Share Buttons generic via filter on the_content -->","protected":false},"excerpt":{"rendered":"<p><!-- AddThis Advanced Settings generic via filter on get_the_excerpt --><!-- AddThis Share Buttons generic via filter on get_the_excerpt --><\/p>\n","protected":false},"author":2,"featured_media":13801,"comment_status":"open","ping_status":"open","sticky":false,"template":"","format":"standard","meta":{"footnotes":""},"categories":[1,3],"tags":[],"class_list":["post-13800","post","type-post","status-publish","format-standard","has-post-thumbnail","hentry","category-noticiasdiocesanas","category-noticiasparroquiales"],"_links":{"self":[{"href":"https:\/\/obispadodezaratecampana.org\/index.php?rest_route=\/wp\/v2\/posts\/13800","targetHints":{"allow":["GET"]}}],"collection":[{"href":"https:\/\/obispadodezaratecampana.org\/index.php?rest_route=\/wp\/v2\/posts"}],"about":[{"href":"https:\/\/obispadodezaratecampana.org\/index.php?rest_route=\/wp\/v2\/types\/post"}],"author":[{"embeddable":true,"href":"https:\/\/obispadodezaratecampana.org\/index.php?rest_route=\/wp\/v2\/users\/2"}],"replies":[{"embeddable":true,"href":"https:\/\/obispadodezaratecampana.org\/index.php?rest_route=%2Fwp%2Fv2%2Fcomments&post=13800"}],"version-history":[{"count":1,"href":"https:\/\/obispadodezaratecampana.org\/index.php?rest_route=\/wp\/v2\/posts\/13800\/revisions"}],"predecessor-version":[{"id":13802,"href":"https:\/\/obispadodezaratecampana.org\/index.php?rest_route=\/wp\/v2\/posts\/13800\/revisions\/13802"}],"wp:featuredmedia":[{"embeddable":true,"href":"https:\/\/obispadodezaratecampana.org\/index.php?rest_route=\/wp\/v2\/media\/13801"}],"wp:attachment":[{"href":"https:\/\/obispadodezaratecampana.org\/index.php?rest_route=%2Fwp%2Fv2%2Fmedia&parent=13800"}],"wp:term":[{"taxonomy":"category","embeddable":true,"href":"https:\/\/obispadodezaratecampana.org\/index.php?rest_route=%2Fwp%2Fv2%2Fcategories&post=13800"},{"taxonomy":"post_tag","embeddable":true,"href":"https:\/\/obispadodezaratecampana.org\/index.php?rest_route=%2Fwp%2Fv2%2Ftags&post=13800"}],"curies":[{"name":"wp","href":"https:\/\/api.w.org\/{rel}","templated":true}]}}