{"id":13761,"date":"2017-04-08T18:38:40","date_gmt":"2017-04-08T21:38:40","guid":{"rendered":"http:\/\/obispadodezaratecampana.org\/?p=13761"},"modified":"2017-04-08T18:38:40","modified_gmt":"2017-04-08T21:38:40","slug":"que-es-la-semana-santa","status":"publish","type":"post","link":"https:\/\/obispadodezaratecampana.org\/?p=13761","title":{"rendered":"\u00bfQu\u00e9 es la Semana Santa?"},"content":{"rendered":"<p style=\"text-align: justify;\"><span style=\"color: #800080;\">Explicaci\u00f3n de la celebraci\u00f3n<\/span><\/p>\n<p style=\"text-align: justify;\"><span style=\"color: #800080;\">La Semana Santa es el momento lit\u00fargico m\u00e1s intenso de todo el a\u00f1o. Sin embargo, para muchos cat\u00f3licos se ha convertido s\u00f3lo en una ocasi\u00f3n de descanso y diversi\u00f3n. Se olvidan de lo esencial: esta semana la debemos dedicar a la oraci\u00f3n y la reflexi\u00f3n en los misterios de la Pasi\u00f3n y Muerte de Jes\u00fas para aprovechar todas las gracias que esto nos trae.<\/span><\/p>\n<p style=\"text-align: justify;\"><span style=\"color: #800080;\">Para vivir la Semana Santa, debemos darle a Dios el primer lugar y participar en toda la riqueza de las celebraciones propias de este tiempo lit\u00fargico.<\/span><\/p>\n<p style=\"text-align: justify;\"><span style=\"color: #800080;\">A la Semana Santa se le llamaba en un principio \u201cLa Gran Semana\u201d. Ahora se le llama Semana Santa o Semana Mayor y a sus d\u00edas se les dice d\u00edas santos. Esta semana comienza con el Domingo de Ramos y termina con el Domingo de Pascua.<\/span><\/p>\n<p style=\"text-align: justify;\"><span style=\"color: #800080;\">Vivir la Semana Santa es acompa\u00f1ar a Jes\u00fas con nuestra oraci\u00f3n, sacrificios y el arrepentimiento de nuestros pecados. Asistir al Sacramento de la Penitencia en estos d\u00edas para morir al pecado y resucitar con Cristo el d\u00eda de Pascua.<\/span><\/p>\n<p style=\"text-align: justify;\"><span style=\"color: #800080;\">Lo importante de este tiempo no es el recordar con tristeza lo que Cristo padeci\u00f3, sino entender por qu\u00e9 muri\u00f3 y resucit\u00f3. Es celebrar y revivir su entrega a la muerte por amor a nosotros y el poder de su Resurrecci\u00f3n, que es primicia de la nuestra.<\/span><\/p>\n<p style=\"text-align: justify;\"><span style=\"color: #800080;\">La Semana Santa fue la \u00faltima semana de Cristo en la tierra. Su Resurrecci\u00f3n nos recuerda que los hombres fuimos creados para vivir eternamente junto a Dios.<\/span><\/p>\n<p style=\"text-align: justify;\"><span style=\"color: #800080;\">Domingo de Ramos<\/span><\/p>\n<p style=\"text-align: justify;\"><span style=\"color: #800080;\">Celebramos la entrada triunfal de Jes\u00fas a Jerusal\u00e9n en la que todo el pueblo lo alaba como rey con cantos y palmas. Por esto, nosotros llevamos nuestras palmas a la Iglesia para que las bendigan ese d\u00eda y participamos en la misa.<\/span><\/p>\n<p style=\"text-align: justify;\"><span style=\"color: #800080;\">Jueves Santo<\/span><\/p>\n<p style=\"text-align: justify;\"><span style=\"color: #800080;\">Este d\u00eda recordamos la \u00daltima Cena de Jes\u00fas con sus ap\u00f3stoles en la que les lav\u00f3 los pies d\u00e1ndonos un ejemplo de servicialidad. En la \u00daltima Cena, Jes\u00fas se qued\u00f3 con nosotros en el pan y en el vino, nos dej\u00f3 su cuerpo y su sangre. Es el jueves santo cuando instituy\u00f3 la Eucarist\u00eda y el Sacerdocio. Al terminar la \u00faltima cena, Jes\u00fas se fue a orar, al Huerto de los Olivos. Ah\u00ed pas\u00f3 toda la noche y despu\u00e9s de mucho tiempo de oraci\u00f3n, llegaron a aprehenderlo.<\/span><\/p>\n<p style=\"text-align: justify;\"><span style=\"color: #800080;\">Viernes Santo<\/span><\/p>\n<p style=\"text-align: justify;\"><span style=\"color: #800080;\">Ese d\u00eda recordamos la Pasi\u00f3n de Nuestro Se\u00f1or: Su prisi\u00f3n, los interrogatorios de Herodes y Pilato; la flagelaci\u00f3n, la coronaci\u00f3n de espinas y la crucifixi\u00f3n. Lo conmemoramos con un Via Crucis solemne y con la ceremonia de la Adoraci\u00f3n de la Cruz.<\/span><\/p>\n<p style=\"text-align: justify;\"><span style=\"color: #800080;\">S\u00e1bado Santo o S\u00e1bado de Gloria<\/span><\/p>\n<p style=\"text-align: justify;\"><span style=\"color: #800080;\">Se recuerda el d\u00eda que pas\u00f3 entre la muerte y la Resurrecci\u00f3n de Jes\u00fas. Es un d\u00eda de luto y tristeza pues no tenemos a Jes\u00fas entre nosotros. Las im\u00e1genes se cubren y los sagrarios est\u00e1n abiertos. Por la noche se lleva a cabo una vigilia pascual para celebrar la Resurrecci\u00f3n de Jes\u00fas. Vigilia quiere decir \u201c la tarde y noche anteriores a una fiesta.\u201d. En esta celebraci\u00f3n se acostumbra bendecir el agua y encender las velas en se\u00f1al de la Resurrecci\u00f3n de Cristo, la gran fiesta de los cat\u00f3licos.<\/span><\/p>\n<p style=\"text-align: justify;\"><span style=\"color: #800080;\">Domingo de Resurrecci\u00f3n o Domingo de Pascua<\/span><\/p>\n<p style=\"text-align: justify;\"><span style=\"color: #800080;\">Es el d\u00eda m\u00e1s importante y m\u00e1s alegre para todos nosotros, los cat\u00f3licos, ya que Jes\u00fas venci\u00f3 a la muerte y nos dio la vida. Esto quiere decir que Cristo nos da la oportunidad de salvarnos, de entrar al Cielo y vivir siempre felices en compa\u00f1\u00eda de Dios. Pascua es el paso de la muerte a la vida.<\/span><\/p>\n<p style=\"text-align: justify;\"><span style=\"color: #800080;\">\u00bfPor qu\u00e9 la Semana Santa cambia de fecha cada a\u00f1o?<\/span><\/p>\n<p style=\"text-align: justify;\"><span style=\"color: #800080;\">El pueblo jud\u00edo celebraba la fiesta de pascua en recuerdo de la liberaci\u00f3n de la esclavitud de Egipto, el d\u00eda de la primera luna llena de primavera. Esta fecha la fijaban en base al a\u00f1o lunar y no al a\u00f1o solar de nuestro calendario moderno. Es por esta raz\u00f3n que cada a\u00f1o la Semana Santa cambia de d\u00eda, pues se le hace coincidir con la luna llena.<\/span><\/p>\n<p style=\"text-align: justify;\"><span style=\"color: #800080;\">En la fiesta de la Pascua, los jud\u00edos se reun\u00edan a comer cordero asado y ensaladas de hierbas amargas, recitar bendiciones y cantar salmos. Brindaban por la liberaci\u00f3n de la esclavitud.<\/span><\/p>\n<p style=\"text-align: justify;\"><span style=\"color: #800080;\">Jes\u00fas es el nuevo cordero pascual que nos trae la nueva liberaci\u00f3n, del pecado y de la muerte.<\/span><\/p>\n<p style=\"text-align: justify;\"><span style=\"color: #800080;\">Sugerencias para vivir la Semana Santa<\/span><\/p>\n<p style=\"text-align: justify;\"><span style=\"color: #800080;\">Asistir en familia o a los oficios y ceremonias propios de la Semana Santa porque la vivencia cristiana de estos misterios debe ser comunitaria.<\/span><br \/>\n<span style=\"color: #800080;\">Se puede organizar una peque\u00f1a representaci\u00f3n acerca de la Semana Santa.<\/span><br \/>\n<span style=\"color: #800080;\">Poner alg\u00fan prop\u00f3sito concreto a seguir para cada uno de los d\u00edas de la Semana Santa.<\/span><br \/>\n<span style=\"color: #800080;\">Elaborar unos cartelones en los que se escriba acerca de los d\u00edas de la Semana Santa y algunas ideas importantes acerca de cada uno de los d\u00edas.<\/span><\/p>\n<p style=\"text-align: justify;\">\n<span style=\"color: #800080;\">Fuente: Catholic.net<\/span><\/p>\n<p>&nbsp;<\/p>\n<!-- AddThis Advanced Settings generic via filter on the_content --><!-- AddThis Share Buttons generic via filter on the_content -->","protected":false},"excerpt":{"rendered":"<p>Explicaci\u00f3n de la celebraci\u00f3n La Semana Santa es el momento lit\u00fargico m\u00e1s intenso de todo el a\u00f1o. Sin embargo, para muchos cat\u00f3licos se ha convertido [&hellip;]<!-- AddThis Advanced Settings generic via filter on get_the_excerpt --><!-- AddThis Share Buttons generic via filter on get_the_excerpt --><\/p>\n","protected":false},"author":2,"featured_media":13762,"comment_status":"open","ping_status":"open","sticky":false,"template":"","format":"standard","meta":{"footnotes":""},"categories":[5,1],"tags":[],"class_list":["post-13761","post","type-post","status-publish","format-standard","has-post-thumbnail","hentry","category-generales","category-noticiasdiocesanas"],"_links":{"self":[{"href":"https:\/\/obispadodezaratecampana.org\/index.php?rest_route=\/wp\/v2\/posts\/13761","targetHints":{"allow":["GET"]}}],"collection":[{"href":"https:\/\/obispadodezaratecampana.org\/index.php?rest_route=\/wp\/v2\/posts"}],"about":[{"href":"https:\/\/obispadodezaratecampana.org\/index.php?rest_route=\/wp\/v2\/types\/post"}],"author":[{"embeddable":true,"href":"https:\/\/obispadodezaratecampana.org\/index.php?rest_route=\/wp\/v2\/users\/2"}],"replies":[{"embeddable":true,"href":"https:\/\/obispadodezaratecampana.org\/index.php?rest_route=%2Fwp%2Fv2%2Fcomments&post=13761"}],"version-history":[{"count":1,"href":"https:\/\/obispadodezaratecampana.org\/index.php?rest_route=\/wp\/v2\/posts\/13761\/revisions"}],"predecessor-version":[{"id":13763,"href":"https:\/\/obispadodezaratecampana.org\/index.php?rest_route=\/wp\/v2\/posts\/13761\/revisions\/13763"}],"wp:featuredmedia":[{"embeddable":true,"href":"https:\/\/obispadodezaratecampana.org\/index.php?rest_route=\/wp\/v2\/media\/13762"}],"wp:attachment":[{"href":"https:\/\/obispadodezaratecampana.org\/index.php?rest_route=%2Fwp%2Fv2%2Fmedia&parent=13761"}],"wp:term":[{"taxonomy":"category","embeddable":true,"href":"https:\/\/obispadodezaratecampana.org\/index.php?rest_route=%2Fwp%2Fv2%2Fcategories&post=13761"},{"taxonomy":"post_tag","embeddable":true,"href":"https:\/\/obispadodezaratecampana.org\/index.php?rest_route=%2Fwp%2Fv2%2Ftags&post=13761"}],"curies":[{"name":"wp","href":"https:\/\/api.w.org\/{rel}","templated":true}]}}