{"id":13758,"date":"2017-04-08T18:23:05","date_gmt":"2017-04-08T21:23:05","guid":{"rendered":"http:\/\/obispadodezaratecampana.org\/?p=13758"},"modified":"2017-04-08T18:23:05","modified_gmt":"2017-04-08T21:23:05","slug":"28-de-abril-nomeolvides-armenuhi-en-el-espacio-arte-en-las-fabricas-pilar","status":"publish","type":"post","link":"https:\/\/obispadodezaratecampana.org\/?p=13758","title":{"rendered":"28 de abril: \u201cNomeolvides Armenuhi\u201d en el Espacio Arte en las F\u00e1bricas, Pilar"},"content":{"rendered":"<div class=\"col-md-8\">\n<p class=\"lead\" style=\"font-weight: 300; text-align: justify;\"><span style=\"color: #000080;\">En la semana en que se recuerdan 102 a\u00f1os del Genocidio Armenio, Magda Tagtachian presenta en Pilar su libro \u201cNomeolvides Armenuhi, la historia de mi abuela armenia\u201d<\/span><\/p>\n<p class=\"lead\" style=\"font-weight: 300; text-align: justify;\"><span style=\"color: #000080;\">En la novela, publicada por Sudamericana, la periodista y escritora reconstruye la historia familiar y la vida de su abuela Armenuhi que significa \u201cMujer armenia\u201d. Cuando ten\u00eda apenas un a\u00f1o y medio, Armenuhi -que viv\u00eda en la aldea de Aintab, en el Imperio Otomano- debi\u00f3 huir escondida en la alforja de un burro, perseguida por el Imperio Otomano. Luego, a los siete, su pap\u00e1 la arroj\u00f3 de un tren en movimiento para salvarla de las deportaciones y las caravanas de la muerte a la que fueron sometidos los armenios. Entre 1915 y 1923, un mill\u00f3n y medio de personas con este origen fueron masacradas y asesinadas.<\/span><\/p>\n<p><span style=\"color: #000080;\">Junto a una exposici\u00f3n de fotos familiares antiguas, el show musical de Valeria Cherekian y la degustaci\u00f3n de comidas t\u00edpicas, el encuentro se propone homenajear a esta cultura milenaria y a todos los inmigrantes que con esfuerzo dedicaron su vida a conservar el legado, la historia de todo un pueblo y sus costumbres.<\/span><\/p>\n<p><span style=\"color: #000080;\">El encuentro ser\u00e1 el viernes 28 de abril, a las 19,30 horas, en el espacio cultural \u201cArte en las F\u00e1bricas\u201d del artista Alejandro Marmo. A trav\u00e9s de sus ra\u00edces armenias y el mensaje integrador de su obra, Marmo abre su taller espacio en la permanente b\u00fasqueda de Memoria, Verdad y Justicia.<\/span><\/p>\n<p><span style=\"color: #000080;\">La entrada es libre y gratuita, con reserva previa para confirmar asistencia al mail: encuentrosarteenlasfabricas@gmail.com. Direcci\u00f3n: Quirno Costa y R\u00edo Grande, Panamericana Km 61, Ramal Pilar, F\u00e1tima.<\/span><\/p>\n<p class=\"lead\" style=\"font-weight: 300; text-align: justify;\"><span style=\"color: #000080;\">Fuente: Infoban<\/span><\/p>\n<div class=\"space\"><\/div>\n<\/div>\n<div class=\"col-md-4\">\n<div>\n<table class=\"Texto\" border=\"0\" width=\"100%\" cellspacing=\"0\" cellpadding=\"0\" align=\"center\">\n<tbody>\n<tr>\n<td align=\"center\"><a id=\"hrefFoto\" style=\"color: #be1518;\" href=\"http:\/\/m.infoban.com.ar\/noticias.asp?cod_DES=80571&amp;ID_Seccion=7#\"><img decoding=\"async\" id=\"imgFoto\" src=\"http:\/\/www.infoban.com.ar\/\/imgnoticias2017\/_80571_tapa_542017_145758.JPG\" alt=\"Foto: Alejandra L\u00f3pez\" border=\"0\" \/><\/a><\/p>\n<div id=\"txtFoto\" class=\"item\">Foto: Alejandra L\u00f3pez<\/div>\n<\/td>\n<\/tr>\n<\/tbody>\n<\/table>\n<\/div>\n<\/div>\n<div class=\"col-md-12\">\n<div class=\"space\"><\/div>\n<\/div>\n<p><img fetchpriority=\"high\" decoding=\"async\" class=\"size-medium wp-image-13759 aligncenter\" src=\"http:\/\/obispadodezaratecampana.org\/wp-content\/uploads\/2017\/04\/17758323_623196527870261_3122117479841633885_o-300x194.jpg\" alt=\"17758323_623196527870261_3122117479841633885_o\" width=\"300\" height=\"194\" srcset=\"https:\/\/obispadodezaratecampana.org\/wp-content\/uploads\/2017\/04\/17758323_623196527870261_3122117479841633885_o-300x194.jpg 300w, https:\/\/obispadodezaratecampana.org\/wp-content\/uploads\/2017\/04\/17758323_623196527870261_3122117479841633885_o-1024x662.jpg 1024w, https:\/\/obispadodezaratecampana.org\/wp-content\/uploads\/2017\/04\/17758323_623196527870261_3122117479841633885_o.jpg 1280w\" sizes=\"(max-width: 300px) 100vw, 300px\" \/><\/p>\n<!-- AddThis Advanced Settings generic via filter on the_content --><!-- AddThis Share Buttons generic via filter on the_content -->","protected":false},"excerpt":{"rendered":"<p>En la semana en que se recuerdan 102 a\u00f1os del Genocidio Armenio, Magda Tagtachian presenta en Pilar su libro \u201cNomeolvides Armenuhi, la historia de mi [&hellip;]<!-- AddThis Advanced Settings generic via filter on get_the_excerpt --><!-- AddThis Share Buttons generic via filter on get_the_excerpt --><\/p>\n","protected":false},"author":2,"featured_media":13759,"comment_status":"open","ping_status":"open","sticky":false,"template":"","format":"standard","meta":{"footnotes":""},"categories":[4,1],"tags":[],"class_list":["post-13758","post","type-post","status-publish","format-standard","has-post-thumbnail","hentry","category-movimientosinstituciones","category-noticiasdiocesanas"],"_links":{"self":[{"href":"https:\/\/obispadodezaratecampana.org\/index.php?rest_route=\/wp\/v2\/posts\/13758","targetHints":{"allow":["GET"]}}],"collection":[{"href":"https:\/\/obispadodezaratecampana.org\/index.php?rest_route=\/wp\/v2\/posts"}],"about":[{"href":"https:\/\/obispadodezaratecampana.org\/index.php?rest_route=\/wp\/v2\/types\/post"}],"author":[{"embeddable":true,"href":"https:\/\/obispadodezaratecampana.org\/index.php?rest_route=\/wp\/v2\/users\/2"}],"replies":[{"embeddable":true,"href":"https:\/\/obispadodezaratecampana.org\/index.php?rest_route=%2Fwp%2Fv2%2Fcomments&post=13758"}],"version-history":[{"count":1,"href":"https:\/\/obispadodezaratecampana.org\/index.php?rest_route=\/wp\/v2\/posts\/13758\/revisions"}],"predecessor-version":[{"id":13760,"href":"https:\/\/obispadodezaratecampana.org\/index.php?rest_route=\/wp\/v2\/posts\/13758\/revisions\/13760"}],"wp:featuredmedia":[{"embeddable":true,"href":"https:\/\/obispadodezaratecampana.org\/index.php?rest_route=\/wp\/v2\/media\/13759"}],"wp:attachment":[{"href":"https:\/\/obispadodezaratecampana.org\/index.php?rest_route=%2Fwp%2Fv2%2Fmedia&parent=13758"}],"wp:term":[{"taxonomy":"category","embeddable":true,"href":"https:\/\/obispadodezaratecampana.org\/index.php?rest_route=%2Fwp%2Fv2%2Fcategories&post=13758"},{"taxonomy":"post_tag","embeddable":true,"href":"https:\/\/obispadodezaratecampana.org\/index.php?rest_route=%2Fwp%2Fv2%2Ftags&post=13758"}],"curies":[{"name":"wp","href":"https:\/\/api.w.org\/{rel}","templated":true}]}}