{"id":13750,"date":"2017-03-29T10:29:46","date_gmt":"2017-03-29T13:29:46","guid":{"rendered":"http:\/\/obispadodezaratecampana.org\/?p=13750"},"modified":"2017-03-29T11:58:46","modified_gmt":"2017-03-29T14:58:46","slug":"nombramientos-en-nuestra-diocesis-de-zarate-campana","status":"publish","type":"post","link":"https:\/\/obispadodezaratecampana.org\/?p=13750","title":{"rendered":"Correcci\u00f3n en Nombramientos de nuestra di\u00f3cesis de Z\u00e1rate \u2013 Campana"},"content":{"rendered":"<h4 style=\"color: rgb(102, 102, 102); text-align: justify;\"><span style=\"color: rgb(0, 0, 128);\">Corrigiendo las designaciones \u00a0de nuestro Obispo Pedro Laxague del d\u00eda 21 de marzo del 2017, se informa lo siguiente:<\/span><\/h4>\n<h4 style=\"text-align: justify;\"><span style=\"color: rgb(0, 0, 128);\">\u00a0El Padre Luciano Laitano se desempe\u00f1ar\u00e1 como Vicario Parroquial en las Parroquias Mar\u00eda de Nazareth y Santa Teresa de Calcuta, ambas de Z\u00e1rate. El Padre Dar\u00edo Cuello es, y contin\u00faa, como p\u00e1rroco de Mar\u00eda de Nazareth, y ser\u00e1 tambi\u00e9n Administrador Parroquial en Santa Teresa de Calcuta. <\/span><br \/>\n<span style=\"color: rgb(0, 0, 128);\">\u00a0Estas dos parroquias zarate\u00f1as estar\u00e1n entonces atendidas por los mencionados sacerdotes. <\/span><br \/>\n<span style=\"color: rgb(0, 0, 128);\">\u00a0Queda sin efecto el nombramiento de Luciano Laitano como Vicario Parroquial de la Parroquia Ntra. Sra. del Carmen de Z\u00e1rate, especificado en el anterior comunicado por un error. <\/span><\/p>\n<p><span style=\"color: rgb(0, 0, 128);\">\u00a0Se aclara que la Toma de Posesi\u00f3n en sus cargos, de todos los nuevos nombrados, ser\u00e1 despu\u00e9s de Pascua, el lunes 17 de abril. La Misa con la comunidad presidida con el Obispo se realizar\u00e1 en una fecha oportunamente consensuada.<\/span><\/h4>\n<h3 style=\"text-align: center;\"><span style=\"color: rgb(0, 0, 128);\">Nombramientos en nuestra di\u00f3cesis de Z\u00e1rate \u2013 Campana<\/span><\/h3>\n<p style=\"text-align: justify;\">\n<h4 style=\"color: rgb(102, 102, 102); text-align: justify;\"><span style=\"color: rgb(0, 0, 128);\">&#8211; Pbro. Lucas Mart\u00ednez, p\u00e1rroco de Santiago Ap\u00f3stol de Baradero.<\/span><\/h4>\n<h4 style=\"color: rgb(102, 102, 102); text-align: justify;\"><span class=\"text_exposed_show\" style=\"color: rgb(0, 0, 128);\"> &#8211; Pbro. Luciano Laitano, vicario parroquial de las parroquias Mar\u00eda de Nazareth y Santa Teresa de Calcula, ambas de Z\u00e1rate.\u00a0<\/span><\/h4>\n<h4 style=\"color: rgb(102, 102, 102); text-align: justify;\"><span class=\"text_exposed_show\" style=\"color: rgb(0, 0, 128);\"> &#8211; Pbro. Francisco Liaudat, p\u00e1rroco de Nuestra Se\u00f1ora de Luj\u00e1n de Z\u00e1rate.<\/span><\/h4>\n<h4 style=\"color: rgb(102, 102, 102); text-align: justify;\"><span class=\"text_exposed_show\" style=\"color: rgb(0, 0, 128);\"> &#8211; Pbro. Dar\u00edo Cuello, administrador parroquial de Santa Teresa de Calcuta, adem\u00e1s de su actual oficio de p\u00e1rroco en Mar\u00eda de Nazareth, ambas de Z\u00e1rate.<\/span><\/h4>\n<h4 style=\"color: rgb(102, 102, 102); text-align: justify;\"><span class=\"text_exposed_show\" style=\"color: rgb(0, 0, 128);\"> &#8211; Pbro. Atilio Rosatte, p\u00e1rroco de Nuestra Se\u00f1ora de F\u00e1tima, de Z\u00e1rate.<\/span><\/h4>\n<h4 style=\"color: rgb(102, 102, 102); text-align: justify;\"><span class=\"text_exposed_show\" style=\"color: rgb(0, 0, 128);\"> &#8211; Pbro. Adri\u00e1n L\u00e1zaro, p\u00e1rroco de Natividad del Se\u00f1or, de Escobar.<\/span><\/h4>\n<h4 style=\"color: rgb(102, 102, 102); text-align: justify;\"><span class=\"text_exposed_show\" style=\"color: rgb(0, 0, 128);\"> &#8211; Pbro. Alberto Evangelista, vicario parroquial de Natividad del Se\u00f1or, de Escobar.<\/span><\/h4>\n<h4 style=\"color: rgb(102, 102, 102); text-align: justify;\"><span class=\"text_exposed_show\" style=\"color: rgb(0, 0, 128);\"> &#8211; Pbro. Gabriel Micheli, administrador parroquial de San Luis Gonzaga, de Manzanares; adem\u00e1s de su actual oficio de p\u00e1rroco en Nuestra Se\u00f1ora de la Paz y San Francisco de As\u00eds de Pilar.<\/span><\/h4>\n<h4 style=\"color: rgb(102, 102, 102); text-align: justify;\"><span class=\"text_exposed_show\" style=\"color: rgb(0, 0, 128);\"> &#8211; Pbro. Marcelo Monteagudo, vicario parroquial de las parroquias San Luis Gonzaga de Manzanares y Nuestra Se\u00f1ora de la Paz y San Francisco de As\u00eds de Pilar.<\/span><\/h4>\n<h4 style=\"color: rgb(102, 102, 102); text-align: justify;\"><\/h4>\n<!-- AddThis Advanced Settings generic via filter on the_content --><!-- AddThis Share Buttons generic via filter on the_content -->","protected":false},"excerpt":{"rendered":"<p>Corrigiendo las designaciones \u00a0de nuestro Obispo Pedro Laxague del d\u00eda 21 de marzo del 2017, se informa lo siguiente: \u00a0El Padre Luciano Laitano se desempe\u00f1ar\u00e1 [&hellip;]<!-- AddThis Advanced Settings generic via filter on get_the_excerpt --><!-- AddThis Share Buttons generic via filter on get_the_excerpt --><\/p>\n","protected":false},"author":2,"featured_media":13751,"comment_status":"open","ping_status":"open","sticky":false,"template":"","format":"standard","meta":{"footnotes":""},"categories":[1,3],"tags":[],"class_list":["post-13750","post","type-post","status-publish","format-standard","has-post-thumbnail","hentry","category-noticiasdiocesanas","category-noticiasparroquiales"],"_links":{"self":[{"href":"https:\/\/obispadodezaratecampana.org\/index.php?rest_route=\/wp\/v2\/posts\/13750","targetHints":{"allow":["GET"]}}],"collection":[{"href":"https:\/\/obispadodezaratecampana.org\/index.php?rest_route=\/wp\/v2\/posts"}],"about":[{"href":"https:\/\/obispadodezaratecampana.org\/index.php?rest_route=\/wp\/v2\/types\/post"}],"author":[{"embeddable":true,"href":"https:\/\/obispadodezaratecampana.org\/index.php?rest_route=\/wp\/v2\/users\/2"}],"replies":[{"embeddable":true,"href":"https:\/\/obispadodezaratecampana.org\/index.php?rest_route=%2Fwp%2Fv2%2Fcomments&post=13750"}],"version-history":[{"count":3,"href":"https:\/\/obispadodezaratecampana.org\/index.php?rest_route=\/wp\/v2\/posts\/13750\/revisions"}],"predecessor-version":[{"id":13754,"href":"https:\/\/obispadodezaratecampana.org\/index.php?rest_route=\/wp\/v2\/posts\/13750\/revisions\/13754"}],"wp:featuredmedia":[{"embeddable":true,"href":"https:\/\/obispadodezaratecampana.org\/index.php?rest_route=\/wp\/v2\/media\/13751"}],"wp:attachment":[{"href":"https:\/\/obispadodezaratecampana.org\/index.php?rest_route=%2Fwp%2Fv2%2Fmedia&parent=13750"}],"wp:term":[{"taxonomy":"category","embeddable":true,"href":"https:\/\/obispadodezaratecampana.org\/index.php?rest_route=%2Fwp%2Fv2%2Fcategories&post=13750"},{"taxonomy":"post_tag","embeddable":true,"href":"https:\/\/obispadodezaratecampana.org\/index.php?rest_route=%2Fwp%2Fv2%2Ftags&post=13750"}],"curies":[{"name":"wp","href":"https:\/\/api.w.org\/{rel}","templated":true}]}}