{"id":13731,"date":"2017-03-13T15:05:34","date_gmt":"2017-03-13T18:05:34","guid":{"rendered":"http:\/\/obispadodezaratecampana.org\/?p=13731"},"modified":"2017-03-13T15:05:34","modified_gmt":"2017-03-13T18:05:34","slug":"13-de-marzo-cuarto-aniversario-eleccion-del-papa-francisco","status":"publish","type":"post","link":"https:\/\/obispadodezaratecampana.org\/?p=13731","title":{"rendered":"13 de marzo: Cuarto aniversario Elecci\u00f3n del Papa Francisco"},"content":{"rendered":"<p style=\"text-align: justify;\"><span style=\"color: #008000;\"><img fetchpriority=\"high\" decoding=\"async\" class=\" wp-image-13733 aligncenter\" src=\"http:\/\/obispadodezaratecampana.org\/wp-content\/uploads\/2017\/03\/17265021_1310148962413507_8120310175591587606_n-300x176.jpg\" alt=\"17265021_1310148962413507_8120310175591587606_n\" width=\"355\" height=\"208\" srcset=\"https:\/\/obispadodezaratecampana.org\/wp-content\/uploads\/2017\/03\/17265021_1310148962413507_8120310175591587606_n-300x176.jpg 300w, https:\/\/obispadodezaratecampana.org\/wp-content\/uploads\/2017\/03\/17265021_1310148962413507_8120310175591587606_n.jpg 550w\" sizes=\"(max-width: 355px) 100vw, 355px\" \/><\/span><\/p>\n<p style=\"text-align: justify;\"><span style=\"color: #008000;\"><em>\u00a0El 13 de marzo de 2013, pasar\u00e1 a la historia como el d\u00eda en el que el cardenal argentino Jorge Mario Bergoglio fue elegido Papa de la Iglesia Cat\u00f3lica, adoptando el nombre de Francisco y siendo el primer Pont\u00edfice latinoamericano. Han pasado ya cuatro a\u00f1os desde aquel d\u00eda en el que el mundo conoci\u00f3 la voz del Santo Padre.<\/em><\/span><\/p>\n<p style=\"text-align: justify;\"><span style=\"color: #008000;\"><em> Fuente: News.va<\/em><\/span><\/p>\n<p style=\"text-align: justify;\"><span style=\"color: #008000;\">Algunos p\u00e1rrafos de Laudato Si, la carta Enc\u00edclica de Francisco sobre la Creaci\u00f3n:<\/span><\/p>\n<h3 style=\"text-align: justify;\"><span style=\"color: #008000;\"><strong>San Francisco de As\u00eds<\/strong><\/span><\/h3>\n<p style=\"text-align: justify;\"><span style=\"color: #008000;\">10. No quiero desarrollar esta enc\u00edclica sin acudir a un modelo bello que puede motivarnos. Tom\u00e9 su nombre como gu\u00eda y como inspiraci\u00f3n en el momento de mi elecci\u00f3n como Obispo de Roma. Creo que Francisco es el ejemplo por excelencia del cuidado de lo que es d\u00e9bil y de una ecolog\u00eda integral, vivida con alegr\u00eda y autenticidad. Es el santo patrono de todos los que estudian y trabajan en torno a la ecolog\u00eda, amado tambi\u00e9n por muchos que no son cristianos. \u00c9l manifest\u00f3 una atenci\u00f3n particular hacia la creaci\u00f3n de Dios y hacia los m\u00e1s pobres y abandonados. Amaba y era amado por su alegr\u00eda, su entrega generosa, su coraz\u00f3n universal. Era un m\u00edstico y un peregrino que viv\u00eda con simplicidad y en una maravillosa armon\u00eda con Dios, con los otros, con la naturaleza y consigo mismo. En \u00e9l se advierte hasta qu\u00e9 punto son inseparables la preocupaci\u00f3n por la naturaleza, la justicia con los pobres, el compromiso con la sociedad y la paz interior.<\/span><\/p>\n<p style=\"text-align: justify;\"><span style=\"color: #008000;\">11. Su testimonio nos muestra tambi\u00e9n que una ecolog\u00eda integral requiere apertura hacia categor\u00edas que trascienden el lenguaje de las matem\u00e1ticas o de la biolog\u00eda y nos conectan con la esencia de lo humano. As\u00ed como sucede cuando nos enamoramos de una persona, cada vez que \u00e9l miraba el sol, la luna o los m\u00e1s peque\u00f1os animales, su reacci\u00f3n era cantar, incorporando en su alabanza a las dem\u00e1s criaturas. \u00c9l entraba en comunicaci\u00f3n con todo lo creado, y hasta predicaba a las flores \u00abinvit\u00e1ndolas a alabar al Se\u00f1or, como si gozaran del don de la raz\u00f3n\u00bb[19]. Su reacci\u00f3n era mucho m\u00e1s que una valoraci\u00f3n intelectual o un c\u00e1lculo econ\u00f3mico, porque para \u00e9l cualquier criatura era una hermana, unida a \u00e9l con lazos de cari\u00f1o. Por eso se sent\u00eda llamado a cuidar todo lo que existe. Su disc\u00edpulo san Buenaventura dec\u00eda de \u00e9l que, \u00ablleno de la mayor ternura al considerar el origen com\u00fan de todas las cosas, daba a todas las criaturas, por m\u00e1s despreciables que parecieran, el dulce nombre de hermanas\u00bb[20]. Esta convicci\u00f3n no puede ser despreciada como un romanticismo irracional, porque tiene consecuencias en las opciones que determinan nuestro comportamiento. Si nos acercamos a la naturaleza y al ambiente sin esta apertura al estupor y a la maravilla, si ya no hablamos el lenguaje de la fraternidad y de la belleza en nuestra relaci\u00f3n con el mundo, nuestras actitudes ser\u00e1n las del dominador, del consumidor o del mero explotador de recursos, incapaz de poner un l\u00edmite a sus intereses inmediatos. En cambio, si nos sentimos \u00edntimamente unidos a todo lo que existe, la sobriedad y el cuidado brotar\u00e1n de modo espont\u00e1neo. La pobreza y la austeridad de san Francisco no eran un ascetismo meramente exterior, sino algo m\u00e1s radical: una renuncia a convertir la realidad en mero objeto de uso y de dominio.<\/span><\/p>\n<p style=\"text-align: justify;\"><span style=\"color: #008000;\">12. Por otra parte, san Francisco, fiel a la Escritura, nos propone reconocer la naturaleza como un espl\u00e9ndido libro en el cual Dios nos habla y nos refleja algo de su hermosura y de su bondad: \u00abA trav\u00e9s de la grandeza y de la belleza de las criaturas, se conoce por analog\u00eda al autor\u00bb (Sb 13,5), y \u00absu eterna potencia y divinidad se hacen visibles para la inteligencia a trav\u00e9s de sus obras desde la creaci\u00f3n del mundo\u00bb (Rm 1,20). Por eso, \u00e9l ped\u00eda que en el convento siempre se dejara una parte del huerto sin cultivar, para que crecieran las hierbas silvestres, de manera que quienes las admiraran pudieran elevar su pensamiento a Dios, autor de tanta belleza[21]. El mundo es algo m\u00e1s que un problema a resolver, es un misterio gozoso que contemplamos con jubilosa alabanza.<\/span><\/p>\n<p style=\"text-align: justify;\"><span style=\"color: #008000;\">Mi llamado<\/span><\/p>\n<p style=\"text-align: justify;\"><span style=\"color: #008000;\">13. El desaf\u00edo urgente de proteger nuestra casa com\u00fan incluye la preocupaci\u00f3n de unir a toda la familia humana en la b\u00fasqueda de un desarrollo sostenible e integral, pues sabemos que las cosas pueden cambiar. El Creador no nos abandona, nunca hizo marcha atr\u00e1s en su proyecto de amor, no se arrepiente de habernos creado. La humanidad a\u00fan posee la capacidad de colaborar para construir nuestra casa com\u00fan. Deseo reconocer, alentar y dar las gracias a todos los que, en los m\u00e1s variados sectores de la actividad humana, est\u00e1n trabajando para garantizar la protecci\u00f3n de la casa que compartimos. Merecen una gratitud especial quienes luchan con vigor para resolver las consecuencias dram\u00e1ticas de la degradaci\u00f3n ambiental en las vidas de los m\u00e1s pobres del mundo. Los j\u00f3venes nos reclaman un cambio. Ellos se preguntan c\u00f3mo es posible que se pretenda construir un futuro mejor sin pensar en la crisis del ambiente y en los sufrimientos de los excluidos.<\/span><\/p>\n<p style=\"text-align: justify;\"><span style=\"color: #008000;\">14. Hago una invitaci\u00f3n urgente a un nuevo di\u00e1logo sobre el modo como estamos construyendo el futuro del planeta. Necesitamos una conversaci\u00f3n que nos una a todos, porque el desaf\u00edo ambiental que vivimos, y sus ra\u00edces humanas, nos interesan y nos impactan a todos. El movimiento ecol\u00f3gico mundial ya ha recorrido un largo y rico camino, y ha generado numerosas agrupaciones ciudadanas que ayudaron a la concientizaci\u00f3n. Lamentablemente, muchos esfuerzos para buscar soluciones concretas a la crisis ambiental suelen ser frustrados no s\u00f3lo por el rechazo de los poderosos, sino tambi\u00e9n por la falta de inter\u00e9s de los dem\u00e1s. Las actitudes que obstruyen los caminos de soluci\u00f3n, aun entre los creyentes, van de la negaci\u00f3n del problema a la indiferencia, la resignaci\u00f3n c\u00f3moda o la confianza ciega en las soluciones t\u00e9cnicas. Necesitamos una solidaridad universal nueva. Como dijeron los Obispos de Sud\u00e1frica, \u00abse necesitan los talentos y la implicaci\u00f3n de todos para reparar el da\u00f1o causado por el abuso humano a la creaci\u00f3n de Dios\u00bb[22]. Todos podemos colaborar como instrumentos de Dios para el cuidado de la creaci\u00f3n, cada uno desde su cultura, su experiencia, sus iniciativas y sus capacidades.<\/span><\/p>\n<!-- AddThis Advanced Settings generic via filter on the_content --><!-- AddThis Share Buttons generic via filter on the_content -->","protected":false},"excerpt":{"rendered":"<p>\u00a0El 13 de marzo de 2013, pasar\u00e1 a la historia como el d\u00eda en el que el cardenal argentino Jorge Mario Bergoglio fue elegido Papa [&hellip;]<!-- AddThis Advanced Settings generic via filter on get_the_excerpt --><!-- AddThis Share Buttons generic via filter on get_the_excerpt --><\/p>\n","protected":false},"author":2,"featured_media":13733,"comment_status":"open","ping_status":"open","sticky":false,"template":"","format":"standard","meta":{"footnotes":""},"categories":[161,1],"tags":[],"class_list":["post-13731","post","type-post","status-publish","format-standard","has-post-thumbnail","hentry","category-el-papa-leonxiv","category-noticiasdiocesanas"],"_links":{"self":[{"href":"https:\/\/obispadodezaratecampana.org\/index.php?rest_route=\/wp\/v2\/posts\/13731","targetHints":{"allow":["GET"]}}],"collection":[{"href":"https:\/\/obispadodezaratecampana.org\/index.php?rest_route=\/wp\/v2\/posts"}],"about":[{"href":"https:\/\/obispadodezaratecampana.org\/index.php?rest_route=\/wp\/v2\/types\/post"}],"author":[{"embeddable":true,"href":"https:\/\/obispadodezaratecampana.org\/index.php?rest_route=\/wp\/v2\/users\/2"}],"replies":[{"embeddable":true,"href":"https:\/\/obispadodezaratecampana.org\/index.php?rest_route=%2Fwp%2Fv2%2Fcomments&post=13731"}],"version-history":[{"count":1,"href":"https:\/\/obispadodezaratecampana.org\/index.php?rest_route=\/wp\/v2\/posts\/13731\/revisions"}],"predecessor-version":[{"id":13734,"href":"https:\/\/obispadodezaratecampana.org\/index.php?rest_route=\/wp\/v2\/posts\/13731\/revisions\/13734"}],"wp:featuredmedia":[{"embeddable":true,"href":"https:\/\/obispadodezaratecampana.org\/index.php?rest_route=\/wp\/v2\/media\/13733"}],"wp:attachment":[{"href":"https:\/\/obispadodezaratecampana.org\/index.php?rest_route=%2Fwp%2Fv2%2Fmedia&parent=13731"}],"wp:term":[{"taxonomy":"category","embeddable":true,"href":"https:\/\/obispadodezaratecampana.org\/index.php?rest_route=%2Fwp%2Fv2%2Fcategories&post=13731"},{"taxonomy":"post_tag","embeddable":true,"href":"https:\/\/obispadodezaratecampana.org\/index.php?rest_route=%2Fwp%2Fv2%2Ftags&post=13731"}],"curies":[{"name":"wp","href":"https:\/\/api.w.org\/{rel}","templated":true}]}}