{"id":13718,"date":"2017-03-05T11:35:21","date_gmt":"2017-03-05T14:35:21","guid":{"rendered":"http:\/\/obispadodezaratecampana.org\/?p=13718"},"modified":"2017-03-05T11:35:21","modified_gmt":"2017-03-05T14:35:21","slug":"familiarizarse-con-la-biblia-para-luchar-contra-el-mal-el-papa-en-el-angelus-del-5-de-marzo-2017","status":"publish","type":"post","link":"https:\/\/obispadodezaratecampana.org\/?p=13718","title":{"rendered":"Familiarizarse con la Biblia para luchar contra el mal. El Papa en el \u00c1ngelus del 5 de marzo 2017"},"content":{"rendered":"<p style=\"text-align: justify;\">(RV).- Familiarizarse con la Biblia: leerla a menudo, meditarla, asimilarla. Fue la indicaci\u00f3n del Papa Francisco tras meditar, antes de la oraci\u00f3n del \u00c1ngelus, sobre el Evangelio del primer domingo de Cuaresma que cada a\u00f1o presenta el episodio de las tentaciones de Jes\u00fas en el desierto.<\/p>\n<p style=\"text-align: justify;\">En el domingo en que adem\u00e1s se da inicio a los ejercicios espirituales del Papa y de la Curia Romana, el pont\u00edfice rez\u00f3 el \u00c1ngelus en la Plaza de san Pedro &#8211; repleta de peregrinos a pesar del mal tiempo &#8211; , y tras reflexionar sobre las tentaciones de Jes\u00fas en el desierto, afirm\u00f3 que en este tiempo cuaresmal estamos invitados a seguir las huellas de Jes\u00fas y a hacer frente a la batalla espiritual contra el maligno con la fuerza de la Palabra de Dios.<\/p>\n<p style=\"text-align: justify;\">Para explicar este llamado que como cristianos tenemos en estos cuarenta d\u00edas que preceden a la Pascua, pregunt\u00f3 a los fieles presentes qu\u00e9 suceder\u00eda si trat\u00e1semos la Biblia como tratamos a nuestro tel\u00e9fono m\u00f3vil, es decir, si la llev\u00e1ramos siempre con nosotros, si regres\u00e1ramos a buscarla cuando nos la olvidamos, si la abri\u00e9ramos varias veces al d\u00eda, y ley\u00e9ramos los mensajes en ella contenida. Esto porque, para hacer frente a la batalla contra el mal, necesitamos estar familiarizados con la Palabra de Dios.<\/p>\n<p style=\"text-align: justify;\">\u201cUna comparaci\u00f3n parad\u00f3jica\u201d, se\u00f1al\u00f3 el pont\u00edfice, pero que \u201chace reflexionar\u201d, porque de hecho, \u201csi tuvi\u00e9ramos la Palabra de Dios siempre en el coraz\u00f3n, ninguna tentaci\u00f3n podr\u00eda alejarnos de Dios y ning\u00fan obst\u00e1culo podr\u00eda desviarnos del camino del bien\u201d.<\/p>\n<p style=\"text-align: justify;\">A continuaci\u00f3n, el texto \u00a0de la reflexi\u00f3n del Papa antes de la oraci\u00f3n del \u00c1ngelus:<\/p>\n<p style=\"text-align: justify;\">Queridos hermanos y hermanas, \u00a1buenos d\u00edas!<\/p>\n<p style=\"text-align: justify;\">En este primer domingo de Cuaresma, el Evangelio introduce en el camino hacia la Pascua, y nos muestra a Jes\u00fas que permanece durante cuarenta d\u00edas en el desierto, sujeto a las tentaciones del diablo (cf. Mt 4,1-11). Este episodio se coloca en un momento preciso de la vida de Jes\u00fas: inmediatamente despu\u00e9s de su bautismo en el r\u00edo Jord\u00e1n y antes del ministerio p\u00fablico. \u00c9l acaba de recibir la investidura solemne: el Esp\u00edritu de Dios descendi\u00f3 sobre \u00c9l, el Padre del cielo lo declar\u00f3 &#8220;Mi Hijo amado&#8221; (Mateo 3:17). Jes\u00fas est\u00e1 ya listo para comenzar su misi\u00f3n; y porque tiene un enemigo declarado, es decir, Satan\u00e1s, \u00c9l lo afronta de inmediato, &#8220;cuerpo a cuerpo&#8221;. El diablo hace presi\u00f3n sobre el t\u00edtulo de &#8220;Hijo de Dios&#8221; para alejar a Jes\u00fas del cumplimiento de su misi\u00f3n: &#8220;Si eres Hijo de Dios &#8230;&#8221;, le repite tres veces(v 3.6), y le propone hacer gestos milagrosos, de hacer el mago, como convertir las piedras en pan para satisfacer su hambre, y saltar de los muros del templo haci\u00e9ndose salvar por los \u00e1ngeles. A estas dos tentaciones, sigue la tercera: adorarlo a \u00e9l, el diablo, para tener el dominio sobre el mundo (cf. v. 9).<\/p>\n<p style=\"text-align: justify;\">Mediante esta triple tentaci\u00f3n, Satan\u00e1s quiere desviar a Jes\u00fas de la senda de la obediencia y la humillaci\u00f3n &#8211; porque sabe que as\u00ed, por este camino, el mal ser\u00e1 vencido &#8211; y llevarlo por el falso atajo hacia el \u00e9xito y la gloria. Pero las flechas venenosas del diablo son todas los &#8220;paradas&#8221; por Jes\u00fas con el escudo de la Palabra de Dios (vv. 4.7.10) que expresa la voluntad del Padre. Jes\u00fas no dice alguna palabra propia: s\u00f3lo responde con la Palabra de Dios. Y as\u00ed el Hijo, lleno de la fuerza del Esp\u00edritu Santo, sale victorioso del desierto.<\/p>\n<p style=\"text-align: justify;\">Durante los cuarenta d\u00edas de la Cuaresma, como cristianos estamos invitados a seguir las huellas de Jes\u00fas y a hacer frente a la batalla espiritual contra el maligno con la fuerza de la Palabra de Dios. No con nuestra palabra: no sirve. La Palabra de Dios: aquella que tiene la fuerza para derrotar a Satan\u00e1s. Para ello hay que familiarizarse con la Biblia: leerla menudo, meditarla, asimilarla. La Biblia contiene la Palabra de Dios, que siempre es actual y eficaz. Alguien dijo: \u00bfqu\u00e9 pasar\u00eda si tratamos la Biblia como tratamos a nuestro tel\u00e9fono m\u00f3vil? Si la llev\u00e1ramos siempre con nosotros, o al menos el peque\u00f1o Evangelio de bolsillo, \u00bfqu\u00e9 suceder\u00eda? Si nos volvi\u00e9ramos cuando nos la olvidamos: t\u00fa te olvidas el tel\u00e9fono celular&#8230; &#8220;\u00a1\u00fah! \u00a1No lo tengo, vuelvo a buscarlo!&#8221;. Si la abri\u00e9ramos varias veces al d\u00eda; si ley\u00e9ramos los mensajes de Dios contenidos en la Biblia como leemos los mensajes del tel\u00e9fono&#8230; \u00bfqu\u00e9 suceder\u00eda? Claramente la comparaci\u00f3n es parad\u00f3jica, pero hace reflexionar. De hecho, si tuvi\u00e9ramos la Palabra de Dios siempre en el coraz\u00f3n, ninguna tentaci\u00f3n podr\u00eda alejarnos de Dios y ning\u00fan obst\u00e1culo podr\u00eda desviarnos del camino del bien; sabr\u00edamos vencer las sugerencias cotidianas del mal que est\u00e1 en nosotros y fuera de nosotros; ser\u00edamos m\u00e1s capaces de vivir una vida resucitada seg\u00fan el Esp\u00edritu, acogiendo y amando a nuestros hermanos, especialmente a los m\u00e1s vulnerables y necesitados, y tambi\u00e9n a nuestros enemigos.<\/p>\n<p style=\"text-align: justify;\">Que la Virgen Mar\u00eda, \u00edcono perfecto de la obediencia a Dios y de la confianza incondicional a su voluntad, nos sostenga en nuestro camino cuaresmal, a fin de que nos pongamos en d\u00f3cil escucha de la Palabra de Dios para hacer una verdadera conversi\u00f3n del coraz\u00f3n.<\/p>\n<p style=\"text-align: justify;\">(Griselda Mutual &#8211; Radio Vaticano)<\/p>\n<p style=\"text-align: justify;\">(from Vatican Radio)<\/p>\n<!-- AddThis Advanced Settings generic via filter on the_content --><!-- AddThis Share Buttons generic via filter on the_content -->","protected":false},"excerpt":{"rendered":"<p>(RV).- Familiarizarse con la Biblia: leerla a menudo, meditarla, asimilarla. Fue la indicaci\u00f3n del Papa Francisco tras meditar, antes de la oraci\u00f3n del \u00c1ngelus, sobre [&hellip;]<!-- AddThis Advanced Settings generic via filter on get_the_excerpt --><!-- AddThis Share Buttons generic via filter on get_the_excerpt --><\/p>\n","protected":false},"author":2,"featured_media":13719,"comment_status":"open","ping_status":"open","sticky":false,"template":"","format":"standard","meta":{"footnotes":""},"categories":[161,1],"tags":[],"class_list":["post-13718","post","type-post","status-publish","format-standard","has-post-thumbnail","hentry","category-el-papa-leonxiv","category-noticiasdiocesanas"],"_links":{"self":[{"href":"https:\/\/obispadodezaratecampana.org\/index.php?rest_route=\/wp\/v2\/posts\/13718","targetHints":{"allow":["GET"]}}],"collection":[{"href":"https:\/\/obispadodezaratecampana.org\/index.php?rest_route=\/wp\/v2\/posts"}],"about":[{"href":"https:\/\/obispadodezaratecampana.org\/index.php?rest_route=\/wp\/v2\/types\/post"}],"author":[{"embeddable":true,"href":"https:\/\/obispadodezaratecampana.org\/index.php?rest_route=\/wp\/v2\/users\/2"}],"replies":[{"embeddable":true,"href":"https:\/\/obispadodezaratecampana.org\/index.php?rest_route=%2Fwp%2Fv2%2Fcomments&post=13718"}],"version-history":[{"count":1,"href":"https:\/\/obispadodezaratecampana.org\/index.php?rest_route=\/wp\/v2\/posts\/13718\/revisions"}],"predecessor-version":[{"id":13720,"href":"https:\/\/obispadodezaratecampana.org\/index.php?rest_route=\/wp\/v2\/posts\/13718\/revisions\/13720"}],"wp:featuredmedia":[{"embeddable":true,"href":"https:\/\/obispadodezaratecampana.org\/index.php?rest_route=\/wp\/v2\/media\/13719"}],"wp:attachment":[{"href":"https:\/\/obispadodezaratecampana.org\/index.php?rest_route=%2Fwp%2Fv2%2Fmedia&parent=13718"}],"wp:term":[{"taxonomy":"category","embeddable":true,"href":"https:\/\/obispadodezaratecampana.org\/index.php?rest_route=%2Fwp%2Fv2%2Fcategories&post=13718"},{"taxonomy":"post_tag","embeddable":true,"href":"https:\/\/obispadodezaratecampana.org\/index.php?rest_route=%2Fwp%2Fv2%2Ftags&post=13718"}],"curies":[{"name":"wp","href":"https:\/\/api.w.org\/{rel}","templated":true}]}}