{"id":13713,"date":"2017-03-03T15:52:05","date_gmt":"2017-03-03T18:52:05","guid":{"rendered":"http:\/\/obispadodezaratecampana.org\/?p=13713"},"modified":"2017-03-05T11:19:33","modified_gmt":"2017-03-05T14:19:33","slug":"abierta-la-inscripcion-seminario-catequistico-divino-maestro","status":"publish","type":"post","link":"https:\/\/obispadodezaratecampana.org\/?p=13713","title":{"rendered":"Abierta la Inscripci\u00f3n: Seminario Catequ\u00edstico Divino Maestro en Campana"},"content":{"rendered":"<h2 style=\"text-align: center;\"><span style=\"color: #ff6600;\"><strong>&#8220;Seminario Catequ\u00edstico Divino Maestro&#8221;<\/strong><\/span><\/h2>\n<h3 style=\"text-align: center;\"><span style=\"color: #ff6600;\">Abierta la inscripci\u00f3n para el Ciclo Lectivo 2017 &#8211; primer cuatrimestre-. Destinado a las personas que quieran profundizar en su formaci\u00f3n (laicos y\/o catequistas) y que desean cumplir con la misi\u00f3n que Jesucristo nos pide de evangelizar.<\/span><\/h3>\n<h3 style=\"text-align: justify;\"><span style=\"color: #993300;\">Se otorga t\u00edtulo y certificado para el <strong>Ministerio de la Catequesis<\/strong> avalado por la Junta Diocesana de Catequesis.<\/span><\/h3>\n<h4 style=\"text-align: justify;\"><span style=\"color: #993300;\">Duraci\u00f3n: 3 a\u00f1os. No es necesario tener estudios secundarios completos.<\/span><\/h4>\n<h4 style=\"text-align: justify;\"><span style=\"color: #993300;\">Pueden hacerlo rindiendo los ex\u00e1menes o de oyentes para profundizar la fe.<\/span><\/h4>\n<h4 style=\"text-align: justify;\"><span style=\"color: #993300;\">Se cursa los d\u00edas mi\u00e9rcoles de 18:15 a 21: 30 hs en el Edificio del Seminario Diocesano San Pedro y San Pablo, Calle G\u00fcemes 1117 (Esquina Chiclana), Campana.\u00a0<\/span><\/h4>\n<h4 style=\"text-align: justify;\"><span style=\"color: #993300;\">Inicio de Clases 5 de abril del a\u00f1o 2017.\u00a0<\/span><\/h4>\n<h4 style=\"text-align: justify;\"><span style=\"color: #993300;\">Pueden ingresar los que deseen a primer a\u00f1o y los alumnos que adeuden materias pueden retomarlas. APROVECHEN OPORTUNIDAD!!<\/span><\/h4>\n<h4 style=\"text-align: justify;\"><span style=\"color: #993300;\">Informes e inscripci\u00f3n: semcatdivinomaestro@gmail.com<\/span><\/h4>\n<h4 style=\"text-align: justify;\"><span style=\"color: #993300;\">Tel\u00e9fono: 03489 &#8211; 422187 \u00a0&#8211; Secretar\u00eda Parroquial\u00a0<\/span><\/h4>\n<h4><span style=\"color: #993300;\">Para descargar el afiche ingresar en el siguiente enlace:<\/span><\/h4>\n<p><a title=\"seminario\" href=\"https:\/\/drive.google.com\/file\/d\/0B_J1pci5_523enhMekItNXcxc2M\/view?usp=sharing\" target=\"_blank\">https:\/\/drive.google.com\/file\/d\/0B_J1pci5_523enhMekItNXcxc2M\/view?usp=sharing<\/a><\/p>\n<p>&nbsp;<\/p>\n<p><img fetchpriority=\"high\" decoding=\"async\" class=\" wp-image-13714 aligncenter\" src=\"http:\/\/obispadodezaratecampana.org\/wp-content\/uploads\/2017\/03\/seminario-300x212.jpg\" alt=\"seminario\" width=\"282\" height=\"280\" \/><\/p>\n<!-- AddThis Advanced Settings generic via filter on the_content --><!-- AddThis Share Buttons generic via filter on the_content -->","protected":false},"excerpt":{"rendered":"<p>&#8220;Seminario Catequ\u00edstico Divino Maestro&#8221; Abierta la inscripci\u00f3n para el Ciclo Lectivo 2017 &#8211; primer cuatrimestre-. Destinado a las personas que quieran profundizar en su formaci\u00f3n [&hellip;]<!-- AddThis Advanced Settings generic via filter on get_the_excerpt --><!-- AddThis Share Buttons generic via filter on get_the_excerpt --><\/p>\n","protected":false},"author":2,"featured_media":13714,"comment_status":"open","ping_status":"open","sticky":false,"template":"","format":"standard","meta":{"footnotes":""},"categories":[4,1],"tags":[],"class_list":["post-13713","post","type-post","status-publish","format-standard","has-post-thumbnail","hentry","category-movimientosinstituciones","category-noticiasdiocesanas"],"_links":{"self":[{"href":"https:\/\/obispadodezaratecampana.org\/index.php?rest_route=\/wp\/v2\/posts\/13713","targetHints":{"allow":["GET"]}}],"collection":[{"href":"https:\/\/obispadodezaratecampana.org\/index.php?rest_route=\/wp\/v2\/posts"}],"about":[{"href":"https:\/\/obispadodezaratecampana.org\/index.php?rest_route=\/wp\/v2\/types\/post"}],"author":[{"embeddable":true,"href":"https:\/\/obispadodezaratecampana.org\/index.php?rest_route=\/wp\/v2\/users\/2"}],"replies":[{"embeddable":true,"href":"https:\/\/obispadodezaratecampana.org\/index.php?rest_route=%2Fwp%2Fv2%2Fcomments&post=13713"}],"version-history":[{"count":3,"href":"https:\/\/obispadodezaratecampana.org\/index.php?rest_route=\/wp\/v2\/posts\/13713\/revisions"}],"predecessor-version":[{"id":13717,"href":"https:\/\/obispadodezaratecampana.org\/index.php?rest_route=\/wp\/v2\/posts\/13713\/revisions\/13717"}],"wp:featuredmedia":[{"embeddable":true,"href":"https:\/\/obispadodezaratecampana.org\/index.php?rest_route=\/wp\/v2\/media\/13714"}],"wp:attachment":[{"href":"https:\/\/obispadodezaratecampana.org\/index.php?rest_route=%2Fwp%2Fv2%2Fmedia&parent=13713"}],"wp:term":[{"taxonomy":"category","embeddable":true,"href":"https:\/\/obispadodezaratecampana.org\/index.php?rest_route=%2Fwp%2Fv2%2Fcategories&post=13713"},{"taxonomy":"post_tag","embeddable":true,"href":"https:\/\/obispadodezaratecampana.org\/index.php?rest_route=%2Fwp%2Fv2%2Ftags&post=13713"}],"curies":[{"name":"wp","href":"https:\/\/api.w.org\/{rel}","templated":true}]}}