{"id":13709,"date":"2017-03-01T15:26:07","date_gmt":"2017-03-01T18:26:07","guid":{"rendered":"http:\/\/obispadodezaratecampana.org\/?p=13709"},"modified":"2017-03-01T15:26:07","modified_gmt":"2017-03-01T18:26:07","slug":"miercoles-de-ceniza-conviertanse-y-crean-en-el-evangelio","status":"publish","type":"post","link":"https:\/\/obispadodezaratecampana.org\/?p=13709","title":{"rendered":"Mi\u00e9rcoles de Ceniza: \u201cConvi\u00e9rtanse y crean en el Evangelio\u201d"},"content":{"rendered":"<p style=\"text-align: justify;\"><span style=\"color: rgb(128, 0, 128);\"><img fetchpriority=\"high\" decoding=\"async\" class=\" wp-image-13708 aligncenter\" src=\"http:\/\/obispadodezaratecampana.org\/wp-content\/uploads\/2017\/03\/16998842_1543159349028431_1876859694949021042_n-300x199.jpg\" alt=\"16998842_1543159349028431_1876859694949021042_n\" width=\"354\" height=\"235\" srcset=\"https:\/\/obispadodezaratecampana.org\/wp-content\/uploads\/2017\/03\/16998842_1543159349028431_1876859694949021042_n-300x199.jpg 300w, https:\/\/obispadodezaratecampana.org\/wp-content\/uploads\/2017\/03\/16998842_1543159349028431_1876859694949021042_n.jpg 800w\" sizes=\"(max-width: 354px) 100vw, 354px\" \/><\/span><\/p>\n<p style=\"text-align: justify;\"><strong><span style=\"color: #800080;\">Mi\u00e9rcoles de Ceniza &#8211; 1\u00b0 de marzo 2017<\/span><\/strong><\/p>\n<p style=\"text-align: justify;\"><span style=\"color: rgb(128, 0, 128);\">Texto de la catequesis del mi\u00e9rcoles 1 de marzo del Papa Francisco, sobre \u201cLa Cuaresma, camino de esperanza\u201d:<\/span><\/p>\n<p style=\"text-align: justify;\"><span style=\"color: rgb(128, 0, 128);\">Queridos amigos, hoy inicia la Cuaresma, el tiempo que precede y nos prepara a la celebraci\u00f3n de la Pascua. Es un tiempo de escucha de la Palabra de Dios y de conversi\u00f3n, de preparaci\u00f3n y de memoria del Bautismo, de reconciliaci\u00f3n con Dios y con los hermanos, de recurso m\u00e1s frecuente a las &#8220;armas de la penitencia cristiana&#8221;: la oraci\u00f3n, el ayuno y la limosna.<\/span><br \/>\n<span style=\"color: rgb(128, 0, 128);\">El comienzo de estos cuarenta d\u00edas de penitencia \u2013que finalizan el Jueves Santo- se caracteriza por el s\u00edmbolo de las Cenizas, que distingue la Liturgia del Mi\u00e9rcoles de Ceniza. Proviene de los antiguos ritos con los que los pecadores convertidos se somet\u00edan a la penitencia can\u00f3nica: el gesto de cubrirse con ceniza tiene el sentido de reconocer la propia fragilidad y mortalidad, que necesita ser redimida por la misericordia de Dios.<\/span><br \/>\n<span style=\"color: rgb(128, 0, 128);\">Las cenizas en la Biblia<\/span><br \/>\n<span style=\"color: rgb(128, 0, 128);\">En la Biblia, las cenizas son signo de la condici\u00f3n de fragilidad y debilidad del hombre. Por ejemplo, cuando Abraham dice: \u201cYo, que no soy m\u00e1s que polvo y ceniza, tengo el atrevimiento de dirigirme a mi Se\u00f1or\u201d (Gen 18,27). O cuando Job afirma: \u201cMe he convertido en polvo y ceniza\u201d (Job 30,19).<\/span><br \/>\n<span style=\"color: rgb(128, 0, 128);\">Pero las cenizas son tambi\u00e9n el signo exterior del pecador que se arrepiente de sus malas acciones y decide pedir perd\u00f3n al Se\u00f1or y cambiar de vida.<\/span><br \/>\n<span style=\"color: rgb(128, 0, 128);\">Es el caso de los habitantes de N\u00ednive, que se convierten gracias a la predicaci\u00f3n de Jon\u00e1s: \u201cJon\u00e1s comenz\u00f3 a internarse en la ciudad y camin\u00f3 durante todo un d\u00eda, proclamando: <\/span><br \/>\n<span style=\"color: rgb(128, 0, 128);\">\u00abDentro de cuarenta d\u00edas, N\u00ednive ser\u00e1 destruida\u00bb. Los ninivitas creyeron en Dios, decretaron un ayuno y se vistieron con ropa de penitencia, desde el m\u00e1s grande hasta el m\u00e1s peque\u00f1o. Cuando la noticia lleg\u00f3 al rey de N\u00ednive, este se levant\u00f3 de su trono, se quit\u00f3 su vestidura real, se visti\u00f3 con ropa de penitencia y se sent\u00f3 sobre ceniza\u201d (Jon\u00e1s 3,5-9).<\/span><br \/>\n<span style=\"color: rgb(128, 0, 128);\">En el libro de Judith leemos que, para hacer penitencia y pedir el auxilio del Se\u00f1or, \u201ctodos los israelitas que habitaban en Jerusal\u00e9n, hombres, mujeres y ni\u00f1os, se postraron ante el Templo, cubrieron de ceniza sus cabezas y extendieron sus sayales ante la presencia del Se\u00f1or\u201d.<\/span><br \/>\n<span style=\"color: rgb(128, 0, 128);\">El rito de las cenizas hoy<\/span><br \/>\n<span style=\"color: rgb(128, 0, 128);\">La Iglesia ha conservado el rito de la imposici\u00f3n de las cenizas como signo de la actitud del coraz\u00f3n penitente que estamos llamados a asumir en el camino cuaresmal. Recibir la ceniza es, por tanto, un gesto de gran significado interior: abre a la conversi\u00f3n y al esfuerzo de la renovaci\u00f3n pascual.<\/span><br \/>\n<span style=\"color: rgb(128, 0, 128);\">Las cenizas que nos impone el sacerdote se obtienen quemando ramos de olivo bendecidos el Domingo de Ramos del a\u00f1o anterior. Antes, el sacerdote acompa\u00f1aba la imposici\u00f3n con las palabras \u201cAcu\u00e9rdate de que eres polvo y en polvo te convertir\u00e1s\u201d, tomadas del G\u00e9nesis, 3,19, cuando Dios expulsa a Ad\u00e1n del Para\u00edso tras el pecado original.<\/span><br \/>\n<span style=\"color: rgb(128, 0, 128);\">Pero despu\u00e9s de la reforma lit\u00fargica del Concilio Vaticano II se utiliza la frase del Evangelio de San Marcos 1,15: \u201cConvi\u00e9rtanse y crean en el Evangelio\u201d. Se expresa as\u00ed tanto la dimensi\u00f3n penitencial de la Cuaresma como el aspecto positivo de conversi\u00f3n y retorno a Dios.<\/span><br \/>\n<span style=\"color: rgb(128, 0, 128);\">Durante la Cuaresma hemos de dirigir el esp\u00edritu hacia las realidades que son verdaderamente importantes; hace falta un esfuerzo evang\u00e9lico y una coherencia de vida traducida en buenas obras, en renuncia a lo superfluo, en solidaridad con los que sufren y ayuda a los necesitados.<\/span><br \/>\n<span style=\"color: rgb(128, 0, 128);\">Por una larga tradici\u00f3n eclesial, el tiempo de Cuaresma-Pascua est\u00e1 en relaci\u00f3n con el precepto de la Iglesia de confesar lo propios pecados graves al menos una vez al a\u00f1o, preferentemente en el tiempo pascual.<\/span><br \/>\n<span style=\"color: rgb(128, 0, 128);\">La pr\u00e1ctica del ayuno, tan caracter\u00edstica desde la antig\u00fcedad en este tiempo lit\u00fargico, es un &#8220;ejercicio&#8221; que libera voluntariamente de las necesidades de la vida terrena para redescubrir la necesidad de la vida que viene del cielo: &#8220;No s\u00f3lo de pan vive el hombre, sino de toda palabra que sale de la boca de Dios&#8221; (Mt 4,4).<\/span><br \/>\n<span style=\"color: rgb(128, 0, 128);\">En particular, hoy mi\u00e9rcoles hemos de guardar ayuno y abstenernos de comer carne; los viernes de Cuaresma son d\u00edas de abstinencia de carne, o de otro alimento que haya determinado la Conferencia Episcopal.<\/span><\/p>\n<p style=\"text-align: justify;\"><span style=\"color: #800080;\">Fuente: News.va<\/span><\/p>\n<!-- AddThis Advanced Settings generic via filter on the_content --><!-- AddThis Share Buttons generic via filter on the_content -->","protected":false},"excerpt":{"rendered":"<p>Mi\u00e9rcoles de Ceniza &#8211; 1\u00b0 de marzo 2017 Texto de la catequesis del mi\u00e9rcoles 1 de marzo del Papa Francisco, sobre \u201cLa Cuaresma, camino de [&hellip;]<!-- AddThis Advanced Settings generic via filter on get_the_excerpt --><!-- AddThis Share Buttons generic via filter on get_the_excerpt --><\/p>\n","protected":false},"author":2,"featured_media":13708,"comment_status":"open","ping_status":"open","sticky":false,"template":"","format":"standard","meta":{"footnotes":""},"categories":[161,1],"tags":[],"class_list":["post-13709","post","type-post","status-publish","format-standard","has-post-thumbnail","hentry","category-el-papa-leonxiv","category-noticiasdiocesanas"],"_links":{"self":[{"href":"https:\/\/obispadodezaratecampana.org\/index.php?rest_route=\/wp\/v2\/posts\/13709","targetHints":{"allow":["GET"]}}],"collection":[{"href":"https:\/\/obispadodezaratecampana.org\/index.php?rest_route=\/wp\/v2\/posts"}],"about":[{"href":"https:\/\/obispadodezaratecampana.org\/index.php?rest_route=\/wp\/v2\/types\/post"}],"author":[{"embeddable":true,"href":"https:\/\/obispadodezaratecampana.org\/index.php?rest_route=\/wp\/v2\/users\/2"}],"replies":[{"embeddable":true,"href":"https:\/\/obispadodezaratecampana.org\/index.php?rest_route=%2Fwp%2Fv2%2Fcomments&post=13709"}],"version-history":[{"count":1,"href":"https:\/\/obispadodezaratecampana.org\/index.php?rest_route=\/wp\/v2\/posts\/13709\/revisions"}],"predecessor-version":[{"id":13710,"href":"https:\/\/obispadodezaratecampana.org\/index.php?rest_route=\/wp\/v2\/posts\/13709\/revisions\/13710"}],"wp:featuredmedia":[{"embeddable":true,"href":"https:\/\/obispadodezaratecampana.org\/index.php?rest_route=\/wp\/v2\/media\/13708"}],"wp:attachment":[{"href":"https:\/\/obispadodezaratecampana.org\/index.php?rest_route=%2Fwp%2Fv2%2Fmedia&parent=13709"}],"wp:term":[{"taxonomy":"category","embeddable":true,"href":"https:\/\/obispadodezaratecampana.org\/index.php?rest_route=%2Fwp%2Fv2%2Fcategories&post=13709"},{"taxonomy":"post_tag","embeddable":true,"href":"https:\/\/obispadodezaratecampana.org\/index.php?rest_route=%2Fwp%2Fv2%2Ftags&post=13709"}],"curies":[{"name":"wp","href":"https:\/\/api.w.org\/{rel}","templated":true}]}}