{"id":13696,"date":"2017-02-20T15:08:08","date_gmt":"2017-02-20T18:08:08","guid":{"rendered":"http:\/\/obispadodezaratecampana.org\/?p=13696"},"modified":"2017-02-20T15:08:08","modified_gmt":"2017-02-20T18:08:08","slug":"nos-es-consentido-pedir-justicia-es-nuestro-deber-practicar-la-justicia","status":"publish","type":"post","link":"https:\/\/obispadodezaratecampana.org\/?p=13696","title":{"rendered":"&#8220;Nos es consentido pedir justicia; es nuestro deber practicar la justicia&#8221;"},"content":{"rendered":"<p style=\"text-align: justify;\">(RV).- \u201cAquello que Jes\u00fas nos quiere ense\u00f1ar es la neta distinci\u00f3n que debemos hacer entre la justicia y la venganza. Nos es consentido pedir justicia; es nuestro deber practicar la justicia. En cambio, nos es prohibido vengarnos o fomentar de cualquier modo la venganza, en cuanto es expresi\u00f3n del odio y de la violencia\u201d, lo dijo el Papa Francisco a los fieles y peregrinos presentes en la Plaza de San Pedro para rezar la oraci\u00f3n mariana del \u00c1ngelus del tercer domingo de febrero, VII Domingo del Tiempo Ordinario.<\/p>\n<p style=\"text-align: justify;\">En sus palabras pronunciadas antes de la oraci\u00f3n dominical, el Santo Padre reflexion\u00f3 sobre una las p\u00e1ginas que mejor expresa la \u201crevoluci\u00f3n\u201d cristiana, es decir, donde Jes\u00fas muestra la v\u00eda de la verdadera justicia mediante la ley del amor que supera aquella de la ley del tali\u00f3n, que predicaba: \u00abojo por ojo y diente por diente\u00bb. \u201cEsta antigua regla \u2013 precis\u00f3 el Pont\u00edfice \u2013 impon\u00eda aplicar a los transgresores penas equivalentes a los da\u00f1os causados: la muerte a qui\u00e9n hab\u00eda asesinado, la amputaci\u00f3n a qui\u00e9n hab\u00eda herido a alguien, y cosas as\u00ed\u201d. Jes\u00fas no pide a sus disc\u00edpulos de padecer el mal, al contrario, pide reaccionar, pero no con otro mal, sino con el bien. S\u00f3lo as\u00ed, dijo el Papa, se rompe la cadena del mal, y cambian verdaderamente las cosas.<\/p>\n<p style=\"text-align: justify;\">\u201cPara Jes\u00fas \u2013 agreg\u00f3 el Santo Padre \u2013 el rechazo de la violencia puede comportar tambi\u00e9n la renuncia a un leg\u00edtimo derecho. Pero esta renuncia no quiere decir que las exigencias de la justicia sean ignoradas o rebatidas; al contrario, el amor cristiano, que se manifiesta de modo especial en la misericordia, representa una realizaci\u00f3n superior de la justicia\u201d. Lo que Jes\u00fas nos quiere ense\u00f1ar, subray\u00f3 el Obispo de Roma, es la neta distinci\u00f3n que debemos hacer entre la justicia y la venganza. \u201cNos es consentido pedir justicia; es nuestro deber practicar la justicia. En cambio, nos es prohibido vengarnos o fomentar de cualquier modo la venganza, en cuanto es expresi\u00f3n del odio y de la violencia\u201d.<\/p>\n<p style=\"text-align: justify;\">La Virgen Mar\u00eda nos ayude a seguir a Jes\u00fas en este camino exigente, que de verdad exalta la dignidad humana, invoc\u00f3 el Papa Francisco, y nos hace vivir como hijos de nuestro Padre que est\u00e1 en los cielos. Que ella dijo el Papa, nos ayude a practicar la paciencia, el di\u00e1logo, el perd\u00f3n, y a ser as\u00ed artesanos de comuni\u00f3n y de fraternidad en nuestra vida cotidiana.<\/p>\n<p style=\"text-align: justify;\"><span style=\"color: #343434;\">Queridos hermanos y hermanas, \u00a1buenos d\u00edas!<\/span><\/p>\n<p style=\"text-align: justify;\">En el Evangelio de este domingo (Mt 5,38-48) \u2013 una de esas p\u00e1ginas que mejor expresa la \u201crevoluci\u00f3n\u201d cristiana \u2013 Jes\u00fas muestra la v\u00eda de la verdadera justicia mediante la ley del amor que supera aquella del tali\u00f3n, es decir, \u00abojo por ojo y diente por diente\u00bb. Esta antigua regla impon\u00eda aplicar a los transgresores penas equivalentes a los da\u00f1os causados: la muerte a qui\u00e9n hab\u00eda asesinado, la amputaci\u00f3n a qui\u00e9n hab\u00eda herido a alguien, y cosas as\u00ed. Jes\u00fas no pide a sus disc\u00edpulos de padecer el mal, al contrario, pide reaccionar, pero no con otro mal, sino con el bien. S\u00f3lo as\u00ed se rompe la cadena del mal: un mal lleva a otro mal, y otro trae otro mal\u2026 Se rompe esta cadena de mal, y cambian verdaderamente las cosas. El mal de hecho es un \u201cvac\u00edo\u201d, un vac\u00edo de bien, y un vac\u00edo no se puede llenar con otro vac\u00edo, sino s\u00f3lo con un \u201cpleno\u201d, es decir, con el bien. La represalia no lleva jam\u00e1s a la soluci\u00f3n de los conflictos. \u201cT\u00fa me lo has hecho, yo te lo har\u00e9\u201d, esto jam\u00e1s resuelve un conflicto, ni siquiera es cristiano.<\/p>\n<p style=\"text-align: justify;\">Para Jes\u00fas el rechazo de la violencia puede comportar tambi\u00e9n la renuncia a un leg\u00edtimo derecho; y pone algunos ejemplos: poner la otra mejilla, dar el propio vestuario o el propio dinero, aceptar otros sacrificios (Cfr. vv. 39-42). Pero esta renuncia no quiere decir que las exigencias de la justicia sean ignoradas o rebatidas; no, al contrario, el amor cristiano, que se manifiesta de modo especial en la misericordia, representa una realizaci\u00f3n superior de la justicia. Aquello que Jes\u00fas nos quiere ense\u00f1ar es la neta distinci\u00f3n que debemos hacer entre la justicia y la venganza. Distinguir entre justicia y venganza. La venganza no es jam\u00e1s justa. Nos es consentido pedir justicia; es nuestro deber practicar la justicia. En cambio, nos es prohibido vengarnos o fomentar de cualquier modo la venganza, en cuanto es expresi\u00f3n del odio y de la violencia.<\/p>\n<p style=\"text-align: justify;\">Jes\u00fas no quiere proponer un nuevo orden civil, sino en cambio, el mandamiento del amor al pr\u00f3jimo, que comprende tambi\u00e9n el amor a los enemigos: \u00abAmen a sus enemigos, rueguen por sus perseguidores\u00bb (v. 44). Y esto no es f\u00e1cil. Esta palabra no se debe entender como aprobaci\u00f3n del mal realizado por el enemigo, sino como invitaci\u00f3n a una perspectiva superior, a una perspectiva magn\u00e1nima, semejante a aquella del Padre celestial, quien \u2013 dice Jes\u00fas \u2013 \u00abhace salir el sol sobre malos y buenos y hace caer la lluvia sobre justos e injustos\u00bb (v. 45). Tambi\u00e9n el enemigo, de hecho, es una persona humana, creada como tal a imagen de Dios, si bien en el presente esta imagen se haya ofuscado por una conducta indigna.<\/p>\n<p style=\"text-align: justify;\">Cuando hablamos de \u201cenemigos\u201d no debemos pensar a quien sabe cu\u00e1les personas diversas y lejanas de nosotros; hablamos tambi\u00e9n de nosotros mismos, que podemos entrar en conflicto con nuestro pr\u00f3jimo, a veces con nuestros familiares. Cuantas enemistades en la familia, \u00a1cu\u00e1ntas! Pensemos en esto. Enemigos son tambi\u00e9n aquellos que hablan mal de nosotros, que nos calumnian y nos hacen da\u00f1o. Y no es f\u00e1cil digerir esto. A todos aquellos estamos llamados a responder con el bien, que tambi\u00e9n esto tiene sus estrategias, inspiradas en el amor.<\/p>\n<p style=\"text-align: justify;\">La Virgen Mar\u00eda nos ayude a seguir a Jes\u00fas en este camino exigente, que de verdad exalta la dignidad humana y nos hace vivir como hijos de nuestro Padre que est\u00e1 en los cielos. Nos ayude a practicar la paciencia, el di\u00e1logo, el perd\u00f3n, y a as\u00ed ser artesanos de comuni\u00f3n, artesanos de fraternidad en nuestra vida cotidiana, sobre todo en nuestra familia.<\/p>\n<p style=\"text-align: justify;\">(Traducci\u00f3n del italiano, Renato Martinez \u2013 Radio Vaticano)<\/p>\n<p style=\"text-align: justify;\">(from Vatican Radio) 19 de febrero 2017<\/p>\n<!-- AddThis Advanced Settings generic via filter on the_content --><!-- AddThis Share Buttons generic via filter on the_content -->","protected":false},"excerpt":{"rendered":"<p>(RV).- \u201cAquello que Jes\u00fas nos quiere ense\u00f1ar es la neta distinci\u00f3n que debemos hacer entre la justicia y la venganza. Nos es consentido pedir justicia; [&hellip;]<!-- AddThis Advanced Settings generic via filter on get_the_excerpt --><!-- AddThis Share Buttons generic via filter on get_the_excerpt --><\/p>\n","protected":false},"author":2,"featured_media":13697,"comment_status":"open","ping_status":"open","sticky":false,"template":"","format":"standard","meta":{"footnotes":""},"categories":[161,1],"tags":[],"class_list":["post-13696","post","type-post","status-publish","format-standard","has-post-thumbnail","hentry","category-el-papa-leonxiv","category-noticiasdiocesanas"],"_links":{"self":[{"href":"https:\/\/obispadodezaratecampana.org\/index.php?rest_route=\/wp\/v2\/posts\/13696","targetHints":{"allow":["GET"]}}],"collection":[{"href":"https:\/\/obispadodezaratecampana.org\/index.php?rest_route=\/wp\/v2\/posts"}],"about":[{"href":"https:\/\/obispadodezaratecampana.org\/index.php?rest_route=\/wp\/v2\/types\/post"}],"author":[{"embeddable":true,"href":"https:\/\/obispadodezaratecampana.org\/index.php?rest_route=\/wp\/v2\/users\/2"}],"replies":[{"embeddable":true,"href":"https:\/\/obispadodezaratecampana.org\/index.php?rest_route=%2Fwp%2Fv2%2Fcomments&post=13696"}],"version-history":[{"count":1,"href":"https:\/\/obispadodezaratecampana.org\/index.php?rest_route=\/wp\/v2\/posts\/13696\/revisions"}],"predecessor-version":[{"id":13698,"href":"https:\/\/obispadodezaratecampana.org\/index.php?rest_route=\/wp\/v2\/posts\/13696\/revisions\/13698"}],"wp:featuredmedia":[{"embeddable":true,"href":"https:\/\/obispadodezaratecampana.org\/index.php?rest_route=\/wp\/v2\/media\/13697"}],"wp:attachment":[{"href":"https:\/\/obispadodezaratecampana.org\/index.php?rest_route=%2Fwp%2Fv2%2Fmedia&parent=13696"}],"wp:term":[{"taxonomy":"category","embeddable":true,"href":"https:\/\/obispadodezaratecampana.org\/index.php?rest_route=%2Fwp%2Fv2%2Fcategories&post=13696"},{"taxonomy":"post_tag","embeddable":true,"href":"https:\/\/obispadodezaratecampana.org\/index.php?rest_route=%2Fwp%2Fv2%2Ftags&post=13696"}],"curies":[{"name":"wp","href":"https:\/\/api.w.org\/{rel}","templated":true}]}}