{"id":13678,"date":"2017-02-17T12:10:34","date_gmt":"2017-02-17T15:10:34","guid":{"rendered":"http:\/\/obispadodezaratecampana.org\/?p=13678"},"modified":"2017-02-20T15:44:12","modified_gmt":"2017-02-20T18:44:12","slug":"conferencia-brocheriana-y-retiro-ignaciano-en-caba","status":"publish","type":"post","link":"https:\/\/obispadodezaratecampana.org\/?p=13678","title":{"rendered":"Conferencia brocheriana y retiro ignaciano en CABA"},"content":{"rendered":"<p style=\"text-align: justify;\"><span style=\"color: #003366;\">El padre Guillermo Ortiz SJ, responsable de la Oficina de Promoci\u00f3n Am\u00e9rica Latina y de lengua espa\u00f1ola de Radio Vaticana, dictar\u00e1 una conferencia sobre el santo Cura Brochero y predicar\u00e1 un retiro ignaciano para operadores de comunicaci\u00f3n y cultura.\u00a0<\/span><\/p>\n<p style=\"text-align: justify;\"><span style=\"color: #003366;\">Ambas actividades del sacerdote jesuita argentino ser\u00e1n en la iglesia Regina Martyrum (Hip\u00f3lito Yrigoyen 2025, del barrio porte\u00f1o de Congreso).\u00a0<\/span> <span style=\"color: #003366;\">El viernes 17 de febrero, a las 18, el padre Ortiz disertar\u00e1 sobre \u201cEl santo Cura Brochero inspira a Francisco el modelo de pastor y de disc\u00edpulo misionero que propone en su pontificado\u201d. Luego a las 19.30, presidir\u00e1 la misa en la que se rogar\u00e1 por la intercesi\u00f3n del santo.\u00a0<\/span> <span style=\"color: #003366;\">El s\u00e1bado 18, de 9 a 16.30, el religioso dar\u00e1 un retiro ignaciano para operadores de comunicaci\u00f3n y cultura en el templo porte\u00f1o, entrando por Sarand\u00ed 65.\u00a0<\/span> <span style=\"color: #003366;\">\u201cEste a\u00f1o nos congregamos en torno a un concepto sobre el que nos habla el ap\u00f3stol Pedro en su primera carta y que retoma nuestro papa Francisco en muchas ocasiones: que nuestras vidas dejen huellas. Dejar huella es edificar. El santo Cura Brochero y la beata Mama Antula fueron capaces de salir al encuentro, montar hospitales de campa\u00f1a y dejar huellas concretas con sus actos y sus obras\u201d, se explica en la convocatoria.\u00a0<\/span> <span style=\"color: #003366;\">\u201cComo hombres y mujeres de la comunicaci\u00f3n, herramientas imprescindibles para hacer realidad en el siglo XXI el evangelio de Jes\u00fas, nuestro tema central ser\u00e1: \u2018Dejemos huella tras las huellas de Brochero y Mama Antula\u2019\u201d, se agrega.\u00a0<\/span> <span style=\"color: #003366;\">Los organizadores puntualizaron que el d\u00eda estar\u00e1 repartido entre la propuesta del tema de reflexi\u00f3n, momentos de oraci\u00f3n personal, di\u00e1logos en comunidad, almuerzo fraterno y Eucarist\u00eda.\u00a0<\/span> <span style=\"color: #003366;\">Inscripci\u00f3n previa: al 15-5934-1461 y por correo electr\u00f3nico\u00a0<a style=\"color: #3366cc;\" title=\"\" href=\"mailto:retiroignacianocomunicacion@gmail.com\" target=\"_blank\"><span style=\"color: #003366;\">retiroignacianocomunicacion@gmail.com<\/span><\/a>.+ \u00a0<\/span><\/p>\n<p style=\"text-align: justify;\"><span style=\"color: #003366;\">Fuente AICA<\/span><\/p>\n<!-- AddThis Advanced Settings generic via filter on the_content --><!-- AddThis Share Buttons generic via filter on the_content -->","protected":false},"excerpt":{"rendered":"<p>El padre Guillermo Ortiz SJ, responsable de la Oficina de Promoci\u00f3n Am\u00e9rica Latina y de lengua espa\u00f1ola de Radio Vaticana, dictar\u00e1 una conferencia sobre el [&hellip;]<!-- AddThis Advanced Settings generic via filter on get_the_excerpt --><!-- AddThis Share Buttons generic via filter on get_the_excerpt --><\/p>\n","protected":false},"author":2,"featured_media":13679,"comment_status":"open","ping_status":"open","sticky":false,"template":"","format":"standard","meta":{"footnotes":""},"categories":[5],"tags":[],"class_list":["post-13678","post","type-post","status-publish","format-standard","has-post-thumbnail","hentry","category-generales"],"_links":{"self":[{"href":"https:\/\/obispadodezaratecampana.org\/index.php?rest_route=\/wp\/v2\/posts\/13678","targetHints":{"allow":["GET"]}}],"collection":[{"href":"https:\/\/obispadodezaratecampana.org\/index.php?rest_route=\/wp\/v2\/posts"}],"about":[{"href":"https:\/\/obispadodezaratecampana.org\/index.php?rest_route=\/wp\/v2\/types\/post"}],"author":[{"embeddable":true,"href":"https:\/\/obispadodezaratecampana.org\/index.php?rest_route=\/wp\/v2\/users\/2"}],"replies":[{"embeddable":true,"href":"https:\/\/obispadodezaratecampana.org\/index.php?rest_route=%2Fwp%2Fv2%2Fcomments&post=13678"}],"version-history":[{"count":3,"href":"https:\/\/obispadodezaratecampana.org\/index.php?rest_route=\/wp\/v2\/posts\/13678\/revisions"}],"predecessor-version":[{"id":13682,"href":"https:\/\/obispadodezaratecampana.org\/index.php?rest_route=\/wp\/v2\/posts\/13678\/revisions\/13682"}],"wp:featuredmedia":[{"embeddable":true,"href":"https:\/\/obispadodezaratecampana.org\/index.php?rest_route=\/wp\/v2\/media\/13679"}],"wp:attachment":[{"href":"https:\/\/obispadodezaratecampana.org\/index.php?rest_route=%2Fwp%2Fv2%2Fmedia&parent=13678"}],"wp:term":[{"taxonomy":"category","embeddable":true,"href":"https:\/\/obispadodezaratecampana.org\/index.php?rest_route=%2Fwp%2Fv2%2Fcategories&post=13678"},{"taxonomy":"post_tag","embeddable":true,"href":"https:\/\/obispadodezaratecampana.org\/index.php?rest_route=%2Fwp%2Fv2%2Ftags&post=13678"}],"curies":[{"name":"wp","href":"https:\/\/api.w.org\/{rel}","templated":true}]}}