{"id":13657,"date":"2017-02-17T10:06:28","date_gmt":"2017-02-17T13:06:28","guid":{"rendered":"http:\/\/obispadodezaratecampana.org\/?p=13657"},"modified":"2017-02-17T10:11:09","modified_gmt":"2017-02-17T13:11:09","slug":"nuestra-diocesis-presente-en-el-35-curso-de-misionologia-de-omp","status":"publish","type":"post","link":"https:\/\/obispadodezaratecampana.org\/?p=13657","title":{"rendered":"Nuestra di\u00f3cesis presente en el 35\u00b0 Curso de Misionolog\u00eda de OMP"},"content":{"rendered":"<h5 style=\"text-align: justify;\"><span style=\"color: #003300;\"><em><span style=\"font-family: arial, helvetica, sans-serif;\">Desde el 9 al 27 de enero de este a\u00f1o, tres j\u00f3venes de nuestra di\u00f3cesis participaron en el 35\u00ba curso de misionolog\u00eda en la sede nacional de OMP (Obras Misionales Pontificias).\u00a0El Curso brinda un espacio de reflexi\u00f3n, formaci\u00f3n y experiencia misionera.\u00a0Intenta suscitar y acrecentar el esp\u00edritu misionero, acompa\u00f1ando los procesos formativos mediante una pedagog\u00eda adaptada para los participantes, que evidencie la dimensi\u00f3n misionera universal y misionera de la fe en Cristo y de la Iglesia, as\u00ed como la responsabilidad misionera de cada bautizado.<\/span><\/em><\/span><\/h5>\n<p><img fetchpriority=\"high\" decoding=\"async\" class=\"size-medium wp-image-13659 aligncenter\" src=\"http:\/\/obispadodezaratecampana.org\/wp-content\/uploads\/2017\/02\/16722584_1424010854299914_965631652309820322_o-300x225.jpg\" alt=\"16722584_1424010854299914_965631652309820322_o\" width=\"300\" height=\"225\" srcset=\"https:\/\/obispadodezaratecampana.org\/wp-content\/uploads\/2017\/02\/16722584_1424010854299914_965631652309820322_o-300x225.jpg 300w, https:\/\/obispadodezaratecampana.org\/wp-content\/uploads\/2017\/02\/16722584_1424010854299914_965631652309820322_o-1024x768.jpg 1024w, https:\/\/obispadodezaratecampana.org\/wp-content\/uploads\/2017\/02\/16722584_1424010854299914_965631652309820322_o.jpg 1280w\" sizes=\"(max-width: 300px) 100vw, 300px\" \/><\/p>\n<h5 style=\"color: #222222; text-align: justify;\"><span style=\"color: #003300; font-family: arial, helvetica, sans-serif;\">Para quienes est\u00e9n interesados en este curso o en otros, pueden escribirnos a:\u00a0<a style=\"color: #1155cc;\" href=\"mailto:gruposmisioneroszc@gmail.com\" target=\"_blank\"><span style=\"color: #003300;\">gruposmisioneroszc@gmail.com<\/span><\/a><\/span><\/h5>\n<h5 style=\"color: #222222; text-align: justify;\"><span style=\"color: #003300;\"><strong>Testimonios y fotos de j\u00f3venes de nuestra di\u00f3cesis que participaron del encuentro<\/strong><\/span><\/h5>\n<p style=\"text-align: justify;\"><span style=\"color: #003300;\">El Curso de Misionolog\u00eca tiene como objetivo la formaci\u00f3n de los disc\u00edpulos misioneros de Jes\u00fas. Formarse es un poco ponerse en camino en el seguimiento de Jes\u00fas, para escuchar con coraz\u00f3n muy abierto sus palabras y aprender su mismo estilo de vida y de relaci\u00f3n con los dem\u00e1s. Es dejar que \u00abarda nuestro coraz\u00f3n\u00bb en el encuentro con \u00e9l.<\/span><\/p>\n<p style=\"text-align: justify;\"><img decoding=\"async\" class=\"size-medium wp-image-13661 aligncenter\" src=\"http:\/\/obispadodezaratecampana.org\/wp-content\/uploads\/2017\/02\/16730314_1424018907632442_9053509224268218629_n-300x225.jpg\" alt=\"16730314_1424018907632442_9053509224268218629_n\" width=\"300\" height=\"225\" srcset=\"https:\/\/obispadodezaratecampana.org\/wp-content\/uploads\/2017\/02\/16730314_1424018907632442_9053509224268218629_n-300x225.jpg 300w, https:\/\/obispadodezaratecampana.org\/wp-content\/uploads\/2017\/02\/16730314_1424018907632442_9053509224268218629_n.jpg 720w\" sizes=\"(max-width: 300px) 100vw, 300px\" \/><\/p>\n<p style=\"text-align: justify;\"><span style=\"color: #003300;\">Mi nombre es Federico Etcheberry, tengo 23 a\u00f1os y este verano hice el primer a\u00f1o del Curso de Misionolog\u00eda. El consta en 3 semanas donde viv\u00eds ah\u00ed mismo, en el centro. A la ma\u00f1ana se cursan dos materias, las que se rinden el viernes para as\u00ed a la semana siguiente empezar otras dos; por la tarde hay tiempo de estudio, adoraci\u00f3n, misa, momentos de compartida con las dem\u00e1s personas.\u00a0<\/span><\/p>\n<p style=\"text-align: justify;\"><span style=\"color: #003300;\">La verdad que es una experiencia incre\u00edble, son 3 semanas s\u00faper intensas donde viv\u00ed un encuentro con Jes\u00fas constante, ya sea aprendiendo m\u00e1s de \u00c9l en las clases; compartiendo entre hermanos latinoamericanos nuestra vida de Fe; en las oraciones de la ma\u00f1ana, misas y adoraciones; y yendo a misionar a un barrio de la ciudad de Moreno, y a la noche de Caridad en Plaza Congreso.<\/span><\/p>\n<p style=\"text-align: justify;\"><span style=\"color: #003300;\">Realmente una experiencia muy profunda que recomiendo a toda persona (no importa la edad) que tenga el deseo de crecer en la Fe, aprender m\u00e1s sobre la Misi\u00f3n y lo conlleva ser disc\u00edpulo misionero.<\/span><\/p>\n<p style=\"text-align: justify;\"><img decoding=\"async\" class=\"size-medium wp-image-13662 aligncenter\" src=\"http:\/\/obispadodezaratecampana.org\/wp-content\/uploads\/2017\/02\/16807419_1424019634299036_5948199292476526542_n-300x225.jpg\" alt=\"16807419_1424019634299036_5948199292476526542_n\" width=\"300\" height=\"225\" srcset=\"https:\/\/obispadodezaratecampana.org\/wp-content\/uploads\/2017\/02\/16807419_1424019634299036_5948199292476526542_n-300x225.jpg 300w, https:\/\/obispadodezaratecampana.org\/wp-content\/uploads\/2017\/02\/16807419_1424019634299036_5948199292476526542_n.jpg 720w\" sizes=\"(max-width: 300px) 100vw, 300px\" \/><\/p>\n<p style=\"text-align: justify;\"><span style=\"color: #003300;\">Mi nombre es Facundo Etcheberry, tengo 21 a\u00f1os y este verano realice el segundo a\u00f1o del Curso de Misionologia. Al igual que el a\u00f1o pasado fue una experiencia muy buena, muy enriquecedora desde lo formativo\/intelectual y desde lo humano. Todas las materias, las experiencias vividas, los momentos de oraci\u00f3n fueron incre\u00edbles, todas con algo para aportar a mi trabajo pastoral, pensando en nuevos proyectos, modificar cosas que ya est\u00e1n, seguir apuntando o afilando otras. Este a\u00f1o en especial el curso me impulso a querer estar cerca de Jes\u00fas siempre, en todo momento y en todo lo que haga, a estar cerca de la gente, del necesitado, del que no sabe, del que no entiende, del que no lo conoce, llev\u00e1ndolo con mi testimonio, con gestos, con la vida.<\/span><\/p>\n<p style=\"text-align: justify;\"><img loading=\"lazy\" decoding=\"async\" class=\"size-medium wp-image-13665 aligncenter\" src=\"http:\/\/obispadodezaratecampana.org\/wp-content\/uploads\/2017\/02\/16649075_1424019370965729_2290238802800430440_n-300x225.jpg\" alt=\"16649075_1424019370965729_2290238802800430440_n\" width=\"300\" height=\"225\" srcset=\"https:\/\/obispadodezaratecampana.org\/wp-content\/uploads\/2017\/02\/16649075_1424019370965729_2290238802800430440_n-300x225.jpg 300w, https:\/\/obispadodezaratecampana.org\/wp-content\/uploads\/2017\/02\/16649075_1424019370965729_2290238802800430440_n.jpg 720w\" sizes=\"(max-width: 300px) 100vw, 300px\" \/><\/p>\n<h5 style=\"color: #222222; text-align: justify;\"><\/h5>\n<div class=\"yj6qo ajU\" style=\"color: #222222;\">\n<h5 id=\":11a\" class=\"ajR\" style=\"text-align: justify;\" tabindex=\"0\" data-tooltip=\"Mostrar contenido reducido\"><span style=\"color: #003300;\"><img decoding=\"async\" class=\"ajT\" src=\"https:\/\/ssl.gstatic.com\/ui\/v1\/icons\/mail\/images\/cleardot.gif\" alt=\"\" \/><\/span><\/h5>\n<\/div>\n<!-- AddThis Advanced Settings generic via filter on the_content --><!-- AddThis Share Buttons generic via filter on the_content -->","protected":false},"excerpt":{"rendered":"<p>Desde el 9 al 27 de enero de este a\u00f1o, tres j\u00f3venes de nuestra di\u00f3cesis participaron en el 35\u00ba curso de misionolog\u00eda en la sede [&hellip;]<!-- AddThis Advanced Settings generic via filter on get_the_excerpt --><!-- AddThis Share Buttons generic via filter on get_the_excerpt --><\/p>\n","protected":false},"author":2,"featured_media":13658,"comment_status":"open","ping_status":"open","sticky":false,"template":"","format":"standard","meta":{"footnotes":""},"categories":[4,1],"tags":[],"class_list":["post-13657","post","type-post","status-publish","format-standard","has-post-thumbnail","hentry","category-movimientosinstituciones","category-noticiasdiocesanas"],"_links":{"self":[{"href":"https:\/\/obispadodezaratecampana.org\/index.php?rest_route=\/wp\/v2\/posts\/13657","targetHints":{"allow":["GET"]}}],"collection":[{"href":"https:\/\/obispadodezaratecampana.org\/index.php?rest_route=\/wp\/v2\/posts"}],"about":[{"href":"https:\/\/obispadodezaratecampana.org\/index.php?rest_route=\/wp\/v2\/types\/post"}],"author":[{"embeddable":true,"href":"https:\/\/obispadodezaratecampana.org\/index.php?rest_route=\/wp\/v2\/users\/2"}],"replies":[{"embeddable":true,"href":"https:\/\/obispadodezaratecampana.org\/index.php?rest_route=%2Fwp%2Fv2%2Fcomments&post=13657"}],"version-history":[{"count":5,"href":"https:\/\/obispadodezaratecampana.org\/index.php?rest_route=\/wp\/v2\/posts\/13657\/revisions"}],"predecessor-version":[{"id":13667,"href":"https:\/\/obispadodezaratecampana.org\/index.php?rest_route=\/wp\/v2\/posts\/13657\/revisions\/13667"}],"wp:featuredmedia":[{"embeddable":true,"href":"https:\/\/obispadodezaratecampana.org\/index.php?rest_route=\/wp\/v2\/media\/13658"}],"wp:attachment":[{"href":"https:\/\/obispadodezaratecampana.org\/index.php?rest_route=%2Fwp%2Fv2%2Fmedia&parent=13657"}],"wp:term":[{"taxonomy":"category","embeddable":true,"href":"https:\/\/obispadodezaratecampana.org\/index.php?rest_route=%2Fwp%2Fv2%2Fcategories&post=13657"},{"taxonomy":"post_tag","embeddable":true,"href":"https:\/\/obispadodezaratecampana.org\/index.php?rest_route=%2Fwp%2Fv2%2Ftags&post=13657"}],"curies":[{"name":"wp","href":"https:\/\/api.w.org\/{rel}","templated":true}]}}