{"id":13654,"date":"2017-02-13T17:29:52","date_gmt":"2017-02-13T20:29:52","guid":{"rendered":"http:\/\/obispadodezaratecampana.org\/?p=13654"},"modified":"2017-02-13T17:29:52","modified_gmt":"2017-02-13T20:29:52","slug":"papa-ser-cristianos-no-de-fachada-sino-de-sustancia","status":"publish","type":"post","link":"https:\/\/obispadodezaratecampana.org\/?p=13654","title":{"rendered":"Papa: ser cristianos \u00a1no \u201cde fachada\u201d, sino de sustancia!"},"content":{"rendered":"<p style=\"color: rgb(52, 52, 52); text-align: justify;\"><span style=\"color: rgb(51, 51, 153);\">(RV).- Al rezar el \u00c1ngelus con los fieles y peregrinos que se dieron cita en la Plaza de San Pedro el 12 de febrero, VI domingo del Tiempo Ordinario, el\u00a0<strong style=\"font-weight: inherit; font-style: inherit;\">Papa Francisco<\/strong>, refiri\u00e9ndose con San Mateo a otra p\u00e1gina del Serm\u00f3n la Monta\u00f1a, invit\u00f3 a pedir a la Virgen Mar\u00eda \u2013 mujer de la escucha y de la obediencia \u2013 que nos ayude a acercarnos cada vez m\u00e1s al Evangelio, para ser cristianos \u00a1no \u201cde fachada\u201d, sino de sustancia!<\/span><\/p>\n<p style=\"color: rgb(52, 52, 52); text-align: justify;\"><span style=\"color: rgb(51, 51, 153);\">Lo que s\u00f3lo es posible \u2013 dijo el\u00a0<strong style=\"font-weight: inherit; font-style: inherit;\">Pont\u00edfice<\/strong>\u00a0\u2013 con la gracia del Esp\u00edritu Santo, que nos permite hacer todo con amor, realizando de este modo plenamente la voluntad de Dios.<\/span><\/p>\n<p style=\"color: rgb(52, 52, 52); text-align: justify;\"><span style=\"color: rgb(51, 51, 153);\">El\u00a0<strong style=\"font-weight: inherit; font-style: inherit;\">Papa Bergoglio<\/strong>\u00a0explic\u00f3 que en el pasaje evang\u00e9lico propuesto por la liturgia del d\u00eda, Jes\u00fas desea ayudar a quienes lo escuchan a realizar una relectura de la ley mosaica. S\u00ed, porque lo que hab\u00eda sido dicho en la Antigua Alianza no era todo, y porque el Se\u00f1or vino al mundo para dar cumplimento y promulgar, de modo definitivo, la ley de Dios.<\/span><\/p>\n<p style=\"color: rgb(52, 52, 52); text-align: justify;\"><span style=\"color: rgb(51, 51, 153);\">Despu\u00e9s de recordar que Jes\u00fas nos ense\u00f1a c\u00f3mo realizar plenamente la voluntad de Dios, con una \u201cjusticia superior\u201d con respecto a la de los escribas y de los fariseos, el\u00a0<strong style=\"font-weight: inherit; font-style: inherit;\">Obispo de Roma<\/strong>\u00a0\u00a0destac\u00f3 que se trata de una justicia animada por el amor, la caridad y la misericordia, es decir, capaz de realizar la sustancia de los mandamientos, evitando el riesgo del formalismo.<\/span><\/p>\n<p style=\"color: rgb(52, 52, 52); text-align: justify;\"><span style=\"color: rgb(51, 51, 153);\">Y analiz\u00f3, junto a la Palabra de Jes\u00fas, que va a la ra\u00edz del mal, tres aspectos del pecado del hombre como son el homicidio, el adulterio y el juramento. Antes de invocar la ayuda de la Madre de Dios\u00a0<strong style=\"font-weight: inherit; font-style: inherit;\">Francisco<\/strong>\u00a0concluy\u00f3 diciendo que estamos llamados a instaurar entre nosotros, en nuestras familias, en nuestras comunidades, un clima de transparencia y de confianza rec\u00edproca, de modo que podamos ser considerados sinceros sin recurrir a intervenciones superiores para ser cre\u00eddos, porque \u201cla desconfianza y la difidencia rec\u00edproca \u2013 dijo \u2013 siempre amenazan la serenidad\u201d.<\/span><\/p>\n<p style=\"color: rgb(52, 52, 52); text-align: justify;\"><span style=\"color: rgb(51, 51, 153);\">(Mar\u00eda Fernanda Bernasconi \u2013 RV)<\/span><\/p>\n<p style=\"color: rgb(52, 52, 52); text-align: justify;\"><span style=\"color: rgb(51, 51, 153);\"><strong style=\"font-weight: inherit; font-style: inherit;\">Texto de las palabras del Santo Padre Francisco antes de rezar a la Madre de Dios:<\/strong><\/span><\/p>\n<p style=\"color: rgb(52, 52, 52); text-align: justify;\"><span style=\"color: rgb(51, 51, 153);\">Queridos hermanos y hermanas, \u00a1buenos d\u00edas!<\/span><\/p>\n<p style=\"color: rgb(52, 52, 52); text-align: justify;\"><span style=\"color: rgb(51, 51, 153);\">La liturgia del d\u00eda nos presenta otra p\u00e1gina del\u00a0<em style=\"font-weight: inherit; font-style: inherit;\">Serm\u00f3n de la monta\u00f1a<\/em>, que encontramos en el Evangelio de Mateo (Cfr. 5, 17-37). En este pasaje, Jes\u00fas quiere ayudar a quienes lo escuchan a realizar una relectura de la ley mosaica. Lo que fue dicho en la Antigua Alianza, \u00bfera verdad? S\u00ed, era verdad, pero no era todo: Jes\u00fas ha venido para\u00a0<em style=\"font-weight: inherit; font-style: inherit;\">dar cumplimento<\/em>\u00a0y para promulgar, de modo definitivo, la ley de Dios, hasta la \u00faltima jota. \u00c9l manifiesta sus finalidades originarias y cumple los aspectos aut\u00e9nticos, y hace todo esto su predicaci\u00f3n y m\u00e1s a\u00fan con el ofrecimiento de s\u00ed mismo en la cruz. As\u00ed Jes\u00fas ense\u00f1a c\u00f3mo cumplir plenamente la voluntad de Dios y usa esta par\u00e1bola, \u00a1eh!; con una \u201cjusticia superior\u201d con respecto a la de los escribas y de los fariseos (Cfr. v. 20). Una justicia animada por el amor, por la caridad, por la misericordia, y, por tanto, capaz de realizar la sustancia de los mandamientos, evitando el riesgo del formalismo. El formalismo: esto puedo, esto no puedo; hasta aqu\u00ed, puedo, hasta ac\u00e1 no puedo\u2026 No: m\u00e1s, m\u00e1s, m\u00e1s.<\/span><\/p>\n<p style=\"color: rgb(52, 52, 52); text-align: justify;\"><span style=\"color: rgb(51, 51, 153);\">De manera especial, en el Evangelio de hoy Jes\u00fas examina tres aspectos, tres mandamientos: el homicidio, el adulterio y el juramento.<\/span><\/p>\n<p style=\"color: rgb(52, 52, 52); text-align: justify;\"><span style=\"color: rgb(51, 51, 153);\">Con respecto al mandamiento \u201cno matar\u201d, \u00c9l afirma que es violado no s\u00f3lo por el homicidio efectivo, sino tambi\u00e9n por aquellos comportamientos que ofenden la dignidad de la persona humana, incluidas las palabras injuriosas (Cfr. v. 22). Ciertamente, estas palabras injuriosas no tienen la misma gravedad y culpabilidad del asesinato, pero se ponen en la misma l\u00ednea, porque son sus premisas y revelan la misma malevolencia. Jes\u00fas nos invita a no establecer una jerarqu\u00eda de las ofensas, sino a considerarlas todas da\u00f1inas, en cuanto movidas por la intensi\u00f3n de hacer el mal al pr\u00f3jimo. Y Jes\u00fas da el ejemplo. Insultar: pero, nosotros estamos acostumbrados a insultar, es como decir \u201cbuenos d\u00edas\u201d. Y esto est\u00e1 en la misma l\u00ednea del matar. Quien insulta al hermano, mata en su propio coraz\u00f3n al hermano. Por favor, \u00a1no insultar! No ganamos nada\u2026<\/span><\/p>\n<p style=\"color: rgb(52, 52, 52); text-align: justify;\"><span style=\"color: rgb(51, 51, 153);\">Otro cumplimiento es aportado a la ley matrimonial. El adulterio era considerado una violaci\u00f3n al derecho de propiedad del hombre sobre la mujer. En cambio Jes\u00fas va a la ra\u00edz del mal. As\u00ed como se llega al homicidio a trav\u00e9s de las injurias, las ofensas y los insultos, del mismo modo se llega al adulterio a trav\u00e9s de las intenciones de posesi\u00f3n con respecto a una mujer diversa de la propia esposa. El adulterio, como el robo, la corrupci\u00f3n y todos los dem\u00e1s pecados, son concebidos primero en nuestro \u00e1mbito \u00edntimo y, una vez realizada en el coraz\u00f3n la elecci\u00f3n equivocada, se ponen en pr\u00e1ctica en el comportamiento concreto. Y Jes\u00fas dice: el que mira a una mujer que no es la propia con \u00e1nimo de posesi\u00f3n, es un ad\u00faltero en su coraz\u00f3n. Ha comenzado el camino del adulterio. Pensemos un poco sobre esto: los pensamientos malos que vienen en esta l\u00ednea.<\/span><\/p>\n<p style=\"color: rgb(52, 52, 52); text-align: justify;\"><span style=\"color: rgb(51, 51, 153);\">Adem\u00e1s, Jes\u00fas dice a sus disc\u00edpulos que no juren, en cuanto el juramento es signo de la inseguridad y de la falsedad con que se desarrollan las relaciones humanas. Se instrumentaliza la autoridad de Dios para dar garant\u00eda de nuestras vicisitudes humanas. M\u00e1s bien estamos llamados a instaurar entre nosotros, en nuestras familias, en nuestras comunidades, un clima de transparencia y de confianza rec\u00edproca, de modo que podamos ser considerados sinceros sin recurrir a intervenciones superiores para ser cre\u00eddos. \u00a1La desconfianza y la difidencia rec\u00edproca siempre amenazan la serenidad!<\/span><\/p>\n<p style=\"color: rgb(52, 52, 52); text-align: justify;\"><span style=\"color: rgb(51, 51, 153);\">Que la Virgen Mar\u00eda, mujer de la escucha d\u00f3cil y de la obediencia feliz, nos ayude a acercarnos cada vez m\u00e1s al Evangelio, para ser cristianos \u00a1no \u201cde fachada\u201d, sino de sustancia! Y esto es posible con la gracia del Esp\u00edritu Santo, que nos permite hacer todo con amor, y as\u00ed cumplir plenamente la voluntad de Dios.<\/span><\/p>\n<p style=\"color: rgb(52, 52, 52); text-align: justify;\"><span style=\"color: rgb(51, 51, 153);\"><strong style=\"font-weight: inherit; font-style: inherit;\">Saludo del Papa al final del \u00c1ngelus<\/strong><\/span><\/p>\n<p style=\"color: rgb(52, 52, 52); text-align: justify;\"><span style=\"color: rgb(51, 51, 153);\">Finalizado el rezo del \u00c1ngelus el Papa salud\u00f3 a todos los fieles y peregrinos presentes en la Plaza de San Pedro as\u00ed como a las familias, los grupos parroquiales y diversas asociaciones. Francisco se dirigi\u00f3 especialmente a los peregrinos espa\u00f1oles e italianos.\u00a0<\/span><\/p>\n<p style=\"color: rgb(52, 52, 52); text-align: justify;\"><span style=\"color: rgb(51, 51, 153);\"><strong style=\"font-weight: inherit; font-style: inherit;\">Palabras del Papa \u00a0<\/strong><\/span><\/p>\n<p style=\"color: rgb(52, 52, 52); text-align: justify;\"><span style=\"color: rgb(51, 51, 153);\">Saludo a todos ustedes peregrinos presentes, a las familias, a los grupos parroquiales, a las asociaciones.<\/span><\/p>\n<p style=\"color: rgb(52, 52, 52); text-align: justify;\"><span style=\"color: rgb(51, 51, 153);\">Saludo de manera particular a los alumnos del Instituto \u201cCarolina Coronado\u201d de Almendralejo y a los fieles de Tarragona, en Espa\u00f1a; as\u00ed como tambi\u00e9n a los grupos de Caltanissetta, Valgoglio, Ancona, Pesaro, Tur\u00edn y Pisa. Tambi\u00e9n est\u00e1 presente la comunidad neocatecumenal San Francisco de Paula de Tur\u00edn.<\/span><\/p>\n<p style=\"color: rgb(52, 52, 52); text-align: justify;\"><span style=\"color: rgb(51, 51, 153);\">A todos deseo un buen domingo. Y no lo olviden: no insultar. No mirar con malos ojos, con ojos de posesi\u00f3n, a la mujer del pr\u00f3jimo. Y no jurar. Tres cosas que Jes\u00fas dice. \u00a1Es tan f\u00e1cil! Por favor, no se olviden de rezar por m\u00ed. Buen almuerzo y \u00a1hasta la vista!<\/span><\/p>\n<p style=\"color: rgb(52, 52, 52); text-align: justify;\"><span style=\"color: rgb(51, 51, 153);\">(RC-RV)<\/span><\/p>\n<!-- AddThis Advanced Settings generic via filter on the_content --><!-- AddThis Share Buttons generic via filter on the_content -->","protected":false},"excerpt":{"rendered":"<p>(RV).- Al rezar el \u00c1ngelus con los fieles y peregrinos que se dieron cita en la Plaza de San Pedro el 12 de febrero, VI [&hellip;]<!-- AddThis Advanced Settings generic via filter on get_the_excerpt --><!-- AddThis Share Buttons generic via filter on get_the_excerpt --><\/p>\n","protected":false},"author":2,"featured_media":13655,"comment_status":"open","ping_status":"open","sticky":false,"template":"","format":"standard","meta":{"footnotes":""},"categories":[161,1],"tags":[],"class_list":["post-13654","post","type-post","status-publish","format-standard","has-post-thumbnail","hentry","category-el-papa-leonxiv","category-noticiasdiocesanas"],"_links":{"self":[{"href":"https:\/\/obispadodezaratecampana.org\/index.php?rest_route=\/wp\/v2\/posts\/13654","targetHints":{"allow":["GET"]}}],"collection":[{"href":"https:\/\/obispadodezaratecampana.org\/index.php?rest_route=\/wp\/v2\/posts"}],"about":[{"href":"https:\/\/obispadodezaratecampana.org\/index.php?rest_route=\/wp\/v2\/types\/post"}],"author":[{"embeddable":true,"href":"https:\/\/obispadodezaratecampana.org\/index.php?rest_route=\/wp\/v2\/users\/2"}],"replies":[{"embeddable":true,"href":"https:\/\/obispadodezaratecampana.org\/index.php?rest_route=%2Fwp%2Fv2%2Fcomments&post=13654"}],"version-history":[{"count":1,"href":"https:\/\/obispadodezaratecampana.org\/index.php?rest_route=\/wp\/v2\/posts\/13654\/revisions"}],"predecessor-version":[{"id":13656,"href":"https:\/\/obispadodezaratecampana.org\/index.php?rest_route=\/wp\/v2\/posts\/13654\/revisions\/13656"}],"wp:featuredmedia":[{"embeddable":true,"href":"https:\/\/obispadodezaratecampana.org\/index.php?rest_route=\/wp\/v2\/media\/13655"}],"wp:attachment":[{"href":"https:\/\/obispadodezaratecampana.org\/index.php?rest_route=%2Fwp%2Fv2%2Fmedia&parent=13654"}],"wp:term":[{"taxonomy":"category","embeddable":true,"href":"https:\/\/obispadodezaratecampana.org\/index.php?rest_route=%2Fwp%2Fv2%2Fcategories&post=13654"},{"taxonomy":"post_tag","embeddable":true,"href":"https:\/\/obispadodezaratecampana.org\/index.php?rest_route=%2Fwp%2Fv2%2Ftags&post=13654"}],"curies":[{"name":"wp","href":"https:\/\/api.w.org\/{rel}","templated":true}]}}