{"id":13616,"date":"2017-02-07T15:01:29","date_gmt":"2017-02-07T18:01:29","guid":{"rendered":"http:\/\/obispadodezaratecampana.org\/?p=13616"},"modified":"2017-02-07T15:01:29","modified_gmt":"2017-02-07T18:01:29","slug":"cuanto-tiene-necesidad-el-mundo-de-la-luz-del-evangelio-que-transforma-cura-y-garantiza-la-salvacion-a-quien-lo-recibe","status":"publish","type":"post","link":"https:\/\/obispadodezaratecampana.org\/?p=13616","title":{"rendered":"\u00a1Cu\u00e1nto tiene necesidad el mundo de la luz del Evangelio que transforma, cura y garantiza la salvaci\u00f3n a quien lo recibe!"},"content":{"rendered":"<p style=\"text-align: justify;\"><span style=\"color: rgb(0, 0, 128);\">(RV).- \u201cJes\u00fas nos invita a ser un reflejo de su luz, a trav\u00e9s del testimonio de las obras buenas. \u00a1Y cu\u00e1nto tiene necesidad el mundo de la luz del Evangelio que transforma, cura y garantiza la salvaci\u00f3n a quien lo recibe!\u201d, lo dijo el Papa Francisco a los fieles y peregrinos presentes en la Plaza de San Pedro reunidos para rezar la oraci\u00f3n mariana del \u00c1ngelus, el domingo 5 de febrero, d\u00eda en el que en Italia se celebra la Jornada por la Vida con el tema \u201cMujeres y Hombres por la vida en la huella de Santa Teresa de Calcuta\u201d.<\/span><\/p>\n<p style=\"text-align: justify;\"><span style=\"color: rgb(0, 0, 128);\">En sus palabras antes del rezo dominical, el Santo Padre reflexion\u00f3 sobre el llamado \u201cSerm\u00f3n de la monta\u00f1a\u201d, que la liturgia toma del Evangelio de San Mateo. Despu\u00e9s de haber presentado el domingo pasado las \u201cBienaventuranzas\u201d, en esta ocasi\u00f3n pone de manifiesto las palabras de Jes\u00fas que describen la misi\u00f3n de sus disc\u00edpulos, de todo el mundoy de todos los tiempos, a trav\u00e9s de las met\u00e1foras de la sal y de la luz.<\/span><\/p>\n<p style=\"text-align: justify;\"><span style=\"color: rgb(0, 0, 128);\">\u201cCada uno de nosotros est\u00e1 llamado a ser luz y sal en el proprio ambiente de la vida cotidiana, perseverando en la tarea de regenerar la realidad humana en el esp\u00edritu del Evangelio y en la perspectiva de Reino de Dios. Sal, para dar sabor a la vida con la fe y el amor que Cristo nos ha dado y luz, para iluminar el mundo\u201d, explic\u00f3 el Pont\u00edfice, invit\u00e1ndonos a invocar siempre la protecci\u00f3n de Mar\u00eda Sant\u00edsima, \u201cprimera disc\u00edpula de Jes\u00fas y modelo de los creyentes que viven cada d\u00eda en la historia su vocaci\u00f3n y misi\u00f3n.<\/span><\/p>\n<p style=\"text-align: justify;\"><span style=\"color: rgb(0, 0, 128);\">&#8220;Nuestra Madre, nos ayude a dejarnos siempre purificar e iluminar por el Se\u00f1or, para transformarnos tambi\u00e9n en sal de la tierra y luz del mundo&#8221;, concluy\u00f3 Francisco.<\/span><\/p>\n<p style=\"text-align: justify;\"><span style=\"color: rgb(0, 0, 128);\">(SL-RV)<\/span><\/p>\n<p style=\"text-align: justify;\"><span style=\"color: rgb(0, 0, 128);\">Palabras del Pont\u00edfice antes de la oraci\u00f3n mariana del \u00c1ngelus:<\/span><\/p>\n<p style=\"text-align: justify;\"><span style=\"color: rgb(0, 0, 128);\">Queridos hermanos y hermanas, \u00a1buenos d\u00edas!<\/span><\/p>\n<p style=\"text-align: justify;\"><span style=\"color: rgb(0, 0, 128);\">En estos domingos la liturgia nos propone el as\u00ed llamado Discurso de la monta\u00f1a, en el Evangelio de Mateo. Despu\u00e9s de haber presentado, el domingo pasado, las Bienaventuranzas, hoy pone en evidencia las palabras de Jes\u00fas que describen la misi\u00f3n de sus disc\u00edpulos en el mundo (cfr. Mt 5,13-16). \u00c9l utiliza las met\u00e1foras de la sal y de la luz, y sus palabras est\u00e1n dirigidas a los disc\u00edpulos de todo tiempo, por lo tanto, tambi\u00e9n a nosotros.<\/span><\/p>\n<p style=\"text-align: justify;\"><span style=\"color: rgb(0, 0, 128);\">Jes\u00fas nos invita a ser un reflejo de su luz, a trav\u00e9s del testimonio de las obras buenas. Y dice: \u201cAs\u00ed debe brillar ante los ojos de los hombres la luz que hay en ustedes, a fin de que ellos vean sus buenas obras y glorifiquen al Padre que est\u00e1 en el cielo\u201d. (Mt 5,16). Estas palabras subrayan que nosotros somos reconocibles como verdaderos disc\u00edpulos de Aqu\u00e9l que es Luz del mundo, no en las palabras, sino por nuestras obras. En efecto, es sobre todo nuestro comportamiento que &#8211; en el bien y en el mal \u2013 deja un signo en los dem\u00e1s. Por lo tanto, tenemos una tarea y una responsabilidad por el don recibido: la luz de la fe, que est\u00e1 en nosotros por medio de Cristo y de la acci\u00f3n del Esp\u00edritu Santo, no debemos retenerla como si fuera de nuestra propiedad. En cambio, estamos llamados a hacerla resplandecer en el mundo, a donarla a los dem\u00e1s mediante las obras buenas. \u00a1Y cu\u00e1nto tiene necesidad el mundo de la luz del Evangelio que transforma, cura y garantiza la salvaci\u00f3n a quien lo recibe! Esta luz nosotros debemos llevarla con nuestras obras buenas.<\/span><\/p>\n<p style=\"text-align: justify;\"><span style=\"color: rgb(0, 0, 128);\">La luz de nuestra fe, don\u00e1ndose, no se apaga sino que se refuerza. En cambio puede debilitarse si no la alimentamos con el amor y con las obras de caridad. As\u00ed la imagen de la luz se encuentra con aquella de la sal. En efecto, la p\u00e1gina evang\u00e9lica nos dice que, como disc\u00edpulos de Cristo somos tambi\u00e9n \u201csal de la tierra\u201d (v. 13). La sal es un elemento que mientras da sabor, preserva el alimento de la alteraci\u00f3n y de la corrupci\u00f3n \u2013 \u00a1en los tiempos de Jes\u00fas no hab\u00eda heladeras! Por lo tanto, la misi\u00f3n de los cristianos en la sociedad es aquella de dar \u201csabor\u201d a la vida con la fe y el amor que Cristo nos ha donado y, al mismo tiempo, mantener lejos los g\u00e9rmenes contaminantes del ego\u00edsmo, de la envidia, de la maledicencia, y dem\u00e1s. Estos g\u00e9rmenes arruinan el tejido de nuestras comunidades, que deben en cambio resplandecer como lugares de acogida, de solidaridad y de reconciliaci\u00f3n. Para cumplir esta misi\u00f3n es necesario que nosotros mismos, en primer lugar, seamos liberados de la degeneraci\u00f3n corruptiva de los influjos mundanos, contrarios a Cristo y al Evangelio; y esta purificaci\u00f3n no termina nunca, debe ser realizada continuamente, hay que hacerla todos los d\u00edas.<\/span><\/p>\n<p style=\"text-align: justify;\"><span style=\"color: rgb(0, 0, 128);\">Cada uno de nosotros est\u00e1 llamado a ser luz y sal en el proprio ambiente de la vida cotidiana, perseverando en la tarea de regenerar la realidad humana en el esp\u00edritu del Evangelio y en la perspectiva de Reino de Dios. Que nos sea siempre de ayuda la protecci\u00f3n de Mar\u00eda Sant\u00edsima, primera disc\u00edpula de Jes\u00fas y modelo de los creyentes que viven cada d\u00eda en la historia, su vocaci\u00f3n y misi\u00f3n. Nuestra Madre, nos ayude a dejarnos siempre purificar e iluminar por el Se\u00f1or, para transformarnos tambi\u00e9n en \u201csal de la tierra\u201d y \u201cluz del mundo\u201d.<\/span><\/p>\n<p style=\"text-align: justify;\"><span style=\"color: rgb(0, 0, 128);\">Palabras del Papa despu\u00e9s de rezar a la Madre de Dios:<\/span><\/p>\n<p style=\"text-align: justify;\"><span style=\"color: rgb(0, 0, 128);\">Queridos hermanos y hermanas,<\/span><\/p>\n<p style=\"text-align: justify;\"><span style=\"color: rgb(0, 0, 128);\">hoy, en Italia, se celebra la Jornada por la Vida, sobre el tema \u201cMujeres y hombres por la vida en la huella de Santa Teresa de Calcuta\u201d. Me uno a los Obispos italianos en el desear una valerosa acci\u00f3n educativa en favor de la vida humana. Cada vida es sagrada. Llevemos adelante la cultura de la vida como respuesta a la l\u00f3gica del descarte y al descenso demogr\u00e1fico; estemos cercanos y juntos recemos por los ni\u00f1os que est\u00e1n en peligro por la interrupci\u00f3n del embarazo, como tambi\u00e9n por las personas que est\u00e1n en el final de la vida: cada vida es sagrada. Para que nadie sea dejado solo y el amor defienda el sentido de la vida. Recordemos las palabras de Madre Teresa: \u201c\u00a1La vida es belleza, adm\u00edrala; la vida es vida, defi\u00e9ndela!\u201d Ya sea con el ni\u00f1o que est\u00e1 por nacer, que con la persona que est\u00e1 cercana a morir: \u00a1cada vida es sagrada!<\/span><\/p>\n<p style=\"text-align: justify;\"><span style=\"color: rgb(0, 0, 128);\">Saludo a todos aquellos que trabajan por la Vida, a los docentes de las Universidades romanas y a quienes colaboran en la formaci\u00f3n de las nuevas generaciones, para que sean capaces de construir una sociedad acogedora y digna de toda persona.<\/span><\/p>\n<p style=\"text-align: justify;\"><span style=\"color: rgb(0, 0, 128);\">Saludo a todos los peregrinos, las familias, los grupos parroquiales y las asociaciones procedentes de diversas partes del mundo. En particular, saludo a los fieles de Viena, Granada, Melilla, Acquaviva delle Fonti y Bari; as\u00ed como a los estudiantes de Penafiel (Portugal) y Badajoz (Espa\u00f1a).<\/span><\/p>\n<p style=\"text-align: justify;\"><span style=\"color: rgb(0, 0, 128);\">A todos les deseo un feliz domingo. Por favor, no se olviden de rezar por m\u00ed. \u00a1Buen almuerzo y hasta la vista!<\/span><\/p>\n<p style=\"text-align: justify;\"><span style=\"color: rgb(0, 0, 128);\">(Traducci\u00f3n del italiano: Mar\u00eda Cecilia Mutual, Radio Vaticano)<\/span><\/p>\n<!-- AddThis Advanced Settings generic via filter on the_content --><!-- AddThis Share Buttons generic via filter on the_content -->","protected":false},"excerpt":{"rendered":"<p>(RV).- \u201cJes\u00fas nos invita a ser un reflejo de su luz, a trav\u00e9s del testimonio de las obras buenas. \u00a1Y cu\u00e1nto tiene necesidad el mundo [&hellip;]<!-- AddThis Advanced Settings generic via filter on get_the_excerpt --><!-- AddThis Share Buttons generic via filter on get_the_excerpt --><\/p>\n","protected":false},"author":2,"featured_media":13617,"comment_status":"open","ping_status":"open","sticky":false,"template":"","format":"standard","meta":{"footnotes":""},"categories":[161,1],"tags":[],"class_list":["post-13616","post","type-post","status-publish","format-standard","has-post-thumbnail","hentry","category-el-papa-leonxiv","category-noticiasdiocesanas"],"_links":{"self":[{"href":"https:\/\/obispadodezaratecampana.org\/index.php?rest_route=\/wp\/v2\/posts\/13616","targetHints":{"allow":["GET"]}}],"collection":[{"href":"https:\/\/obispadodezaratecampana.org\/index.php?rest_route=\/wp\/v2\/posts"}],"about":[{"href":"https:\/\/obispadodezaratecampana.org\/index.php?rest_route=\/wp\/v2\/types\/post"}],"author":[{"embeddable":true,"href":"https:\/\/obispadodezaratecampana.org\/index.php?rest_route=\/wp\/v2\/users\/2"}],"replies":[{"embeddable":true,"href":"https:\/\/obispadodezaratecampana.org\/index.php?rest_route=%2Fwp%2Fv2%2Fcomments&post=13616"}],"version-history":[{"count":1,"href":"https:\/\/obispadodezaratecampana.org\/index.php?rest_route=\/wp\/v2\/posts\/13616\/revisions"}],"predecessor-version":[{"id":13618,"href":"https:\/\/obispadodezaratecampana.org\/index.php?rest_route=\/wp\/v2\/posts\/13616\/revisions\/13618"}],"wp:featuredmedia":[{"embeddable":true,"href":"https:\/\/obispadodezaratecampana.org\/index.php?rest_route=\/wp\/v2\/media\/13617"}],"wp:attachment":[{"href":"https:\/\/obispadodezaratecampana.org\/index.php?rest_route=%2Fwp%2Fv2%2Fmedia&parent=13616"}],"wp:term":[{"taxonomy":"category","embeddable":true,"href":"https:\/\/obispadodezaratecampana.org\/index.php?rest_route=%2Fwp%2Fv2%2Fcategories&post=13616"},{"taxonomy":"post_tag","embeddable":true,"href":"https:\/\/obispadodezaratecampana.org\/index.php?rest_route=%2Fwp%2Fv2%2Ftags&post=13616"}],"curies":[{"name":"wp","href":"https:\/\/api.w.org\/{rel}","templated":true}]}}