{"id":13613,"date":"2017-02-10T13:53:36","date_gmt":"2017-02-10T16:53:36","guid":{"rendered":"http:\/\/obispadodezaratecampana.org\/?p=13613"},"modified":"2017-02-10T18:31:45","modified_gmt":"2017-02-10T21:31:45","slug":"miercoles-15-de-febrero-catedra-abierta-de-promocion-de-derechos","status":"publish","type":"post","link":"https:\/\/obispadodezaratecampana.org\/?p=13613","title":{"rendered":"Mi\u00e9rcoles 15 de febrero: C\u00e1tedra Abierta de Promoci\u00f3n de Derechos"},"content":{"rendered":"<p><img fetchpriority=\"high\" decoding=\"async\" class=\"size-medium wp-image-13637 aligncenter\" src=\"http:\/\/obispadodezaratecampana.org\/wp-content\/uploads\/2017\/02\/Padre-Pepe-Folleto-300x199.jpg\" alt=\"Padre Pepe Folleto\" width=\"300\" height=\"199\" srcset=\"https:\/\/obispadodezaratecampana.org\/wp-content\/uploads\/2017\/02\/Padre-Pepe-Folleto-300x199.jpg 300w, https:\/\/obispadodezaratecampana.org\/wp-content\/uploads\/2017\/02\/Padre-Pepe-Folleto-1024x682.jpg 1024w, https:\/\/obispadodezaratecampana.org\/wp-content\/uploads\/2017\/02\/Padre-Pepe-Folleto.jpg 1772w\" sizes=\"(max-width: 300px) 100vw, 300px\" \/><\/p>\n<p>&nbsp;<\/p>\n<p>Se puede descargar el afiche de difusi\u00f3n desde el siguiente enlace:<\/p>\n<p><a title=\"pepe\" href=\"https:\/\/drive.google.com\/file\/d\/0B_J1pci5_523ODJoSHlsZGYtUWM\/view?usp=sharing\" target=\"_blank\">https:\/\/drive.google.com\/file\/d\/0B_J1pci5_523ODJoSHlsZGYtUWM\/view?usp=sharing<\/a><\/p>\n<p style=\"text-align: justify;\"><strong>C\u00e1tedra Abierta de Promoci\u00f3n de Derechos<\/strong><\/p>\n<p style=\"text-align: justify;\">Expositor Invitado: Padre Pepe Di Paola.<br \/>\nFecha y horario: Mi\u00e9rcoles 15 de Febrero a las 18: 30 horas.<br \/>\nLugar: Gimnasio del IMDP. Calle Ana Mogas y Tratado del Pilar.<br \/>\nUna de las misiones de la Defensor\u00eda del Pueblo de Pilar es la promoci\u00f3n de derechos. Desde all\u00ed es que la Defensor\u00edacrea y desarrolla \u201cLa C\u00e1tedra Abierta de Promoci\u00f3n de Derechos\u201d. La misma persigue el objetivo real y concreto de desarrollar la cultura de derechos en nuestra sociedad.<\/p>\n<p style=\"text-align: justify;\">La C\u00e1tedra es llevada adelante mediante charlas de exposici\u00f3n gratuitas de diversas tem\u00e1ticas que involucran los derechos (identidad, salud, vivienda, donaci\u00f3n de \u00f3rganos, desnutrici\u00f3n, acceso a la informaci\u00f3n, personas en situaci\u00f3n de calle, comedores comunitarios, violencia de g\u00e9nero, menores en riesgo, etc.).<br \/>\nEn esta oportunidad expondr\u00e1 el Padre Pepe Di Paola sobre la tem\u00e1tica de adicciones y como desarrollar prevenci\u00f3n en los barrios. El Padre Jose Maria Di Paola es el Coordinador Nacional de la Pastoral Nacional de Drogadependecia y Adicciones de la Conferencia Episcopal Argentina y es P\u00e1rroco en la Parroquia San Juan Bosco de la Villa de La C\u00e1rcova en Jos\u00e9 Le\u00f3n Suarez. El Padre Pepe nos compartir\u00e1 su experiencia y conocimiento sobre la drogadependencia y adicciones, brind\u00e1ndonos herramientas para la prevenci\u00f3n y contenci\u00f3n en nuestros barrios y comunidades.<br \/>\nEn esta ocasi\u00f3n la convocatoria la compartimos con la Pastoral del Instituto Madre del Divino Pastor y el Hogar \u201cPosada de la Vida\u201d. Est\u00e1n invitados todos aquellos que se encuentren interesados en conocer sus derechos y promoverlos para la construcci\u00f3n de una sociedad m\u00e1s justa, igualitaria y fraterna.<\/p>\n<p style=\"text-align: justify;\">Informes e inscripci\u00f3n:<br \/>\nPor correo Electr\u00f3nico: defensoriadelpueblodepilar@gmail.com \u2013 O v\u00eda Telef\u00f3nica.: (0230) 427-7330.<br \/>\nLugar: (Defensor\u00eda del Pueblo de Pilar).<br \/>\nDirecci\u00f3n: Belgrano 373, entre Tucum\u00e1n y Ruta 8, Pilar Centro.<br \/>\nHorario: 18.30 a 21Hrs.<br \/>\nPeri\u00f3dicamente se dictara una C\u00e1tedra abierta y gratuita a toda la ciudadan\u00eda que ser\u00e1 difundida.<\/p>\n<p>&nbsp;<\/p>\n<p>&nbsp;<\/p>\n<!-- AddThis Advanced Settings generic via filter on the_content --><!-- AddThis Share Buttons generic via filter on the_content -->","protected":false},"excerpt":{"rendered":"<p>&nbsp; Se puede descargar el afiche de difusi\u00f3n desde el siguiente enlace: https:\/\/drive.google.com\/file\/d\/0B_J1pci5_523ODJoSHlsZGYtUWM\/view?usp=sharing C\u00e1tedra Abierta de Promoci\u00f3n de Derechos Expositor Invitado: Padre Pepe Di Paola. [&hellip;]<!-- AddThis Advanced Settings generic via filter on get_the_excerpt --><!-- AddThis Share Buttons generic via filter on get_the_excerpt --><\/p>\n","protected":false},"author":2,"featured_media":13638,"comment_status":"open","ping_status":"open","sticky":false,"template":"","format":"standard","meta":{"footnotes":""},"categories":[4,1],"tags":[],"class_list":["post-13613","post","type-post","status-publish","format-standard","has-post-thumbnail","hentry","category-movimientosinstituciones","category-noticiasdiocesanas"],"_links":{"self":[{"href":"https:\/\/obispadodezaratecampana.org\/index.php?rest_route=\/wp\/v2\/posts\/13613","targetHints":{"allow":["GET"]}}],"collection":[{"href":"https:\/\/obispadodezaratecampana.org\/index.php?rest_route=\/wp\/v2\/posts"}],"about":[{"href":"https:\/\/obispadodezaratecampana.org\/index.php?rest_route=\/wp\/v2\/types\/post"}],"author":[{"embeddable":true,"href":"https:\/\/obispadodezaratecampana.org\/index.php?rest_route=\/wp\/v2\/users\/2"}],"replies":[{"embeddable":true,"href":"https:\/\/obispadodezaratecampana.org\/index.php?rest_route=%2Fwp%2Fv2%2Fcomments&post=13613"}],"version-history":[{"count":5,"href":"https:\/\/obispadodezaratecampana.org\/index.php?rest_route=\/wp\/v2\/posts\/13613\/revisions"}],"predecessor-version":[{"id":13639,"href":"https:\/\/obispadodezaratecampana.org\/index.php?rest_route=\/wp\/v2\/posts\/13613\/revisions\/13639"}],"wp:featuredmedia":[{"embeddable":true,"href":"https:\/\/obispadodezaratecampana.org\/index.php?rest_route=\/wp\/v2\/media\/13638"}],"wp:attachment":[{"href":"https:\/\/obispadodezaratecampana.org\/index.php?rest_route=%2Fwp%2Fv2%2Fmedia&parent=13613"}],"wp:term":[{"taxonomy":"category","embeddable":true,"href":"https:\/\/obispadodezaratecampana.org\/index.php?rest_route=%2Fwp%2Fv2%2Fcategories&post=13613"},{"taxonomy":"post_tag","embeddable":true,"href":"https:\/\/obispadodezaratecampana.org\/index.php?rest_route=%2Fwp%2Fv2%2Ftags&post=13613"}],"curies":[{"name":"wp","href":"https:\/\/api.w.org\/{rel}","templated":true}]}}