{"id":13610,"date":"2017-02-07T12:33:35","date_gmt":"2017-02-07T15:33:35","guid":{"rendered":"http:\/\/obispadodezaratecampana.org\/?p=13610"},"modified":"2017-02-07T12:33:35","modified_gmt":"2017-02-07T15:33:35","slug":"8-de-febrero-jornada-internacional-de-oracion-y-reflexion-contra-la-trata-y-trafico-de-personas","status":"publish","type":"post","link":"https:\/\/obispadodezaratecampana.org\/?p=13610","title":{"rendered":"8 de febrero: Jornada Internacional de oraci\u00f3n y reflexi\u00f3n contra la trata y tr\u00e1fico de personas"},"content":{"rendered":"<p style=\"text-align: justify;\">El Papa Francisco ha instituido la Jornada Internacional de oraci\u00f3n y reflexi\u00f3n contra la trata y tr\u00e1fico de personas el d\u00eda 8 de febrero, fiesta de Santa Josefina Bakhita.<\/p>\n<p style=\"text-align: justify;\">El Equipo No a la trata, de la Comisi\u00f3n Nacional de Justicia y Paz, ha elaborado un material que pueda ampliar el contenido de las celebraciones que se vivir\u00e1n en las parroquias y comunidades.<\/p>\n<p style=\"text-align: justify;\">El Equipo agradece todo lo que pueda hacerse para rezar y crear sensibilidad y conciencia sobre este delicado tema de la trata y tr\u00e1fico de personas.<\/p>\n<p style=\"text-align: justify;\">Puede descargarse el afiche de difusi\u00f3n desde el siguiente enlace:<\/p>\n<p style=\"text-align: justify;\"><a title=\"trata\" href=\"https:\/\/drive.google.com\/file\/d\/0B_J1pci5_523MTJMMG9RLXB5WGs\/view?usp=sharing\" target=\"_blank\">https:\/\/drive.google.com\/file\/d\/0B_J1pci5_523MTJMMG9RLXB5WGs\/view?usp=sharing<\/a><\/p>\n<p style=\"text-align: justify;\"><strong>1.-\u00a0<\/strong>Recordamos algunos momentos de la vida de la Santa:<\/p>\n<p style=\"text-align: justify;\"><strong><em>Santa Josefina Bakhita\u00a0<\/em><\/strong><em>naci\u00f3 en Sudan (\u00c1frica) en 1869. A los nueve a\u00f1os fue secuestrada y vendida como esclava varias veces&#8230; Nunca consigui\u00f3 escapar a pesar de haberlo intentado. Sufri\u00f3 torturas, especialmente con su cuarto amo cuando ten\u00eda aproximadamente 13 a\u00f1os. \u00a0<\/em><\/p>\n<p style=\"text-align: justify;\"><em>El quinto amo, un comerciante italiano, la trat\u00f3 muy bien y\u00a0 la llev\u00f3 a Italia, donde empez\u00f3 a trabajar para la familia de un diplom\u00e1tico. \u00a0Con su nueva familia, Bakhita se desempe\u00f1\u00f3 como\u00a0 ni\u00f1era. En ocasi\u00f3n de que sus amos\u00a0\u00a0 compraron un hotel y se trasladaron a Suakin, Bakhita\u00a0 pudo quedarse en Italia e ingres\u00f3 al noviciado del Instituto de las Hermanas de la Caridad en Venecia.<\/em><\/p>\n<p style=\"text-align: justify;\"><em>Esta congregaci\u00f3n, \u00a0fundada en 1808, es m\u00e1s conocida como Hermanas de Canossa. Fue en este\u00a0 Instituto que Bakhita conoci\u00f3\u00a0 con profundidad a Cristo. Recibi\u00f3 al mismo tiempo el bautismo, la primera comuni\u00f3n y la confirmaci\u00f3n, el 9 de enero de 1890, por manos del Cardenal de Venecia. El 7 de diciembre de 1893,\u00a0 profes\u00f3 en la vida religiosa.<\/em><\/p>\n<p style=\"text-align: justify;\"><em>Bakhita fue trasladada a Venecia en 1902, donde trabaj\u00f3 limpiando, cocinando y cuidando a los m\u00e1s pobres hasta su muerte en 1947.<\/em><\/p>\n<p style=\"text-align: justify;\"><em>El 1\u00ba \u00a0de octubre del a\u00f1o 2000 Josefina Bakhita fue canonizada por el Papa San Juan Pablo II.\u00a0<strong>\u201cEn santa Josefina Bakhita encontramos una abogada brillante de la aut\u00e9ntica emancipaci\u00f3n. La historia de su vida no inspira una aceptaci\u00f3n pasiva, sino m\u00e1s bien una firme decisi\u00f3n de trabajar efectivamente por librar a ni\u00f1as y mujeres de la opresi\u00f3n y la violencia, y devolverles su dignidad en el ejercicio pleno de sus derechos\u201d.<\/strong><\/em><\/p>\n<p style=\"text-align: justify;\"><strong>2.-\u00a0<\/strong>En las celebraciones de la Palabra o en la santa Misa del d\u00eda se pueden a\u00f1adir estas oraciones de los fieles y la oraci\u00f3n final:<\/p>\n<p style=\"text-align: justify;\"><strong>ORACI\u00d3N DE LOS FIELES<\/strong><\/p>\n<p style=\"text-align: justify;\">A cada intenci\u00f3n respondemos:\u00a0<strong><em>\u201c\u00a1Escucha, Se\u00f1or, nuestra oraci\u00f3n!\u201d<\/em><\/strong><\/p>\n<p style=\"text-align: justify;\">\u00b7\u00a0\u00a0\u00a0\u00a0\u00a0\u00a0\u00a0\u00a0 Por el Papa Francisco y todos los pastores, para que sigan\u00a0 siendo voces\u00a0 prof\u00e9ticas dirigidas a\u00a0 toda la humanidad en su lucha contra la trata y tr\u00e1fico de personas. Oremos.<\/p>\n<p style=\"text-align: justify;\">\u00b7\u00a0\u00a0\u00a0\u00a0\u00a0\u00a0\u00a0\u00a0 Por las autoridades, para que\u00a0 preocupados por este grave problema,\u00a0 se ocupen y\u00a0 atiendan, con persistencia y seriedad,\u00a0 el drama de\u00a0 la trata y el tr\u00e1fico de seres humanos.\u00a0 Oremos.<\/p>\n<p style=\"text-align: justify;\">\u00b7\u00a0\u00a0\u00a0\u00a0\u00a0\u00a0\u00a0\u00a0 Por todas las personas que, enga\u00f1adas\u00a0 con falsas promesas por las redes de trata y tr\u00e1fico de personas, quedan atrapadas con fuertes cadenas en la prostituci\u00f3n, en las redes laborales,\u00a0 en el turismo sexual, o sufren la extracci\u00f3n de sus \u00f3rganos.\u00a0 Oremos.<\/p>\n<p style=\"text-align: justify;\">\u00b7\u00a0\u00a0\u00a0\u00a0\u00a0\u00a0\u00a0\u00a0 Por los hogares que padecen la angustia cotidiana debido a la desaparici\u00f3n de sus seres queridos, sustra\u00eddos por los traficantes de la vida.<\/p>\n<p style=\"text-align: justify;\">\u00b7\u00a0\u00a0\u00a0\u00a0\u00a0\u00a0\u00a0\u00a0 Para que seamos\u00a0 solidarios y todos encuentren en nosotros manos generosas y corazones atentos que faciliten soluciones concretas, justas y duraderas para todos los que sufren. Oremos.<\/p>\n<p style=\"text-align: justify;\">\u00b7\u00a0\u00a0\u00a0\u00a0\u00a0\u00a0\u00a0\u00a0 Te pedimos consuelo y protecci\u00f3n para las v\u00edctimas y sus familias; leyes y jueces que garanticen la justicia;\u00a0 condena a los culpables a la vez que conversi\u00f3n de sus corazones.<\/p>\n<p style=\"text-align: justify;\"><strong>ORACI\u00d3N\u00a0FINAL\u00a0<\/strong><\/p>\n<p style=\"text-align: justify;\">\u201cDios\u00a0de\u00a0todos\u00a0los\u00a0pueblos,\u00a0despierta nuestros corazones y profundiza nuestro compromiso de trabajar por un mundo donde todas las personas sean libres y capaces de vivir sus vidas con plenitud y alegr\u00eda.<\/p>\n<p style=\"text-align: justify;\">Te pedimos por la conversi\u00f3n de coraz\u00f3n de los tratantes, el consuelo y fortaleza que sostengan a las v\u00edctimas y sus familias y justicia para todos.<\/p>\n<p style=\"text-align: justify;\">Ay\u00fadanos a crecer en la consciencia de que todas las personas podemos luchar contra la Trata de personas.<\/p>\n<p style=\"text-align: justify;\">Conc\u00e9denos sabidur\u00eda, inspiraci\u00f3n y valor para ser solidarios, de modo que\u00a0 juntos compartamos la libertad que es un don tuyo para toda la humanidad.<\/p>\n<p style=\"text-align: justify;\">Por\u00a0Jesucristo\u00a0Nuestro\u00a0Se\u00f1or.\u00a0Am\u00e9n<\/p>\n<p style=\"text-align: justify;\"><strong>3.-\u00a0<\/strong>Tambi\u00e9n se puede hacer rezar esta oraci\u00f3n:<\/p>\n<p style=\"text-align: justify;\">\n<p style=\"text-align: justify;\"><strong>ORACI\u00d3N A SANTA JOSEFINA BAKHITA<\/strong><\/p>\n<p style=\"text-align: justify;\"><em>Santa Josefina Bakhita, cuando eras ni\u00f1a, fuiste vendida como esclava<\/em><\/p>\n<p style=\"text-align: justify;\"><em>y tuviste que pasar indecibles dificultades y sufrimiento.<\/em><\/p>\n<p style=\"text-align: justify;\"><em>Una vez liberada de tu esclavitud f\u00edsica,<\/em><\/p>\n<p style=\"text-align: justify;\"><em>hallaste la verdadera redenci\u00f3n en tu encuentro con Cristo y su Iglesia.<\/em><\/p>\n<p style=\"text-align: justify;\"><em>Santa Josefina\u00a0 Bakhita! Ayuda a todos aquellos<\/em><\/p>\n<p style=\"text-align: justify;\"><em>que est\u00e1n atrapados en la esclavitud.<\/em><\/p>\n<p style=\"text-align: justify;\"><em>En nombre de ellos, intercede ante el Dios de la Misericordia<\/em><\/p>\n<p style=\"text-align: justify;\"><em>para que sean quitadas las cadenas de su cautiverio.<\/em><\/p>\n<p style=\"text-align: justify;\"><em>Que el mismo Dios libere a todos aquellos que han sido amenazados,<\/em><\/p>\n<p style=\"text-align: justify;\"><em>heridos o maltratados por la trata y tr\u00e1fico de personas.<\/em><\/p>\n<p style=\"text-align: justify;\"><em>Br\u00edndales alivio a los que sobreviven esta esclavitud<\/em><\/p>\n<p style=\"text-align: justify;\"><em>y ens\u00e9\u00f1ales a ver a Jes\u00fas\u00a0 como modelo de fe y esperanza<\/em><\/p>\n<p style=\"text-align: justify;\"><em>y as\u00ed puedan sanar sus heridas.<\/em><\/p>\n<p style=\"text-align: justify;\"><em>Te suplicamos orar e interceder por todos nosotros:<\/em><\/p>\n<p style=\"text-align: justify;\"><em>que no caigamos en la indiferencia,<\/em><\/p>\n<p style=\"text-align: justify;\"><em>que sepamos abrir nuestros ojos y podamos mirar<\/em><\/p>\n<p style=\"text-align: justify;\"><em>las miserias y las heridas de tantos hermanos y hermanas<\/em><\/p>\n<p style=\"text-align: justify;\"><em>privados de su dignidad y de su libertad<\/em><\/p>\n<p style=\"text-align: justify;\"><em>y escuchemos sus gritos de auxilio.<\/em><\/p>\n<p style=\"text-align: justify;\"><em>Am\u00e9n<\/em><\/p>\n<p style=\"text-align: justify;\">Fuente: Episcopado Argentino<\/p>\n<p><img fetchpriority=\"high\" decoding=\"async\" class=\"size-medium wp-image-13611 aligncenter\" src=\"http:\/\/obispadodezaratecampana.org\/wp-content\/uploads\/2017\/02\/trata-de-personas-300x212.jpg\" alt=\"trata de personas\" width=\"300\" height=\"212\" srcset=\"https:\/\/obispadodezaratecampana.org\/wp-content\/uploads\/2017\/02\/trata-de-personas-300x212.jpg 300w, https:\/\/obispadodezaratecampana.org\/wp-content\/uploads\/2017\/02\/trata-de-personas.jpg 900w\" sizes=\"(max-width: 300px) 100vw, 300px\" \/><\/p>\n<p style=\"text-align: justify;\">\n<!-- AddThis Advanced Settings generic via filter on the_content --><!-- AddThis Share Buttons generic via filter on the_content -->","protected":false},"excerpt":{"rendered":"<p>El Papa Francisco ha instituido la Jornada Internacional de oraci\u00f3n y reflexi\u00f3n contra la trata y tr\u00e1fico de personas el d\u00eda 8 de febrero, fiesta [&hellip;]<!-- AddThis Advanced Settings generic via filter on get_the_excerpt --><!-- AddThis Share Buttons generic via filter on get_the_excerpt --><\/p>\n","protected":false},"author":2,"featured_media":13611,"comment_status":"open","ping_status":"open","sticky":false,"template":"","format":"standard","meta":{"footnotes":""},"categories":[161,1],"tags":[],"class_list":["post-13610","post","type-post","status-publish","format-standard","has-post-thumbnail","hentry","category-el-papa-leonxiv","category-noticiasdiocesanas"],"_links":{"self":[{"href":"https:\/\/obispadodezaratecampana.org\/index.php?rest_route=\/wp\/v2\/posts\/13610","targetHints":{"allow":["GET"]}}],"collection":[{"href":"https:\/\/obispadodezaratecampana.org\/index.php?rest_route=\/wp\/v2\/posts"}],"about":[{"href":"https:\/\/obispadodezaratecampana.org\/index.php?rest_route=\/wp\/v2\/types\/post"}],"author":[{"embeddable":true,"href":"https:\/\/obispadodezaratecampana.org\/index.php?rest_route=\/wp\/v2\/users\/2"}],"replies":[{"embeddable":true,"href":"https:\/\/obispadodezaratecampana.org\/index.php?rest_route=%2Fwp%2Fv2%2Fcomments&post=13610"}],"version-history":[{"count":1,"href":"https:\/\/obispadodezaratecampana.org\/index.php?rest_route=\/wp\/v2\/posts\/13610\/revisions"}],"predecessor-version":[{"id":13612,"href":"https:\/\/obispadodezaratecampana.org\/index.php?rest_route=\/wp\/v2\/posts\/13610\/revisions\/13612"}],"wp:featuredmedia":[{"embeddable":true,"href":"https:\/\/obispadodezaratecampana.org\/index.php?rest_route=\/wp\/v2\/media\/13611"}],"wp:attachment":[{"href":"https:\/\/obispadodezaratecampana.org\/index.php?rest_route=%2Fwp%2Fv2%2Fmedia&parent=13610"}],"wp:term":[{"taxonomy":"category","embeddable":true,"href":"https:\/\/obispadodezaratecampana.org\/index.php?rest_route=%2Fwp%2Fv2%2Fcategories&post=13610"},{"taxonomy":"post_tag","embeddable":true,"href":"https:\/\/obispadodezaratecampana.org\/index.php?rest_route=%2Fwp%2Fv2%2Ftags&post=13610"}],"curies":[{"name":"wp","href":"https:\/\/api.w.org\/{rel}","templated":true}]}}