{"id":13596,"date":"2017-04-21T15:15:44","date_gmt":"2017-04-21T18:15:44","guid":{"rendered":"http:\/\/obispadodezaratecampana.org\/?p=13596"},"modified":"2017-04-22T15:40:26","modified_gmt":"2017-04-22T18:40:26","slug":"29-y-30-de-abril-1-congreso-del-laicado-rogacionista-campana","status":"publish","type":"post","link":"https:\/\/obispadodezaratecampana.org\/?p=13596","title":{"rendered":"29 y 30 de abril: 1\u00b0 Congreso del Laicado Rogacionista. Campana"},"content":{"rendered":"<p style=\"text-align: justify;\"><strong><span style=\"color: #800080;\">Campana ser\u00e1 sede del 1\u00ba Congreso del Laicado Rogacionista del \u00c1rea Hisp\u00e1nica.<\/span><\/strong><\/p>\n<p style=\"text-align: justify;\"><em><span style=\"color: #800080;\"> El tema ser\u00e1 \u201cNuestra identidad carism\u00e1tica en los desaf\u00edos de hoy\u201d. Se realizar\u00e1 los d\u00edas 29 y 30 de abril del corriente a\u00f1o en las instalaciones de la Parroquia Nuestra Se\u00f1ora del Carmen y del Colegio Rogacionista Padre An\u00edbal Mar\u00eda Di Francia. Participar\u00e1n m\u00e1s de setenta congresistas provenientes de distintos pa\u00edses de habla hisp\u00e1nica.<\/span><\/em><\/p>\n<p style=\"text-align: justify;\"><span style=\"color: #800080;\"> La Congregaci\u00f3n de los Padres Rogacionistas del Coraz\u00f3n de Jes\u00fas confirm\u00f3 que nuestra ciudad ser\u00e1 la sede del 1\u00ba Congreso del Laicado Rogacionista del \u00c1rea Hisp\u00e1nica. El mismo es una iniciativa que surge por la preocupaci\u00f3n de la Congregaci\u00f3n en fortalecer la participaci\u00f3n de los laicos rogacionistas en las comunidades eclesiales, de acuerdo a la propuesta del Concilio Vaticano II y a las constantes exhortaciones que en ese sentido viene realizando el Papa Francisco.<\/span><\/p>\n<p style=\"text-align: justify;\"><span style=\"color: #800080;\"> La cita tendr\u00e1 lugar entre los d\u00edas 29 y 30 de abril de 2017 en las instalaciones de la Parroquia Nuestra Se\u00f1ora del Carmen y del Colegio Rogacionista Padre An\u00edbal Mar\u00eda Di Francia, en la ciudad de Campana (provincia de Buenos Aires, Rep\u00fablica Argentina) y contar\u00e1 con la participaci\u00f3n de congresistas provenientes de distintos pa\u00edses de habla hisp\u00e1nica. Argentina y Paraguay encabezan la convocatoria por ser los pa\u00edses que conforman el \u00c1rea Hisp\u00e1nica de la Congregaci\u00f3n. No obstante la Comisi\u00f3n Organizadora ha decidido tambi\u00e9n invitar a comunidades de otros pa\u00edses hisp\u00e1nicos que conforman otras \u00e1reas de la Congregaci\u00f3n Rogacionista: habr\u00e1 representantes de Bolivia, Colombia, Espa\u00f1a y M\u00e9xico.<\/span><\/p>\n<p style=\"text-align: justify;\"><span style=\"color: #800080;\">El tema del Congreso ser\u00e1 \u201cNuestra identidad carism\u00e1tica en los desaf\u00edos de hoy\u201d y el lema \u201cAl ver las muchedumbres, se compadec\u00eda de ellas. Entonces dijo: Rogate\u201d. El asesor de la misma ser\u00e1 el Padre \u00c1ngelo Mezzari, sacerdote rogacionista brasilero, quien hasta el mes de julio del a\u00f1o pasado fuera el Superior General de la Congregaci\u00f3n. Los congresistas, que ser\u00e1n m\u00e1s de setenta, son integrantes de Familias Rog y Uni\u00f3n de Oraci\u00f3n por las Vocaciones (asociaciones laicales rogacionistas), de las Misioneras Rogacionistas (Asociaci\u00f3n laical de Vida Consagrada), de las obras socioeducativas a cargo de la Congregaci\u00f3n y de pastorales afines al carisma. Tambi\u00e9n acompa\u00f1ar\u00e1n el desarrollo del evento religiosas de la Congregaci\u00f3n de las Hermanas Rogacionistas, y religiosos y sacerdotes de la Congregaci\u00f3n de los Rogacionistas del Coraz\u00f3n de Jes\u00fas. Entre estos \u00faltimos, cabe destacar la presencia del Superior Provincial de los Rogacionistas, Padre Juarez Albino Destro, que llegar\u00e1 desde San Pablo para participar del Congreso.<\/span><\/p>\n<p style=\"text-align: justify;\"><strong><span style=\"color: #800080;\">Contacto: Ruben Luquez: (03489) 15-457994 \/ Hno. Rodrigo Gol\u00e1n:+55 (11) 981276582 \/comunicaci\u00f3n@rogacionista.org<\/span><\/strong><\/p>\n<p style=\"text-align: justify;\"><strong><span style=\"color: #800080;\"> Congreso en Facebook:<\/span><\/strong><\/p>\n<p style=\"text-align: justify;\"><a title=\"rogacionistas\" href=\"https:\/\/www.facebook.com\/1%C2%BA-Congreso-del-Laicado-Rogacionista-del-%C3%81rea-Hisp%C3%A1nica-708116312681624\/\" target=\"_blank\"><strong><span style=\"color: #800080;\">https:\/\/www.facebook.com\/1%C2%BA-Congreso-del-Laicado-Rogacionista-del-%C3%81rea-Hisp%C3%A1nica-708116312681624\/<\/span><\/strong><\/a><\/p>\n<p style=\"text-align: justify;\">\n<!-- AddThis Advanced Settings generic via filter on the_content --><!-- AddThis Share Buttons generic via filter on the_content -->","protected":false},"excerpt":{"rendered":"<p>Campana ser\u00e1 sede del 1\u00ba Congreso del Laicado Rogacionista del \u00c1rea Hisp\u00e1nica. El tema ser\u00e1 \u201cNuestra identidad carism\u00e1tica en los desaf\u00edos de hoy\u201d. Se realizar\u00e1 [&hellip;]<!-- AddThis Advanced Settings generic via filter on get_the_excerpt --><!-- AddThis Share Buttons generic via filter on get_the_excerpt --><\/p>\n","protected":false},"author":2,"featured_media":13597,"comment_status":"open","ping_status":"open","sticky":false,"template":"","format":"standard","meta":{"footnotes":""},"categories":[4,1],"tags":[],"class_list":["post-13596","post","type-post","status-publish","format-standard","has-post-thumbnail","hentry","category-movimientosinstituciones","category-noticiasdiocesanas"],"_links":{"self":[{"href":"https:\/\/obispadodezaratecampana.org\/index.php?rest_route=\/wp\/v2\/posts\/13596","targetHints":{"allow":["GET"]}}],"collection":[{"href":"https:\/\/obispadodezaratecampana.org\/index.php?rest_route=\/wp\/v2\/posts"}],"about":[{"href":"https:\/\/obispadodezaratecampana.org\/index.php?rest_route=\/wp\/v2\/types\/post"}],"author":[{"embeddable":true,"href":"https:\/\/obispadodezaratecampana.org\/index.php?rest_route=\/wp\/v2\/users\/2"}],"replies":[{"embeddable":true,"href":"https:\/\/obispadodezaratecampana.org\/index.php?rest_route=%2Fwp%2Fv2%2Fcomments&post=13596"}],"version-history":[{"count":4,"href":"https:\/\/obispadodezaratecampana.org\/index.php?rest_route=\/wp\/v2\/posts\/13596\/revisions"}],"predecessor-version":[{"id":13825,"href":"https:\/\/obispadodezaratecampana.org\/index.php?rest_route=\/wp\/v2\/posts\/13596\/revisions\/13825"}],"wp:featuredmedia":[{"embeddable":true,"href":"https:\/\/obispadodezaratecampana.org\/index.php?rest_route=\/wp\/v2\/media\/13597"}],"wp:attachment":[{"href":"https:\/\/obispadodezaratecampana.org\/index.php?rest_route=%2Fwp%2Fv2%2Fmedia&parent=13596"}],"wp:term":[{"taxonomy":"category","embeddable":true,"href":"https:\/\/obispadodezaratecampana.org\/index.php?rest_route=%2Fwp%2Fv2%2Fcategories&post=13596"},{"taxonomy":"post_tag","embeddable":true,"href":"https:\/\/obispadodezaratecampana.org\/index.php?rest_route=%2Fwp%2Fv2%2Ftags&post=13596"}],"curies":[{"name":"wp","href":"https:\/\/api.w.org\/{rel}","templated":true}]}}