{"id":13552,"date":"2017-01-25T12:46:25","date_gmt":"2017-01-25T15:46:25","guid":{"rendered":"http:\/\/obispadodezaratecampana.org\/?p=13552"},"modified":"2017-01-27T11:49:45","modified_gmt":"2017-01-27T14:49:45","slug":"nuevo-prelado-del-opus-dei-a-mons-fernando-ocariz","status":"publish","type":"post","link":"https:\/\/obispadodezaratecampana.org\/?p=13552","title":{"rendered":"Nuevo prelado del Opus Dei a Mons. Fernando Oc\u00e1riz"},"content":{"rendered":"<address style=\"text-align: justify;\"><span style=\"color: #800000;\">Fuente: www.opusdei.es 23 de enero<\/span><\/address>\n<h4 style=\"text-align: justify;\"><strong><span style=\"color: #800000;\">El Papa Francisco nombra prelado del Opus Dei a Mons. Fernando Oc\u00e1riz<\/span><\/strong><\/h4>\n<p><img fetchpriority=\"high\" decoding=\"async\" class=\" wp-image-13553 aligncenter\" src=\"http:\/\/obispadodezaratecampana.org\/wp-content\/uploads\/2017\/01\/Prelado-300x200.jpg\" alt=\"Prelado\" width=\"327\" height=\"245\" \/><\/p>\n<p style=\"text-align: justify;\"><span style=\"color: #800000;\">A \u00faltima hora de la tarde de hoy, el Papa Francisco ha nombrado prelado del Opus Dei a Mons. Fernando Oc\u00e1riz Bra\u00f1a. El Santo Padre ha confirmado la elecci\u00f3n realizada por el tercer congreso electivo de la prelatura en este mismo d\u00eda.<\/span><\/p>\n<p style=\"text-align: justify;\"><span style=\"color: #800000;\">Con este nombramiento, Mons. Fernando Oc\u00e1riz, que hasta el momento era vicario auxiliar del Opus Dei, se convierte en el tercer sucesor de san Josemar\u00eda al frente de la prelatura, tras el fallecimiento de Mons. Javier Echevarr\u00eda, el pasado 12 de diciembre.<\/span><\/p>\n<p style=\"text-align: justify;\"><span style=\"color: #800000;\">Mons. Fernando Oc\u00e1riz naci\u00f3 en Par\u00eds, el 27 de octubre de 1944, hijo de una familia espa\u00f1ola exiliada en Francia por la Guerra Civil (1936-1939). Es el m\u00e1s joven de ocho hermanos.<\/span><\/p>\n<p style=\"color: #4b443a; text-align: justify;\"><span style=\"color: #800000;\">Es licenciado en Ciencias F\u00edsicas por la Universidad de Barcelona (1966) y en Teolog\u00eda por la Pontificia Universidad Lateranense (1969). Obtuvo el doctorado en Teolog\u00eda, en 1971, en la\u00a0<a style=\"color: #858585; text-decoration: underline;\" href=\"http:\/\/www.unav.edu\/\"><span style=\"color: #800000;\">Universidad de Navarra<\/span><\/a>. Ese mismo a\u00f1o fue ordenado sacerdote. En sus primeros a\u00f1os como presb\u00edtero se dedic\u00f3 especialmente a la pastoral juvenil y universitaria.<\/span><\/p>\n<p style=\"color: #4b443a; text-align: justify;\"><span style=\"color: #800000;\">Es consultor de la Congregaci\u00f3n para la Doctrina de la Fe desde 1986 y de otros dos organismos de la Curia romana: Congregaci\u00f3n para el Clero (2003) y Pontificio Consejo para la Promoci\u00f3n de la Nueva Evangelizaci\u00f3n (2011). En 1989 ingres\u00f3 en la Pontificia Academia Teol\u00f3gica. En la d\u00e9cada de los ochenta, fue uno de los profesores que iniciaron la\u00a0<a style=\"color: #858585; text-decoration: underline;\" href=\"http:\/\/es.pusc.it\/\" target=\"_blank\"><span style=\"color: #800000;\">Universidad Pontificia de la Santa Cruz<\/span><\/a>\u00a0(Roma), donde fue profesor ordinario (ahora em\u00e9rito) de Teolog\u00eda Fundamental.<\/span><\/p>\n<p style=\"text-align: justify;\"><span style=\"color: #800000;\">The mystery of Jesus Christ: a Christology and Soteriology textbook;\u00a0<i>Hijos de Dios en Cristo. Introducci\u00f3n a una teolog\u00eda de la participaci\u00f3n sobrenatural.\u00a0<\/i>Otros vol\u00famenes tratan temas de \u00edndole teol\u00f3gica y filos\u00f3fica como\u00a0<i>Amar con obras: a Dios y a los hombres; Naturaleza, gracia y gloria,<\/i>\u00a0con prefacio del cardenal Ratzinger.<span class=\"apple-converted-space\"><i>\u00a0<\/i><\/span>En 2013 se public\u00f3 un libro entrevista de Rafael Serrano bajo el t\u00edtulo\u00a0<i>Sobre Dios, la Iglesia y el mundo.\u00a0<\/i>Entre sus obras hay dos estudios de filosof\u00eda:<i>\u00a0El marxismo: teor\u00eda y pr\u00e1ctica de una revoluci\u00f3n; Voltaire: Tratado sobre la tolerancia.\u00a0<\/i>Adem\u00e1s, es coautor de numerosas monograf\u00edas, y autor de numerosos art\u00edculos teol\u00f3gicos y filos\u00f3ficos.<\/span><\/p>\n<p style=\"text-align: justify;\"><span style=\"color: #800000;\">Desde 1994 es vicario general del Opus Dei y en 2014 fue nombrado vicario auxiliar de la prelatura. Durante los \u00faltimos 22 a\u00f1os ha acompa\u00f1ado al anterior prelado, Mons. Javier Echevarr\u00eda, en sus visitas pastorales a m\u00e1s de 70 naciones. En los a\u00f1os 60, siendo estudiante de Teolog\u00eda, convivi\u00f3 en Roma con\u00a0<span style=\"color: #800000;\">san Josemar\u00eda Escriv\u00e1, fundador del Opus Dei<\/span>. Desde joven es aficionado al tenis, deporte que sigue practicando.<\/span><\/p>\n<p style=\"text-align: justify;\"><span style=\"color: #800000;\">En los pr\u00f3ximos d\u00edas, el nuevo prelado propondr\u00e1 a los congresistas los nombres de sus vicarios, as\u00ed como el de los dem\u00e1s nuevos miembros de los consejos que le asistir\u00e1n durante los pr\u00f3ximos 8 a\u00f1os.<\/span><\/p>\n<!-- AddThis Advanced Settings generic via filter on the_content --><!-- AddThis Share Buttons generic via filter on the_content -->","protected":false},"excerpt":{"rendered":"<p>Fuente: www.opusdei.es 23 de enero El Papa Francisco nombra prelado del Opus Dei a Mons. Fernando Oc\u00e1riz A \u00faltima hora de la tarde de hoy, [&hellip;]<!-- AddThis Advanced Settings generic via filter on get_the_excerpt --><!-- AddThis Share Buttons generic via filter on get_the_excerpt --><\/p>\n","protected":false},"author":2,"featured_media":13553,"comment_status":"open","ping_status":"open","sticky":false,"template":"","format":"standard","meta":{"footnotes":""},"categories":[4],"tags":[],"class_list":["post-13552","post","type-post","status-publish","format-standard","has-post-thumbnail","hentry","category-movimientosinstituciones"],"_links":{"self":[{"href":"https:\/\/obispadodezaratecampana.org\/index.php?rest_route=\/wp\/v2\/posts\/13552","targetHints":{"allow":["GET"]}}],"collection":[{"href":"https:\/\/obispadodezaratecampana.org\/index.php?rest_route=\/wp\/v2\/posts"}],"about":[{"href":"https:\/\/obispadodezaratecampana.org\/index.php?rest_route=\/wp\/v2\/types\/post"}],"author":[{"embeddable":true,"href":"https:\/\/obispadodezaratecampana.org\/index.php?rest_route=\/wp\/v2\/users\/2"}],"replies":[{"embeddable":true,"href":"https:\/\/obispadodezaratecampana.org\/index.php?rest_route=%2Fwp%2Fv2%2Fcomments&post=13552"}],"version-history":[{"count":2,"href":"https:\/\/obispadodezaratecampana.org\/index.php?rest_route=\/wp\/v2\/posts\/13552\/revisions"}],"predecessor-version":[{"id":13561,"href":"https:\/\/obispadodezaratecampana.org\/index.php?rest_route=\/wp\/v2\/posts\/13552\/revisions\/13561"}],"wp:featuredmedia":[{"embeddable":true,"href":"https:\/\/obispadodezaratecampana.org\/index.php?rest_route=\/wp\/v2\/media\/13553"}],"wp:attachment":[{"href":"https:\/\/obispadodezaratecampana.org\/index.php?rest_route=%2Fwp%2Fv2%2Fmedia&parent=13552"}],"wp:term":[{"taxonomy":"category","embeddable":true,"href":"https:\/\/obispadodezaratecampana.org\/index.php?rest_route=%2Fwp%2Fv2%2Fcategories&post=13552"},{"taxonomy":"post_tag","embeddable":true,"href":"https:\/\/obispadodezaratecampana.org\/index.php?rest_route=%2Fwp%2Fv2%2Ftags&post=13552"}],"curies":[{"name":"wp","href":"https:\/\/api.w.org\/{rel}","templated":true}]}}