{"id":13537,"date":"2017-02-17T10:00:11","date_gmt":"2017-02-17T13:00:11","guid":{"rendered":"http:\/\/obispadodezaratecampana.org\/?p=13537"},"modified":"2017-02-17T10:35:07","modified_gmt":"2017-02-17T13:35:07","slug":"domingo-19-de-febrero-jubileo-de-oro-renovacion-carismatica-catolica","status":"publish","type":"post","link":"https:\/\/obispadodezaratecampana.org\/?p=13537","title":{"rendered":"Domingo 19 de febrero: Jubileo de Oro Renovaci\u00f3n Carism\u00e1tica Cat\u00f3lica"},"content":{"rendered":"<p>Pueden descargar el afiche desde el siguiente enlace:<\/p>\n<p><a title=\"Rcc\" href=\"https:\/\/drive.google.com\/file\/d\/0B_J1pci5_523UGl1ZXFsUmpVdEU\/view?usp=sharing\" target=\"_blank\">https:\/\/drive.google.com\/file\/d\/0B_J1pci5_523UGl1ZXFsUmpVdEU\/view?usp=sharing<\/a><\/p>\n<p><img fetchpriority=\"high\" decoding=\"async\" class=\" wp-image-13671 aligncenter\" src=\"http:\/\/obispadodezaratecampana.org\/wp-content\/uploads\/2017\/02\/misa-rcc-300x252.jpg\" alt=\"misa rcc\" width=\"401\" height=\"337\" srcset=\"https:\/\/obispadodezaratecampana.org\/wp-content\/uploads\/2017\/02\/misa-rcc-300x252.jpg 300w, https:\/\/obispadodezaratecampana.org\/wp-content\/uploads\/2017\/02\/misa-rcc.jpg 452w\" sizes=\"(max-width: 401px) 100vw, 401px\" \/><\/p>\n<!-- AddThis Advanced Settings generic via filter on the_content --><!-- AddThis Share Buttons generic via filter on the_content -->","protected":false},"excerpt":{"rendered":"<p>Pueden descargar el afiche desde el siguiente enlace: https:\/\/drive.google.com\/file\/d\/0B_J1pci5_523UGl1ZXFsUmpVdEU\/view?usp=sharing<!-- AddThis Advanced Settings generic via filter on get_the_excerpt --><!-- AddThis Share Buttons generic via filter on get_the_excerpt --><\/p>\n","protected":false},"author":2,"featured_media":13671,"comment_status":"open","ping_status":"open","sticky":false,"template":"","format":"standard","meta":{"footnotes":""},"categories":[4,1],"tags":[],"class_list":["post-13537","post","type-post","status-publish","format-standard","has-post-thumbnail","hentry","category-movimientosinstituciones","category-noticiasdiocesanas"],"_links":{"self":[{"href":"https:\/\/obispadodezaratecampana.org\/index.php?rest_route=\/wp\/v2\/posts\/13537","targetHints":{"allow":["GET"]}}],"collection":[{"href":"https:\/\/obispadodezaratecampana.org\/index.php?rest_route=\/wp\/v2\/posts"}],"about":[{"href":"https:\/\/obispadodezaratecampana.org\/index.php?rest_route=\/wp\/v2\/types\/post"}],"author":[{"embeddable":true,"href":"https:\/\/obispadodezaratecampana.org\/index.php?rest_route=\/wp\/v2\/users\/2"}],"replies":[{"embeddable":true,"href":"https:\/\/obispadodezaratecampana.org\/index.php?rest_route=%2Fwp%2Fv2%2Fcomments&post=13537"}],"version-history":[{"count":3,"href":"https:\/\/obispadodezaratecampana.org\/index.php?rest_route=\/wp\/v2\/posts\/13537\/revisions"}],"predecessor-version":[{"id":13673,"href":"https:\/\/obispadodezaratecampana.org\/index.php?rest_route=\/wp\/v2\/posts\/13537\/revisions\/13673"}],"wp:featuredmedia":[{"embeddable":true,"href":"https:\/\/obispadodezaratecampana.org\/index.php?rest_route=\/wp\/v2\/media\/13671"}],"wp:attachment":[{"href":"https:\/\/obispadodezaratecampana.org\/index.php?rest_route=%2Fwp%2Fv2%2Fmedia&parent=13537"}],"wp:term":[{"taxonomy":"category","embeddable":true,"href":"https:\/\/obispadodezaratecampana.org\/index.php?rest_route=%2Fwp%2Fv2%2Fcategories&post=13537"},{"taxonomy":"post_tag","embeddable":true,"href":"https:\/\/obispadodezaratecampana.org\/index.php?rest_route=%2Fwp%2Fv2%2Ftags&post=13537"}],"curies":[{"name":"wp","href":"https:\/\/api.w.org\/{rel}","templated":true}]}}