{"id":13521,"date":"2017-01-23T13:43:18","date_gmt":"2017-01-23T16:43:18","guid":{"rendered":"http:\/\/obispadodezaratecampana.org\/?p=13521"},"modified":"2017-01-23T13:43:18","modified_gmt":"2017-01-23T16:43:18","slug":"jesus-es-un-profeta-itinerante-en-busca-de-la-gente-dijo-francisco","status":"publish","type":"post","link":"https:\/\/obispadodezaratecampana.org\/?p=13521","title":{"rendered":"Jes\u00fas es un profeta itinerante en busca de la gente, dijo Francisco"},"content":{"rendered":"<p style=\"text-align: justify;\"><span style=\"color: #800000;\">\u201cJes\u00fas elige ser un profeta itinerante. No se queda esperando a la gente, sino que se mueve hacia ella. Jes\u00fas est\u00e1 siempre por la calle\u201d, dijo el papa Francisco este domingo en sus palabras previas al rezo del \u00c1ngelus.<\/span><\/p>\n<p style=\"text-align: justify;\"><span style=\"color: #800000;\">Reflexionando sobre los textos b\u00edblicos del d\u00eda en los que se relata las primeras salidas misioneras de Jes\u00fas junto al mar de Galilea y su encuentro con las dos parejas de hermanos: Sim\u00f3n y Andr\u00e9s, Santiago y Juan a los que llama a seguirlo. El Santo Padre indic\u00f3 que la llama de Jes\u00fas \u201cllega en medio de sus actividades cotidianas: el Se\u00f1or se revela a nosotros no en modo extraordinario o enceguecedor, sino en la cotidianidad de nuestra vida\u201d.<\/span><\/p>\n<p style=\"text-align: justify;\"><span style=\"color: #800000;\">Francisco explic\u00f3 que \u201cah\u00ed debemos encontrar al Se\u00f1or; y ah\u00ed \u00c9l se revela, hace sentir su amor a nuestro coraz\u00f3n; y all\u00ed \u2013con este di\u00e1logo con \u00c9l en la cotidianeidad de nuestra vida\u2013 cambia nuestro coraz\u00f3n\u201d.<\/span><\/p>\n<p style=\"text-align: justify;\"><span style=\"color: #800000;\">\u201cLa respuesta de los cuatro pescadores es inmediata y r\u00e1pida\u201d, se\u00f1al\u00f3 el Papa y exhort\u00f3 a que los cristianos de hoy al tomar conciencia de estos inicios de la vida apost\u00f3lica \u201cinspire en nosotros el deseo de llevar la palabra, el amor y la ternura de Jes\u00fas a cada contexto, inclusive a aquel m\u00e1s inaccesible y resistente. \u00a1Llevar la Palabra a todas las periferias! Todos los espacios del vivir humano son terreno en el que arrojar las semillas del Evangelio, para que d\u00e9 frutos de salvaci\u00f3n\u201d.<\/span><\/p>\n<p style=\"text-align: justify;\"><span style=\"color: #800000;\">El pont\u00edfice concluy\u00f3 invocando la intercesi\u00f3n de la Virgen Mar\u00eda para que \u201cnos ayude con su maternal intercesi\u00f3n a responder con alegr\u00eda a la llamada de Jes\u00fas y a ponernos al servicio del Reino de Dios\u201d.+ <\/span><\/p>\n<p style=\"text-align: justify;\"><span style=\"color: #800000;\">Fuente: AICA 22 de enero<\/span><\/p>\n<p style=\"text-align: justify;\">\n<!-- AddThis Advanced Settings generic via filter on the_content --><!-- AddThis Share Buttons generic via filter on the_content -->","protected":false},"excerpt":{"rendered":"<p>\u201cJes\u00fas elige ser un profeta itinerante. No se queda esperando a la gente, sino que se mueve hacia ella. Jes\u00fas est\u00e1 siempre por la calle\u201d, [&hellip;]<!-- AddThis Advanced Settings generic via filter on get_the_excerpt --><!-- AddThis Share Buttons generic via filter on get_the_excerpt --><\/p>\n","protected":false},"author":2,"featured_media":13522,"comment_status":"open","ping_status":"open","sticky":false,"template":"","format":"standard","meta":{"footnotes":""},"categories":[161,1],"tags":[],"class_list":["post-13521","post","type-post","status-publish","format-standard","has-post-thumbnail","hentry","category-el-papa-leonxiv","category-noticiasdiocesanas"],"_links":{"self":[{"href":"https:\/\/obispadodezaratecampana.org\/index.php?rest_route=\/wp\/v2\/posts\/13521","targetHints":{"allow":["GET"]}}],"collection":[{"href":"https:\/\/obispadodezaratecampana.org\/index.php?rest_route=\/wp\/v2\/posts"}],"about":[{"href":"https:\/\/obispadodezaratecampana.org\/index.php?rest_route=\/wp\/v2\/types\/post"}],"author":[{"embeddable":true,"href":"https:\/\/obispadodezaratecampana.org\/index.php?rest_route=\/wp\/v2\/users\/2"}],"replies":[{"embeddable":true,"href":"https:\/\/obispadodezaratecampana.org\/index.php?rest_route=%2Fwp%2Fv2%2Fcomments&post=13521"}],"version-history":[{"count":1,"href":"https:\/\/obispadodezaratecampana.org\/index.php?rest_route=\/wp\/v2\/posts\/13521\/revisions"}],"predecessor-version":[{"id":13523,"href":"https:\/\/obispadodezaratecampana.org\/index.php?rest_route=\/wp\/v2\/posts\/13521\/revisions\/13523"}],"wp:featuredmedia":[{"embeddable":true,"href":"https:\/\/obispadodezaratecampana.org\/index.php?rest_route=\/wp\/v2\/media\/13522"}],"wp:attachment":[{"href":"https:\/\/obispadodezaratecampana.org\/index.php?rest_route=%2Fwp%2Fv2%2Fmedia&parent=13521"}],"wp:term":[{"taxonomy":"category","embeddable":true,"href":"https:\/\/obispadodezaratecampana.org\/index.php?rest_route=%2Fwp%2Fv2%2Fcategories&post=13521"},{"taxonomy":"post_tag","embeddable":true,"href":"https:\/\/obispadodezaratecampana.org\/index.php?rest_route=%2Fwp%2Fv2%2Ftags&post=13521"}],"curies":[{"name":"wp","href":"https:\/\/api.w.org\/{rel}","templated":true}]}}