{"id":13518,"date":"2017-01-18T11:05:49","date_gmt":"2017-01-18T14:05:49","guid":{"rendered":"http:\/\/obispadodezaratecampana.org\/?p=13518"},"modified":"2017-01-18T11:05:49","modified_gmt":"2017-01-18T14:05:49","slug":"18-al-25-de-enero-semana-de-oracion-por-la-unidad-de-los-cristianos","status":"publish","type":"post","link":"https:\/\/obispadodezaratecampana.org\/?p=13518","title":{"rendered":"18 al 25 de enero: Semana de Oraci\u00f3n por la Unidad de los Cristianos"},"content":{"rendered":"<p style=\"color: #000000; text-align: justify;\"><span style=\"color: #000080;\">VATICANO, 18 Ene. 17 \/ 02:05 am (<b><a style=\"color: #006699; text-decoration: underline;\" href=\"http:\/\/www.aciprensa.com\/\"><span style=\"color: #000080;\">ACI<\/span><\/a><\/b>).- Hoy 18 de enero y hasta el d\u00eda 25 de este mes se celebra la Semana de Oraci\u00f3n por la Unidad de los Cristianos que este a\u00f1o lleva por t\u00edtulo \u201cReconciliaci\u00f3n. El amor de Cristo nos apremia\u201d, una cita tomada de 2 Co 5, 14-20.<\/span><\/p>\n<p style=\"color: #000000; text-align: justify;\"><span style=\"color: #000080;\">El sitio web del Vaticano recuerda que las fechas de la celebraci\u00f3n de esta semana \u201cfueron propuestas en 1908 por (el sacerdote anglicano) Paul Watson para cubrir el periodo entre la fiesta de San Pedro y la de San Pablo, que tienen un hondo significado\u201d.<\/span><\/p>\n<p style=\"color: #000000; text-align: justify;\"><span style=\"color: #000080;\">En el hemisferio sur donde el mes de enero es tiempo de vacaciones de verano, explican, \u201clas Iglesias frecuentemente adoptan otras fechas para celebrar la Semana de Oraci\u00f3n, por ejemplo en torno a Pentecost\u00e9s (sugerido por el movimiento Fe y Constituci\u00f3n en 1926), que representa tambi\u00e9n otra fecha significativa para la unidad de la\u00a0<a style=\"color: #006699; text-decoration: underline;\" href=\"http:\/\/www.aciprensa.com\/iglesia\/index.html\"><span style=\"color: #000080;\">Iglesia<\/span><\/a>\u201d.<\/span><\/p>\n<p style=\"color: #000000; text-align: justify;\"><span style=\"color: #000080;\">En el marco de estas celebraciones y como es habitual cada a\u00f1o, el lunes 25 de enero, Fiesta de la Conversi\u00f3n de San Pablo Ap\u00f3stol, el Papa Francisco presidir\u00e1 una celebraci\u00f3n ecum\u00e9nica a las 17.30 en la Bas\u00edlica de San Pablo Extramuros.<\/span><\/p>\n<p style=\"color: #000000; text-align: justify;\"><span style=\"color: #000080;\">Como se recuerda, San Pablo \u2013entonces conocido como Saulo\u2013 fue derribado del caballo camino a Damasco por el mismo Jes\u00fas a trav\u00e9s de una luz del\u00a0<a style=\"color: #006699; text-decoration: underline;\" href=\"http:\/\/www.aciprensa.com\/Docum\/cat-cielo.htm\"><span style=\"color: #000080;\">cielo<\/span><\/a>\u00a0que brill\u00f3 sobre \u00e9l y sus compa\u00f1eros, ceg\u00e1ndolo por espacio de tres d\u00edas. Durante ese tiempo, Saulo permaneci\u00f3 en casa de un jud\u00edo llamado Judas, sin comer ni beber.<\/span><\/p>\n<p style=\"color: #000000; text-align: justify;\"><span style=\"color: #000080;\">El cristiano Anan\u00edas, por pedido de Cristo, fue al encuentro de Saulo, quien recuper\u00f3 la vista y se convirti\u00f3, accediendo al bautismo y predicando en las sinagogas al Hijo de Dios, con gran asombro de sus oyentes. As\u00ed, el antiguo perseguidor se convirti\u00f3 en ap\u00f3stol y fue elegido por Dios como uno de sus principales instrumentos para la conversi\u00f3n del mundo.<\/span><\/p>\n<!-- AddThis Advanced Settings generic via filter on the_content --><!-- AddThis Share Buttons generic via filter on the_content -->","protected":false},"excerpt":{"rendered":"<p>VATICANO, 18 Ene. 17 \/ 02:05 am (ACI).- Hoy 18 de enero y hasta el d\u00eda 25 de este mes se celebra la Semana de [&hellip;]<!-- AddThis Advanced Settings generic via filter on get_the_excerpt --><!-- AddThis Share Buttons generic via filter on get_the_excerpt --><\/p>\n","protected":false},"author":2,"featured_media":13519,"comment_status":"open","ping_status":"open","sticky":false,"template":"","format":"standard","meta":{"footnotes":""},"categories":[161,1],"tags":[],"class_list":["post-13518","post","type-post","status-publish","format-standard","has-post-thumbnail","hentry","category-el-papa-leonxiv","category-noticiasdiocesanas"],"_links":{"self":[{"href":"https:\/\/obispadodezaratecampana.org\/index.php?rest_route=\/wp\/v2\/posts\/13518","targetHints":{"allow":["GET"]}}],"collection":[{"href":"https:\/\/obispadodezaratecampana.org\/index.php?rest_route=\/wp\/v2\/posts"}],"about":[{"href":"https:\/\/obispadodezaratecampana.org\/index.php?rest_route=\/wp\/v2\/types\/post"}],"author":[{"embeddable":true,"href":"https:\/\/obispadodezaratecampana.org\/index.php?rest_route=\/wp\/v2\/users\/2"}],"replies":[{"embeddable":true,"href":"https:\/\/obispadodezaratecampana.org\/index.php?rest_route=%2Fwp%2Fv2%2Fcomments&post=13518"}],"version-history":[{"count":1,"href":"https:\/\/obispadodezaratecampana.org\/index.php?rest_route=\/wp\/v2\/posts\/13518\/revisions"}],"predecessor-version":[{"id":13520,"href":"https:\/\/obispadodezaratecampana.org\/index.php?rest_route=\/wp\/v2\/posts\/13518\/revisions\/13520"}],"wp:featuredmedia":[{"embeddable":true,"href":"https:\/\/obispadodezaratecampana.org\/index.php?rest_route=\/wp\/v2\/media\/13519"}],"wp:attachment":[{"href":"https:\/\/obispadodezaratecampana.org\/index.php?rest_route=%2Fwp%2Fv2%2Fmedia&parent=13518"}],"wp:term":[{"taxonomy":"category","embeddable":true,"href":"https:\/\/obispadodezaratecampana.org\/index.php?rest_route=%2Fwp%2Fv2%2Fcategories&post=13518"},{"taxonomy":"post_tag","embeddable":true,"href":"https:\/\/obispadodezaratecampana.org\/index.php?rest_route=%2Fwp%2Fv2%2Ftags&post=13518"}],"curies":[{"name":"wp","href":"https:\/\/api.w.org\/{rel}","templated":true}]}}