{"id":13500,"date":"2017-01-27T11:16:43","date_gmt":"2017-01-27T14:16:43","guid":{"rendered":"http:\/\/obispadodezaratecampana.org\/?p=13500"},"modified":"2017-01-27T12:53:24","modified_gmt":"2017-01-27T15:53:24","slug":"sabado-y-domingo-4-y-5-de-febrero-campamento-de-jovenes-en-pilar","status":"publish","type":"post","link":"https:\/\/obispadodezaratecampana.org\/?p=13500","title":{"rendered":"S\u00e1bado y Domingo 4 y 5 de febrero: Campamento de J\u00f3venes en Pilar"},"content":{"rendered":"<h4 style=\"text-align: center;\"><span style=\"color: #993366;\">CAMPAMENTO DE J\u00d3VENES<\/span><\/h4>\n<h4 style=\"text-align: center;\"><span style=\"color: #993366;\"> 4 y 5 de febrero en la Casa de Retiro San Agust\u00edn, La Lonja, Pilar<\/span><\/h4>\n<h4 style=\"text-align: center;\"><span style=\"color: #993366;\">Invita: la Renovaci\u00f3n Carism\u00e1tica Cat\u00f3lica de la di\u00f3cesis de Z\u00e1rate &#8211; Campana<\/span><\/h4>\n<h4 style=\"text-align: center;\"><span style=\"color: #993366;\">Consultas: 03487 15 619021<\/span><\/h4>\n<h4><span style=\"color: #993366;\">Pueden descargar el afiche desde el siguiente enlace:\u00a0<\/span><\/h4>\n<p><a title=\"afiche\" href=\"https:\/\/drive.google.com\/file\/d\/0B_J1pci5_523Mkl0ZDU0ZjNGWXM\/view?usp=sharing\" target=\"_blank\">https:\/\/drive.google.com\/file\/d\/0B_J1pci5_523Mkl0ZDU0ZjNGWXM\/view?usp=sharing<\/a><\/p>\n<p><img fetchpriority=\"high\" decoding=\"async\" class=\" wp-image-13501 aligncenter\" src=\"http:\/\/obispadodezaratecampana.org\/wp-content\/uploads\/2017\/01\/15894310_560768530787542_6409875896933454805_n-300x300.jpg\" alt=\"15894310_560768530787542_6409875896933454805_n\" width=\"371\" height=\"371\" srcset=\"https:\/\/obispadodezaratecampana.org\/wp-content\/uploads\/2017\/01\/15894310_560768530787542_6409875896933454805_n-300x300.jpg 300w, https:\/\/obispadodezaratecampana.org\/wp-content\/uploads\/2017\/01\/15894310_560768530787542_6409875896933454805_n-150x150.jpg 150w, https:\/\/obispadodezaratecampana.org\/wp-content\/uploads\/2017\/01\/15894310_560768530787542_6409875896933454805_n.jpg 429w\" sizes=\"(max-width: 371px) 100vw, 371px\" \/><\/p>\n<p>&nbsp;<\/p>\n<!-- AddThis Advanced Settings generic via filter on the_content --><!-- AddThis Share Buttons generic via filter on the_content -->","protected":false},"excerpt":{"rendered":"<p>CAMPAMENTO DE J\u00d3VENES 4 y 5 de febrero en la Casa de Retiro San Agust\u00edn, La Lonja, Pilar Invita: la Renovaci\u00f3n Carism\u00e1tica Cat\u00f3lica de la [&hellip;]<!-- AddThis Advanced Settings generic via filter on get_the_excerpt --><!-- AddThis Share Buttons generic via filter on get_the_excerpt --><\/p>\n","protected":false},"author":2,"featured_media":13501,"comment_status":"open","ping_status":"open","sticky":false,"template":"","format":"standard","meta":{"footnotes":""},"categories":[4,1],"tags":[],"class_list":["post-13500","post","type-post","status-publish","format-standard","has-post-thumbnail","hentry","category-movimientosinstituciones","category-noticiasdiocesanas"],"_links":{"self":[{"href":"https:\/\/obispadodezaratecampana.org\/index.php?rest_route=\/wp\/v2\/posts\/13500","targetHints":{"allow":["GET"]}}],"collection":[{"href":"https:\/\/obispadodezaratecampana.org\/index.php?rest_route=\/wp\/v2\/posts"}],"about":[{"href":"https:\/\/obispadodezaratecampana.org\/index.php?rest_route=\/wp\/v2\/types\/post"}],"author":[{"embeddable":true,"href":"https:\/\/obispadodezaratecampana.org\/index.php?rest_route=\/wp\/v2\/users\/2"}],"replies":[{"embeddable":true,"href":"https:\/\/obispadodezaratecampana.org\/index.php?rest_route=%2Fwp%2Fv2%2Fcomments&post=13500"}],"version-history":[{"count":1,"href":"https:\/\/obispadodezaratecampana.org\/index.php?rest_route=\/wp\/v2\/posts\/13500\/revisions"}],"predecessor-version":[{"id":13502,"href":"https:\/\/obispadodezaratecampana.org\/index.php?rest_route=\/wp\/v2\/posts\/13500\/revisions\/13502"}],"wp:featuredmedia":[{"embeddable":true,"href":"https:\/\/obispadodezaratecampana.org\/index.php?rest_route=\/wp\/v2\/media\/13501"}],"wp:attachment":[{"href":"https:\/\/obispadodezaratecampana.org\/index.php?rest_route=%2Fwp%2Fv2%2Fmedia&parent=13500"}],"wp:term":[{"taxonomy":"category","embeddable":true,"href":"https:\/\/obispadodezaratecampana.org\/index.php?rest_route=%2Fwp%2Fv2%2Fcategories&post=13500"},{"taxonomy":"post_tag","embeddable":true,"href":"https:\/\/obispadodezaratecampana.org\/index.php?rest_route=%2Fwp%2Fv2%2Ftags&post=13500"}],"curies":[{"name":"wp","href":"https:\/\/api.w.org\/{rel}","templated":true}]}}