{"id":13483,"date":"2017-01-05T10:25:22","date_gmt":"2017-01-05T13:25:22","guid":{"rendered":"http:\/\/obispadodezaratecampana.org\/?p=13483"},"modified":"2017-01-10T11:09:14","modified_gmt":"2017-01-10T14:09:14","slug":"no-se-olviden-de-hacer-el-bien-y-de-ayudarse-mutuamente-colecta-pro-africa-7-y-8-de-enero","status":"publish","type":"post","link":"https:\/\/obispadodezaratecampana.org\/?p=13483","title":{"rendered":"\u201cNo se olviden de hacer el bien y de ayudarse mutuamente\u201d colecta Pro \u00c1frica: 7 y 8 de enero"},"content":{"rendered":"<p style=\"text-align: justify;\"><span style=\"color: #993300;\">\u201cNo se olviden de hacer el bien y de ayudarse mutuamente\u201d, ser\u00e1 el lema de la colecta Pro \u00c1frica, prevista para los d\u00edas 7 y 8 de enero de 2017 en todas las parroquias y capillas del pa\u00eds y cuyo objetivo es sostener la tarea evangelizadora de la Iglesia en el continente africano.<\/span><\/p>\n<p><img fetchpriority=\"high\" decoding=\"async\" class=\"size-medium wp-image-13484 aligncenter\" src=\"http:\/\/obispadodezaratecampana.org\/wp-content\/uploads\/2017\/01\/africa-233x300.jpg\" alt=\"africa\" width=\"233\" height=\"300\" srcset=\"https:\/\/obispadodezaratecampana.org\/wp-content\/uploads\/2017\/01\/africa-233x300.jpg 233w, https:\/\/obispadodezaratecampana.org\/wp-content\/uploads\/2017\/01\/africa.jpg 661w\" sizes=\"(max-width: 233px) 100vw, 233px\" \/><\/p>\n<p style=\"text-align: justify;\"><span style=\"color: #993300;\">El director nacional de las Obras Misionales Pontificias (OMP), presb\u00edtero Dante De Sanzzi, convoc\u00f3 a contribuir con generosidad en la campa\u00f1a solidaria a favor de los sacerdotes, religiosos y laicos que \u201cvan cumpliendo la llamada del Se\u00f1or a llevar el Evangelio hasta \u2018los confines de la tierra\u2019\u201d.<\/span><\/p>\n<p style=\"text-align: justify;\"><span style=\"color: #993300;\">\u201cDesde nuestra querida instituci\u00f3n hemos podido recorrer, hacia la mitad del a\u00f1o, algunas de estas zonas atendidas por los compatriotas. Con realidades similares entre los diversos pa\u00edses en cuanto a la fe del pueblo, las necesidades b\u00e1sicas que faltan en cuanto a alimentaci\u00f3n, educaci\u00f3n, infraestructura, etc.; y con un aspecto en com\u00fan: la misi\u00f3n m\u00e1s all\u00e1 de las fronteras\u201d, subray\u00f3.<\/span><\/p>\n<p style=\"text-align: justify;\"><span style=\"color: #993300;\">El sacerdote destac\u00f3 como positivo \u201cla alegr\u00eda de poder seguir adelante en este camino de evangelizaci\u00f3n\u201d y que \u201cla misi\u00f3n de la Iglesia y la solidaridad de nuestros misioneros sigue vigente\u201d.<\/span><\/p>\n<p style=\"text-align: justify;\"><span style=\"color: #993300;\">\u201cCosta de Marfil, Ghana, Angola y Mozambique fueron los destinos se\u00f1alados por Dios para hacer esta visita, corta en d\u00edas pero fruct\u00edfera en cuanto a los resultados y las conclusiones\u201d, sostuvo.<\/span><\/p>\n<p style=\"text-align: justify;\"><span style=\"color: #993300;\">\u201cHemos vivido el Domingo Mundial de las Misiones en octubre pasado. Y ahora el desaf\u00edo es seguir apoyando a los argentinos que de distintas di\u00f3cesis de nuestro pa\u00eds, partieron a compartir la Buena Nueva con los m\u00e1s necesitados\u201d, agreg\u00f3.<\/span><\/p>\n<p style=\"text-align: justify;\"><span style=\"color: #993300;\">El padre De Sanzzi se\u00f1al\u00f3 que \u201cla misi\u00f3n lejos del lugar de origen, es una vocaci\u00f3n especial, un llamado de Dios Padre a salir de nuestras comodidades e ir al encuentro de los rostros que el mismo Se\u00f1or no pone en el camino para mostrar su misericordia\u201d.<\/span><\/p>\n<p style=\"text-align: justify;\"><span style=\"color: #993300;\">\u201c\u2018No se olviden de hacer el bien y ayudarse mutuamente\u2019, dice el autor de la carta a los Hebreos. Esto agrada a Dios y a esto apuntamos en la misi\u00f3n de cada d\u00eda\u201d, concluy\u00f3.<\/span><\/p>\n<p style=\"text-align: justify;\"><span style=\"color: #993300;\">Formas de colaborar <\/span><br \/>\n<span style=\"color: #993300;\">Al ser una colecta imperada, todas las parroquias del mundo destinan lo recaudado en las colectas de las misas para el fondo com\u00fan que se env\u00eda a la Congregaci\u00f3n para la Evangelizaci\u00f3n de los Pueblos a trav\u00e9s de la Direcci\u00f3n Nacional de las OMP.<\/span><\/p>\n<p style=\"text-align: justify;\"><span style=\"color: #993300;\">Tambi\u00e9n se pueden acercar donaciones a la sede nacional de las OMP, Medrano 735, del barrio porte\u00f1o de Almagro, o se puede recurrir a cheques o giro postales (no telegr\u00e1ficos) a nombre de Obras Misionales Pontificias &#8211; Sucursal 13 del Correo Argentino.<\/span><\/p>\n<p style=\"text-align: justify;\"><span style=\"color: #993300;\">Adem\u00e1s, se puede optar por un dep\u00f3sito bancario en la cuenta corriente en pesos a nombre de Obras Misionales Pontificias, con CUIT N\u00ba 30-53703802-7, y registrada en el Banco Santander R\u00edo Suc197-1716-3. El CBU es 0720197020000000171636.<\/span><\/p>\n<p style=\"text-align: justify;\"><span style=\"color: #993300;\">Ante cualquier duda, pueden comunicarse telef\u00f3nicamente con las OMP: (011) 4862-4136, o por correo electr\u00f3nico: administracion@ompargentina.org.ar.<\/span><\/p>\n<p style=\"text-align: justify;\"><span style=\"color: #993300;\">Informes: www.ompargentina.org.ar.+ <\/span><\/p>\n<!-- AddThis Advanced Settings generic via filter on the_content --><!-- AddThis Share Buttons generic via filter on the_content -->","protected":false},"excerpt":{"rendered":"<p>\u201cNo se olviden de hacer el bien y de ayudarse mutuamente\u201d, ser\u00e1 el lema de la colecta Pro \u00c1frica, prevista para los d\u00edas 7 y [&hellip;]<!-- AddThis Advanced Settings generic via filter on get_the_excerpt --><!-- AddThis Share Buttons generic via filter on get_the_excerpt --><\/p>\n","protected":false},"author":2,"featured_media":13484,"comment_status":"open","ping_status":"open","sticky":false,"template":"","format":"standard","meta":{"footnotes":""},"categories":[5],"tags":[],"class_list":["post-13483","post","type-post","status-publish","format-standard","has-post-thumbnail","hentry","category-generales"],"_links":{"self":[{"href":"https:\/\/obispadodezaratecampana.org\/index.php?rest_route=\/wp\/v2\/posts\/13483","targetHints":{"allow":["GET"]}}],"collection":[{"href":"https:\/\/obispadodezaratecampana.org\/index.php?rest_route=\/wp\/v2\/posts"}],"about":[{"href":"https:\/\/obispadodezaratecampana.org\/index.php?rest_route=\/wp\/v2\/types\/post"}],"author":[{"embeddable":true,"href":"https:\/\/obispadodezaratecampana.org\/index.php?rest_route=\/wp\/v2\/users\/2"}],"replies":[{"embeddable":true,"href":"https:\/\/obispadodezaratecampana.org\/index.php?rest_route=%2Fwp%2Fv2%2Fcomments&post=13483"}],"version-history":[{"count":1,"href":"https:\/\/obispadodezaratecampana.org\/index.php?rest_route=\/wp\/v2\/posts\/13483\/revisions"}],"predecessor-version":[{"id":13485,"href":"https:\/\/obispadodezaratecampana.org\/index.php?rest_route=\/wp\/v2\/posts\/13483\/revisions\/13485"}],"wp:featuredmedia":[{"embeddable":true,"href":"https:\/\/obispadodezaratecampana.org\/index.php?rest_route=\/wp\/v2\/media\/13484"}],"wp:attachment":[{"href":"https:\/\/obispadodezaratecampana.org\/index.php?rest_route=%2Fwp%2Fv2%2Fmedia&parent=13483"}],"wp:term":[{"taxonomy":"category","embeddable":true,"href":"https:\/\/obispadodezaratecampana.org\/index.php?rest_route=%2Fwp%2Fv2%2Fcategories&post=13483"},{"taxonomy":"post_tag","embeddable":true,"href":"https:\/\/obispadodezaratecampana.org\/index.php?rest_route=%2Fwp%2Fv2%2Ftags&post=13483"}],"curies":[{"name":"wp","href":"https:\/\/api.w.org\/{rel}","templated":true}]}}