{"id":13463,"date":"2017-01-01T11:13:18","date_gmt":"2017-01-01T14:13:18","guid":{"rendered":"http:\/\/obispadodezaratecampana.org\/?p=13463"},"modified":"2017-01-02T11:20:24","modified_gmt":"2017-01-02T14:20:24","slug":"maria-madre-de-dios-la-virgen-maria-si-es-madre-de-dios-porque-su-hijo-cristo-es-dios","status":"publish","type":"post","link":"https:\/\/obispadodezaratecampana.org\/?p=13463","title":{"rendered":"Mar\u00eda Madre de Dios : \u201cLa Virgen Mar\u00eda s\u00ed es Madre de Dios porque su Hijo, Cristo, es Dios&#8221;"},"content":{"rendered":"<address style=\"text-align: center;\">\u00a0<\/address>\n<address style=\"text-align: center;\"><strong><span style=\"color: #800080;\"><em>1\u00b0 de enero: Mar\u00eda Madre de Dios<\/em><\/span><\/strong><\/address>\n<address style=\"text-align: center;\">\u00a0<\/address>\n<address style=\"text-align: center;\"><span style=\"color: rgb(128, 0, 128);\"><em>\u00a1Gracias, oh Santa Madre del Hijo de Dios, Jes\u00fas, Santa Madre de Dios!<\/em><\/span><\/address>\n<address style=\"text-align: center;\"><span style=\"color: rgb(128, 0, 128);\"><em>Gracias por t\u00fa humildad que ha atra\u00eddo la mirada de Dios;<\/em><\/span><\/address>\n<address style=\"text-align: center;\"><span style=\"color: rgb(128, 0, 128);\"><em>gracias por la fe con la cual has acogido su Palabra;<\/em><\/span><\/address>\n<address style=\"text-align: center;\"><span style=\"color: rgb(128, 0, 128);\"><em>gracias por la valent\u00eda con la cual has dicho \u201caqu\u00ed estoy\u201d,<\/em><\/span><\/address>\n<address style=\"text-align: center;\"><span style=\"color: rgb(128, 0, 128);\"><em>olvid\u00e1ndose en ti, fascinada del Amor Santo,<\/em><\/span><\/address>\n<address style=\"text-align: center;\"><span style=\"color: rgb(128, 0, 128);\"><em>hecho un todo con su esperanza.<\/em><\/span><\/address>\n<address style=\"text-align: center;\"><span style=\"color: rgb(128, 0, 128);\"><em>\u00a1Gracias, oh Santa Madre de Dios!<\/em><\/span><\/address>\n<address style=\"text-align: center;\"><span style=\"color: rgb(128, 0, 128);\"><em>Ora por nosotros, peregrinos en el tiempo;<\/em><\/span><\/address>\n<address style=\"text-align: center;\"><span style=\"color: rgb(128, 0, 128);\"><em>ay\u00fadanos a caminar en la v\u00eda de la paz.<\/em><\/span><\/address>\n<address style=\"text-align: center;\"><span style=\"color: rgb(128, 0, 128);\"><em>Am\u00e9n.<\/em><\/span><\/address>\n<address style=\"text-align: center;\">\u00a0<\/address>\n<address style=\"text-align: center;\"><span style=\"color: rgb(128, 0, 128);\"><em>Oraci\u00f3n del Papa Francisco<\/em><\/span><\/address>\n<p><img fetchpriority=\"high\" decoding=\"async\" class=\" wp-image-13464 aligncenter\" src=\"http:\/\/obispadodezaratecampana.org\/wp-content\/uploads\/2017\/01\/15826162_1845460709073102_8243685916152369820_n-239x300.jpg\" alt=\"15826162_1845460709073102_8243685916152369820_n\" width=\"209\" height=\"262\" srcset=\"https:\/\/obispadodezaratecampana.org\/wp-content\/uploads\/2017\/01\/15826162_1845460709073102_8243685916152369820_n-239x300.jpg 239w, https:\/\/obispadodezaratecampana.org\/wp-content\/uploads\/2017\/01\/15826162_1845460709073102_8243685916152369820_n.jpg 478w\" sizes=\"(max-width: 209px) 100vw, 209px\" \/><\/p>\n<p style=\"text-align: justify;\"><span style=\"color: #800080;\">REDACCI\u00d3N CENTRAL, 31 Dic. 16 \/ 07:21 pm (ACI).- \u201cDesde los tiempos m\u00e1s antiguos, la Bienaventurada Virgen es honrada con el t\u00edtulo de Madre de Dios\u201d, dice la Constituci\u00f3n Dogm\u00e1tica Lumen Gentium (Num. 66) de la Iglesia. Aqu\u00ed 7 cosas sobre la importante &#8220;Solemnidad de Santa Mar\u00eda, Madre de Dios&#8221; que se celebra cada primero de enero.<\/span><\/p>\n<p style=\"text-align: justify;\"><span style=\"color: #800080;\">1.- Concluye la Octava de Navidad<\/span><\/p>\n<p style=\"text-align: justify;\"><span style=\"color: #800080;\">Con esta Solemnidad se concluye la Octava de Navidad, un conjunto de ocho d\u00edas, desde el 25 de diciembre, en los que la Iglesia actualmente celebra el Nacimiento de Jes\u00fas.<\/span><\/p>\n<p style=\"text-align: justify;\"><span style=\"color: #800080;\">En el Antiguo Testamento (Gen. 17,9-14) se puede leer que hace muchos siglos Dios hizo una alianza con Abraham y su descendencia cuyo signo era la circuncisi\u00f3n al octavo d\u00eda despu\u00e9s del nacimiento. El Hijo de Dios as\u00ed tambi\u00e9n lo vivi\u00f3 y recibi\u00f3 en ese momento el nombre anunciado a la Virgen Mar\u00eda.<\/span><\/p>\n<p style=\"text-align: justify;\"><span style=\"color: #800080;\">\u201cOcho d\u00edas despu\u00e9s, lleg\u00f3 el tiempo de circuncidar al ni\u00f1o y se le puso el nombre de Jes\u00fas, nombre que le hab\u00eda sido dado por el \u00c1ngel antes de su concepci\u00f3n\u201d (Lc. 2,21).<\/span><\/p>\n<p style=\"text-align: justify;\"><span style=\"color: #800080;\">2.- La Theotokos<\/span><\/p>\n<p style=\"text-align: justify;\">\n<span style=\"color: #800080;\">Los primeros cristianos sol\u00edan llamar a la Virgen Mar\u00eda como la \u201cTheotokos\u201d, que en griego significa \u201cMadre de Dios\u201d. Este t\u00edtulo aparece en las catacumbas debajo de la ciudad de Roma y en antiguos monumentos de oriente (Grecia, Turqu\u00eda, Egipto).<\/span><\/p>\n<p style=\"text-align: justify;\"><span style=\"color: #800080;\">Los Obispos reunidos en el Concilio de \u00c9feso (431), ciudad donde seg\u00fan la tradici\u00f3n la Virgen pas\u00f3 sus \u00faltimos a\u00f1os antes de ser asunta al cielo, declararon: \u201cLa Virgen Mar\u00eda s\u00ed es Madre de Dios porque su Hijo, Cristo, es Dios&#8221;.<\/span><\/p>\n<p style=\"text-align: justify;\"><span style=\"color: #800080;\">3.- Creado por la fe<\/span><\/p>\n<p style=\"text-align: justify;\"><span style=\"color: #800080;\">\u201cBajo tu amparo nos acogemos, Santa Madre de Dios\u201d dice una de las antiguas oraciones marianas de los cristianos de Egipto del siglo III (tercero). Cabe resaltar que ese t\u00edtulo de \u201cMadre de Dios\u201d (\u201cTheotokos\u201d) no exist\u00eda y que fue creado por los cristianos para expresar su fe.<\/span><\/p>\n<p style=\"text-align: justify;\"><span style=\"color: #800080;\">4.- Antigua fiesta mariana<\/span><\/p>\n<p style=\"text-align: justify;\"><span style=\"color: #800080;\">La \u201cMaternidad de Mar\u00eda\u201d es una de las primeras fiestas marianas que se dio en la cristiandad. Se dice que por el siglo V (quinto), en Bizancio, hab\u00eda una \u201cmemoria de la Madre de Dios\u201d que se celebraba el 26 de diciembre, al d\u00eda siguiente de la Navidad.<\/span><\/p>\n<p style=\"text-align: justify;\"><span style=\"color: #800080;\">Poco a poco se fue introduciendo en la liturgia romana en un d\u00eda de la Octava de Navidad y ya por el siglo VIII (octavo) se encuentran para esta conmemoraci\u00f3n antifonales con el t\u00edtulo de \u201cNatale Sanctae Mariae\u201d, as\u00ed como oraciones y responsorios con los que se honraba la divina \u201cMaternidad de Mar\u00eda\u201d.<\/span><\/p>\n<p style=\"text-align: justify;\"><span style=\"color: #800080;\">5.- Jornada de la Paz<\/span><\/p>\n<p style=\"text-align: justify;\"><span style=\"color: #800080;\">Con el tiempo, esta memoria de la Virgen fue desplazada para conmemorar la \u201cCircuncisi\u00f3n del Se\u00f1or\u201d, pero se mantendr\u00eda el acento mariano. En 1931 el Papa P\u00edo XI la reestableci\u00f3 para el 11 de octubre con ocasi\u00f3n del XV centenario del Concilio de \u00c9feso y le dio una categor\u00eda equivalente a la Solemnidad actual.<\/span><\/p>\n<p style=\"text-align: justify;\">\n<span style=\"color: #800080;\">A\u00f1os despu\u00e9s, en esta fecha, San Juan XXIII inaugur\u00f3 el Concilio Vaticano II (1962). Con la reforma lit\u00fargica de 1969, la \u201cMaternidad de Mar\u00eda\u201d pas\u00f3 a celebrarse al 1 de enero, d\u00eda en que se inicia el \u201ccalendario civil\u201d. Un a\u00f1o antes, en 1968, el Beato Pablo VI instituy\u00f3 para este d\u00eda la Jornada Mundial de la Paz. Es as\u00ed que el primer d\u00eda del a\u00f1o se celebra a Mar\u00eda y se ora por la paz.<\/span><\/p>\n<p style=\"text-align: justify;\"><span style=\"color: #800080;\">6.- Fundamento de dogmas marianos<\/span><\/p>\n<p style=\"text-align: justify;\"><span style=\"color: #800080;\">El t\u00edtulo \u201cMadre de Dios\u201d es el principal y el m\u00e1s importante dogma sobre la Virgen Mar\u00eda y todos los dem\u00e1s dogmas marianos encuentran su sentido en esta verdad de fe. Los otros dogmas marianos son que Mar\u00eda tuvo una Inmaculada Concepci\u00f3n, Perpetua Virginidad y que fue llevada en cuerpo y alma al cielo (Asunci\u00f3n).<\/span><\/p>\n<p style=\"text-align: justify;\"><span style=\"color: #800080;\">Asimismo, Nuestra Se\u00f1ora tiene los siguientes t\u00edtulos: Madre de los hombres, Madre de la Iglesia, Abogada nuestra, Corredentora, Medianera de todas las gracias, Reina y Se\u00f1ora de todo lo creado y todas las alabanzas contenidas en las letan\u00edas del Santo Rosario.<\/span><\/p>\n<p style=\"text-align: justify;\"><span style=\"color: #800080;\">7.- Decisi\u00f3n de la Virgen<\/span><\/p>\n<p style=\"text-align: justify;\"><span style=\"color: #800080;\">En noviembre de 1996 San Juan Pablo II explic\u00f3 que \u201cla expresi\u00f3n \u2018Madre de Dios\u2019 nos dirige al Verbo de Dios, que en la Encarnaci\u00f3n asumi\u00f3 la humildad de la condici\u00f3n humana para elevar al hombre a la filiaci\u00f3n divina\u201d.<\/span><\/p>\n<p style=\"text-align: justify;\"><span style=\"color: #800080;\">\u201cPero ese t\u00edtulo, a la luz de la sublime dignidad concedida a la Virgen de Nazaret, proclama tambi\u00e9n la nobleza de la mujer y su alt\u00edsima vocaci\u00f3n. En efecto, Dios trata a Mar\u00eda como persona libre y responsable y no realiza la encarnaci\u00f3n de su Hijo sino despu\u00e9s de haber obtenido su consentimiento\u201d, afirm\u00f3.<\/span><\/p>\n<!-- AddThis Advanced Settings generic via filter on the_content --><!-- AddThis Share Buttons generic via filter on the_content -->","protected":false},"excerpt":{"rendered":"<p>\u00a0 1\u00b0 de enero: Mar\u00eda Madre de Dios \u00a0 \u00a1Gracias, oh Santa Madre del Hijo de Dios, Jes\u00fas, Santa Madre de Dios! Gracias por t\u00fa [&hellip;]<!-- AddThis Advanced Settings generic via filter on get_the_excerpt --><!-- AddThis Share Buttons generic via filter on get_the_excerpt --><\/p>\n","protected":false},"author":2,"featured_media":13464,"comment_status":"open","ping_status":"open","sticky":false,"template":"","format":"standard","meta":{"footnotes":""},"categories":[1,166],"tags":[],"class_list":["post-13463","post","type-post","status-publish","format-standard","has-post-thumbnail","hentry","category-noticiasdiocesanas","category-santoral"],"_links":{"self":[{"href":"https:\/\/obispadodezaratecampana.org\/index.php?rest_route=\/wp\/v2\/posts\/13463","targetHints":{"allow":["GET"]}}],"collection":[{"href":"https:\/\/obispadodezaratecampana.org\/index.php?rest_route=\/wp\/v2\/posts"}],"about":[{"href":"https:\/\/obispadodezaratecampana.org\/index.php?rest_route=\/wp\/v2\/types\/post"}],"author":[{"embeddable":true,"href":"https:\/\/obispadodezaratecampana.org\/index.php?rest_route=\/wp\/v2\/users\/2"}],"replies":[{"embeddable":true,"href":"https:\/\/obispadodezaratecampana.org\/index.php?rest_route=%2Fwp%2Fv2%2Fcomments&post=13463"}],"version-history":[{"count":1,"href":"https:\/\/obispadodezaratecampana.org\/index.php?rest_route=\/wp\/v2\/posts\/13463\/revisions"}],"predecessor-version":[{"id":13465,"href":"https:\/\/obispadodezaratecampana.org\/index.php?rest_route=\/wp\/v2\/posts\/13463\/revisions\/13465"}],"wp:featuredmedia":[{"embeddable":true,"href":"https:\/\/obispadodezaratecampana.org\/index.php?rest_route=\/wp\/v2\/media\/13464"}],"wp:attachment":[{"href":"https:\/\/obispadodezaratecampana.org\/index.php?rest_route=%2Fwp%2Fv2%2Fmedia&parent=13463"}],"wp:term":[{"taxonomy":"category","embeddable":true,"href":"https:\/\/obispadodezaratecampana.org\/index.php?rest_route=%2Fwp%2Fv2%2Fcategories&post=13463"},{"taxonomy":"post_tag","embeddable":true,"href":"https:\/\/obispadodezaratecampana.org\/index.php?rest_route=%2Fwp%2Fv2%2Ftags&post=13463"}],"curies":[{"name":"wp","href":"https:\/\/api.w.org\/{rel}","templated":true}]}}