{"id":13456,"date":"2016-12-27T14:17:55","date_gmt":"2016-12-27T17:17:55","guid":{"rendered":"http:\/\/obispadodezaratecampana.org\/?p=13456"},"modified":"2017-01-03T11:46:51","modified_gmt":"2017-01-03T14:46:51","slug":"jueves-29-de-diciembre-charla-sobre-adicciones-a-cargo-de-carlos-charly-gatica-en-pilar","status":"publish","type":"post","link":"https:\/\/obispadodezaratecampana.org\/?p=13456","title":{"rendered":"Jueves 29 de diciembre: charla sobre adicciones a cargo de Carlos &#8220;Charly&#8221; Gatica en Pilar"},"content":{"rendered":"<p style=\"text-align: justify;\"><span style=\"color: #993300;\"><strong>INVITACI\u00d3N &#8211; CHARLA SOBRE ADICCIONES<\/strong><\/span><\/p>\n<p style=\"text-align: justify;\"><span style=\"color: #993300;\">\u00a0El pr\u00f3ximo jueves 29 de diciembre se llevar\u00e1 a cabo una charla sobre adicciones a cargo de Carlos &#8220;Charly&#8221; Gatica.\u00a0<\/span><\/p>\n<p style=\"text-align: justify;\"><span style=\"color: #993300;\">\u00a0La misma tendr\u00e1 lugar en la Parroquia San Francisco de As\u00eds (Avenida San Jorge 590, esquina Los Para\u00edsos, Ciudad de Pilar) a las 19: 30 hs.<\/span><\/p>\n<p style=\"text-align: justify;\"><span style=\"color: #993300;\">\u00a0En este enlace pueden ver una entrevista realizada a Charly en TN:<\/span><\/p>\n<p style=\"text-align: justify;\"><a title=\"tn noticias\" href=\"http:\/\/m.tn.com.ar\/sociedad\/en-primera-persona-rescatar-por-amor_616654\" target=\"_blank\">http:\/\/m.tn.com.ar\/sociedad\/en-primera-persona-rescatar-por-amor_616654<\/a><\/p>\n<!-- AddThis Advanced Settings generic via filter on the_content --><!-- AddThis Share Buttons generic via filter on the_content -->","protected":false},"excerpt":{"rendered":"<p>INVITACI\u00d3N &#8211; CHARLA SOBRE ADICCIONES \u00a0El pr\u00f3ximo jueves 29 de diciembre se llevar\u00e1 a cabo una charla sobre adicciones a cargo de Carlos &#8220;Charly&#8221; Gatica.\u00a0 [&hellip;]<!-- AddThis Advanced Settings generic via filter on get_the_excerpt --><!-- AddThis Share Buttons generic via filter on get_the_excerpt --><\/p>\n","protected":false},"author":2,"featured_media":13457,"comment_status":"open","ping_status":"open","sticky":false,"template":"","format":"standard","meta":{"footnotes":""},"categories":[3],"tags":[],"class_list":["post-13456","post","type-post","status-publish","format-standard","has-post-thumbnail","hentry","category-noticiasparroquiales"],"_links":{"self":[{"href":"https:\/\/obispadodezaratecampana.org\/index.php?rest_route=\/wp\/v2\/posts\/13456","targetHints":{"allow":["GET"]}}],"collection":[{"href":"https:\/\/obispadodezaratecampana.org\/index.php?rest_route=\/wp\/v2\/posts"}],"about":[{"href":"https:\/\/obispadodezaratecampana.org\/index.php?rest_route=\/wp\/v2\/types\/post"}],"author":[{"embeddable":true,"href":"https:\/\/obispadodezaratecampana.org\/index.php?rest_route=\/wp\/v2\/users\/2"}],"replies":[{"embeddable":true,"href":"https:\/\/obispadodezaratecampana.org\/index.php?rest_route=%2Fwp%2Fv2%2Fcomments&post=13456"}],"version-history":[{"count":1,"href":"https:\/\/obispadodezaratecampana.org\/index.php?rest_route=\/wp\/v2\/posts\/13456\/revisions"}],"predecessor-version":[{"id":13458,"href":"https:\/\/obispadodezaratecampana.org\/index.php?rest_route=\/wp\/v2\/posts\/13456\/revisions\/13458"}],"wp:featuredmedia":[{"embeddable":true,"href":"https:\/\/obispadodezaratecampana.org\/index.php?rest_route=\/wp\/v2\/media\/13457"}],"wp:attachment":[{"href":"https:\/\/obispadodezaratecampana.org\/index.php?rest_route=%2Fwp%2Fv2%2Fmedia&parent=13456"}],"wp:term":[{"taxonomy":"category","embeddable":true,"href":"https:\/\/obispadodezaratecampana.org\/index.php?rest_route=%2Fwp%2Fv2%2Fcategories&post=13456"},{"taxonomy":"post_tag","embeddable":true,"href":"https:\/\/obispadodezaratecampana.org\/index.php?rest_route=%2Fwp%2Fv2%2Ftags&post=13456"}],"curies":[{"name":"wp","href":"https:\/\/api.w.org\/{rel}","templated":true}]}}