{"id":13453,"date":"2016-12-27T13:52:31","date_gmt":"2016-12-27T16:52:31","guid":{"rendered":"http:\/\/obispadodezaratecampana.org\/?p=13453"},"modified":"2016-12-27T13:52:31","modified_gmt":"2016-12-27T16:52:31","slug":"27-de-diciembre-san-juan-evangelista","status":"publish","type":"post","link":"https:\/\/obispadodezaratecampana.org\/?p=13453","title":{"rendered":"27 de diciembre: San Juan Evangelista"},"content":{"rendered":"<p style=\"text-align: justify;\">SAN JUAN el Evangelista, a quien se distingue como &#8220;el disc\u00edpulo amado de Jes\u00fas&#8221; y a quien a menudo le llaman &#8220;el divino&#8221; (es decir, el &#8220;Te\u00f3logo&#8221;) sobre todo entre los griegos y en Inglaterra, era un jud\u00edo de Galilea, hijo de Zebedeo y hermano de Santiago el Mayor, con quien desempe\u00f1aba el oficio de pescador.<\/p>\n<p style=\"text-align: justify;\">Junto con su hermano Santiago, se hallaba Juan remendando las redes a la orilla del lago de Galilea, cuando Jes\u00fas, que acababa de llamar a su servicio a Pedro y a Andr\u00e9s, los llam\u00f3 tambi\u00e9n a ellos para que fuesen sus Ap\u00f3stoles. El propio Jesucristo les puso a Juan y a Santiago el sobrenombre de Boanerges, o sea &#8220;hijos del trueno&#8221; (Lucas 9, 54), aunque no est\u00e1 aclarado si lo hizo como una recomendaci\u00f3n o bien a causa de la violencia de su temperamento.<\/p>\n<p style=\"text-align: justify;\">Se dice que San Juan era el m\u00e1s joven de los doce Ap\u00f3stoles y que sobrevivi\u00f3 a todos los dem\u00e1s. Es el \u00fanico de los Ap\u00f3stoles que no muri\u00f3 martirizado.<\/p>\n<p style=\"text-align: justify;\">En el Evangelio que escribi\u00f3 se refiere a s\u00ed mismo, como &#8220;el disc\u00edpulo a quien Jes\u00fas amaba&#8221;, y es evidente que era de los m\u00e1s \u00edntimos de Jes\u00fas. El Se\u00f1or quiso que estuviese, junto con Pedro y Santiago, en el momento de Su transfiguraci\u00f3n, as\u00ed como durante Su agon\u00eda en el Huerto de los Olivos. En muchas otras ocasiones, Jes\u00fas demostr\u00f3 a Juan su predilecci\u00f3n o su afecto especial. Por consiguiente, nada tiene de extra\u00f1o desde el punto de vista humano, que la esposa de Zebedeo pidiese al Se\u00f1or que sus dos hijos llegasen a sentarse junto a \u00c9l, uno a la derecha y el otro a la izquierda, en Su Reino.<\/p>\n<p style=\"text-align: justify;\">Juan fue el elegido para acompa\u00f1ar a Pedro a la ciudad a fin de preparar la cena de la \u00faltima Pascua y, en el curso de aquella \u00faltima cena, Juan reclin\u00f3 su cabeza sobre el pecho de Jes\u00fas y fue a Juan a quien el Maestro indic\u00f3, no obstante que Pedro formul\u00f3 la pregunta, el nombre del disc\u00edpulo que habr\u00eda de traicionarle. Es creencia general la de que era Juan aquel &#8220;otro disc\u00edpulo&#8221; que entr\u00f3 con Jes\u00fas ante el tribunal de Caif\u00e1s, mientras Pedro se quedaba afuera. Juan fue el \u00fanico de los Ap\u00f3stoles que estuvo al pie de la cruz con la Virgen Mar\u00eda y las otras piadosas mujeres y fue \u00e9l quien recibi\u00f3 el sublime encargo de tomar bajo su cuidado a la Madre del Redentor. &#8220;Mujer, he ah\u00ed a tu hijo&#8221;, murmur\u00f3 Jes\u00fas a su Madre desde la cruz. &#8220;He ah\u00ed a tu madre&#8221;, le dijo a Juan. Y desde aquel momento, el disc\u00edpulo la tom\u00f3 como suya. El Se\u00f1or nos llam\u00f3 a todos hermanos y nos encomend\u00f3 el amoroso cuidado de Su propia Madre, pero entre todos los hijos adoptivos de la Virgen Mar\u00eda, San Juan fue el primero. Tan s\u00f3lo a \u00e9l le fue dado el privilegio de llevar f\u00edsicamente a Mar\u00eda a su propia casa como una verdadera madre y honrarla, servirla y cuidarla en persona.<\/p>\n<p style=\"text-align: justify;\">Fuente: ACIPRENSA<\/p>\n<p><img fetchpriority=\"high\" decoding=\"async\" class=\" wp-image-13454 aligncenter\" src=\"http:\/\/obispadodezaratecampana.org\/wp-content\/uploads\/2016\/12\/15675706_1382188011826617_77202984631634051_o-300x207.jpg\" alt=\"15675706_1382188011826617_77202984631634051_o\" width=\"477\" height=\"307\" \/><\/p>\n<!-- AddThis Advanced Settings generic via filter on the_content --><!-- AddThis Share Buttons generic via filter on the_content -->","protected":false},"excerpt":{"rendered":"<p>SAN JUAN el Evangelista, a quien se distingue como &#8220;el disc\u00edpulo amado de Jes\u00fas&#8221; y a quien a menudo le llaman &#8220;el divino&#8221; (es decir, [&hellip;]<!-- AddThis Advanced Settings generic via filter on get_the_excerpt --><!-- AddThis Share Buttons generic via filter on get_the_excerpt --><\/p>\n","protected":false},"author":2,"featured_media":13454,"comment_status":"open","ping_status":"open","sticky":false,"template":"","format":"standard","meta":{"footnotes":""},"categories":[1,166],"tags":[],"class_list":["post-13453","post","type-post","status-publish","format-standard","has-post-thumbnail","hentry","category-noticiasdiocesanas","category-santoral"],"_links":{"self":[{"href":"https:\/\/obispadodezaratecampana.org\/index.php?rest_route=\/wp\/v2\/posts\/13453","targetHints":{"allow":["GET"]}}],"collection":[{"href":"https:\/\/obispadodezaratecampana.org\/index.php?rest_route=\/wp\/v2\/posts"}],"about":[{"href":"https:\/\/obispadodezaratecampana.org\/index.php?rest_route=\/wp\/v2\/types\/post"}],"author":[{"embeddable":true,"href":"https:\/\/obispadodezaratecampana.org\/index.php?rest_route=\/wp\/v2\/users\/2"}],"replies":[{"embeddable":true,"href":"https:\/\/obispadodezaratecampana.org\/index.php?rest_route=%2Fwp%2Fv2%2Fcomments&post=13453"}],"version-history":[{"count":1,"href":"https:\/\/obispadodezaratecampana.org\/index.php?rest_route=\/wp\/v2\/posts\/13453\/revisions"}],"predecessor-version":[{"id":13455,"href":"https:\/\/obispadodezaratecampana.org\/index.php?rest_route=\/wp\/v2\/posts\/13453\/revisions\/13455"}],"wp:featuredmedia":[{"embeddable":true,"href":"https:\/\/obispadodezaratecampana.org\/index.php?rest_route=\/wp\/v2\/media\/13454"}],"wp:attachment":[{"href":"https:\/\/obispadodezaratecampana.org\/index.php?rest_route=%2Fwp%2Fv2%2Fmedia&parent=13453"}],"wp:term":[{"taxonomy":"category","embeddable":true,"href":"https:\/\/obispadodezaratecampana.org\/index.php?rest_route=%2Fwp%2Fv2%2Fcategories&post=13453"},{"taxonomy":"post_tag","embeddable":true,"href":"https:\/\/obispadodezaratecampana.org\/index.php?rest_route=%2Fwp%2Fv2%2Ftags&post=13453"}],"curies":[{"name":"wp","href":"https:\/\/api.w.org\/{rel}","templated":true}]}}