{"id":13440,"date":"2016-12-27T12:51:47","date_gmt":"2016-12-27T15:51:47","guid":{"rendered":"http:\/\/obispadodezaratecampana.org\/?p=13440"},"modified":"2016-12-27T12:51:47","modified_gmt":"2016-12-27T15:51:47","slug":"mensaje-de-navidad-2016-papa-francisco","status":"publish","type":"post","link":"https:\/\/obispadodezaratecampana.org\/?p=13440","title":{"rendered":"Mensaje de Navidad 2016 : Papa Francisco"},"content":{"rendered":"<h5 style=\"text-align: center;\"><span style=\"color: #003300;\">MENSAJE DE NAVIDAD DEL PAPA FRANCISCO: PAZ PARA TODO EL MUNDO<\/span><\/h5>\n<p><img fetchpriority=\"high\" decoding=\"async\" class=\"size-medium wp-image-13442 aligncenter\" src=\"http:\/\/obispadodezaratecampana.org\/wp-content\/uploads\/2016\/12\/15665864_1467206789957021_2302155784649838300_n-300x199.jpg\" alt=\"15665864_1467206789957021_2302155784649838300_n\" width=\"300\" height=\"199\" srcset=\"https:\/\/obispadodezaratecampana.org\/wp-content\/uploads\/2016\/12\/15665864_1467206789957021_2302155784649838300_n-300x199.jpg 300w, https:\/\/obispadodezaratecampana.org\/wp-content\/uploads\/2016\/12\/15665864_1467206789957021_2302155784649838300_n.jpg 800w\" sizes=\"(max-width: 300px) 100vw, 300px\" \/><\/p>\n<p style=\"text-align: justify;\"><span style=\"color: rgb(0, 51, 0);\">\u201cQueridos hermanos y hermanas, feliz Navidad.<\/span><br \/>\n<span style=\"color: rgb(0, 51, 0);\">Hoy la Iglesia revive el asombro de la Virgen Mar\u00eda, de san Jos\u00e9 y de los pastores de Bel\u00e9n, contemplando al Ni\u00f1o que ha nacido y que est\u00e1 acostado en el pesebre: Jes\u00fas, el Salvador.<\/span><\/p>\n<p style=\"text-align: justify;\"><span style=\"color: rgb(0, 51, 0);\">En este d\u00eda lleno de luz, resuena el anuncio del Profeta:<\/span><\/p>\n<p style=\"text-align: justify;\"><span style=\"color: rgb(0, 51, 0);\">\u00abUn ni\u00f1o nos ha nacido, <\/span><br \/>\n<span style=\"color: rgb(0, 51, 0);\">un hijo se nos ha dado:<\/span><br \/>\n<span style=\"color: rgb(0, 51, 0);\">lleva a hombros el principado, y es su nombre:<\/span><br \/>\n<span style=\"color: rgb(0, 51, 0);\">Maravilla del Consejero,<\/span><br \/>\n<span style=\"color: rgb(0, 51, 0);\">Dios guerrero,<\/span><br \/>\n<span style=\"color: rgb(0, 51, 0);\">Padre perpetuo,<\/span><br \/>\n<span style=\"color: rgb(0, 51, 0);\">Pr\u00edncipe de la paz\u00bb (Is 9, 5).<\/span><\/p>\n<p style=\"text-align: justify;\"><span style=\"color: rgb(0, 51, 0);\">El poder de un Ni\u00f1o, Hijo de Dios y de Mar\u00eda, no es el poder de este mundo, basado en la fuerza y en la riqueza, es el poder del amor. Es el poder que cre\u00f3 el cielo y la tierra, que da vida a cada criatura: a los minerales, a las plantas, a los animales; es la fuerza que atrae al hombre y a la mujer, y hace de ellos una sola carne, una sola existencia; es el poder que regenera la vida, que perdona las culpas, reconcilia a los enemigos, transforma el mal en bien. Es el poder de Dios.<\/span><\/p>\n<p style=\"text-align: justify;\"><span style=\"color: rgb(0, 51, 0);\">Este poder del amor ha llevado a Jesucristo a despojarse de su gloria y a hacerse hombre; y lo conducir\u00e1 a dar la vida en la cruz y a resucitar de entre los muertos. Es el poder del servicio, que instaura en el mundo el reino de Dios, reino de justicia y de paz.<\/span><\/p>\n<p style=\"text-align: justify;\"><span style=\"color: rgb(0, 51, 0);\">Por esto el nacimiento de Jes\u00fas est\u00e1 acompa\u00f1ado por el canto de los \u00e1ngeles que anuncian: \u00abGloria a Dios en el cielo, y en la tierra paz a los hombres que Dios ama\u00bb (Lc 2,14).<\/span><\/p>\n<p style=\"text-align: justify;\"><span style=\"color: rgb(0, 51, 0);\">Hoy este anuncio recorre toda la tierra y quiere llegar a todos los pueblos, especialmente los golpeados por la guerra y por conflictos violentos, y que sienten fuertemente el deseo de la paz.<\/span><\/p>\n<p style=\"text-align: justify;\"><span style=\"color: rgb(0, 51, 0);\">Paz a los hombres y a las mujeres de la martirizada Siria, donde demasiada sangre ha sido derramada. Sobre todo en la ciudad de Alepo, escenario, en las \u00faltimas semanas, de una de las batallas m\u00e1s atroces, es muy urgente que, respetando el derecho humanitario, se garanticen asistencia y consolaci\u00f3n a la extenuada poblaci\u00f3n civil, que se encuentra todav\u00eda en una situaci\u00f3n desesperada y de gran sufrimiento y miseria.<\/span><\/p>\n<p style=\"text-align: justify;\"><span style=\"color: rgb(0, 51, 0);\">Es hora de que las armas callen definitivamente y la comunidad internacional se comprometa activamente para que se logre una soluci\u00f3n negociable y se restablezca la convivencia civil en el Pa\u00eds.<\/span><\/p>\n<p style=\"text-align: justify;\"><span style=\"color: rgb(0, 51, 0);\">Paz para las mujeres y para los hombres de la amada Tierra Santa, elegida y predilecta por Dios. Que los Israel\u00eds y los Palestinos tengan la valent\u00eda y la determinaci\u00f3n de escribir una nueva p\u00e1gina de la historia, en la que el odio y la venganza cedan el lugar a la voluntad de construir conjuntamente un futuro de rec\u00edproca comprensi\u00f3n y armon\u00eda. Que puedan recobrar unidad y concordia Irak, Libia, Yemen, donde las poblaciones sufren la guerra y brutales acciones terroristas.<\/span><\/p>\n<p style=\"text-align: justify;\"><span style=\"color: rgb(0, 51, 0);\">Paz a los hombres y mujeres en las diferentes regiones de \u00c1frica, particularmente en Nigeria, donde el terrorismo fundamentalista explota tambi\u00e9n a los ni\u00f1os para perpetrar el horror y la muerte. Paz en Sud\u00e1n del Sur y en la Rep\u00fablica Democr\u00e1tica del Congo, para que se curen las divisiones y para que todos las personas de buena voluntad se esfuercen para iniciar nuevos caminos de desarrollo y de compartir, prefiriendo la cultura del di\u00e1logo a la l\u00f3gica del enfrentamiento.<\/span><\/p>\n<p style=\"text-align: justify;\"><span style=\"color: rgb(0, 51, 0);\">Paz a las mujeres y hombres que todav\u00eda padecen las consecuencias del conflicto en Ucrania oriental, donde es urgente una voluntad com\u00fan para llevar alivio a la poblaci\u00f3n y poner en pr\u00e1ctica los compromisos asumidos.<\/span><\/p>\n<p style=\"text-align: justify;\"><span style=\"color: rgb(0, 51, 0);\">Pedimos concordia para el querido pueblo colombiano, que desea cumplir un nuevo y valiente camino de di\u00e1logo y de reconciliaci\u00f3n. Dicha valent\u00eda anime tambi\u00e9n la amada Venezuela para dar los pasos necesarios con vistas a poner fin a las tensiones actuales y a edificar conjuntamente un futuro de esperanza para la poblaci\u00f3n entera.<\/span><\/p>\n<p style=\"text-align: justify;\"><span style=\"color: rgb(0, 51, 0);\">Paz a todos los que, en varias zonas, est\u00e1n afrontando sufrimiento a causa de peligros constantes e injusticias persistentes. Que Myanmar pueda consolidar los esfuerzos para favorecer la convivencia pac\u00edfica y, con la ayuda de la comunidad internacional, pueda dar la necesaria protecci\u00f3n y asistencia humanitaria a los que tienen necesidad extrema y urgente. Que pueda la pen\u00ednsula coreana ver superadas las tensiones que la atraviesan en un renovado esp\u00edritu de colaboraci\u00f3n.<\/span><\/p>\n<p style=\"text-align: justify;\"><span style=\"color: rgb(0, 51, 0);\">Paz a quien ha sido herido o ha perdido a un ser querido debido a viles actos de terrorismo que han sembrado miedo y muerte en el coraz\u00f3n de tantos pa\u00edses y ciudades. Paz \u2014no de palabra, sino eficaz y concreta\u2014 a nuestros hermanos y hermanas que est\u00e1n abandonados y excluidos, a los que sufren hambre y los que son v\u00edctimas de violencia.<\/span><\/p>\n<p style=\"text-align: justify;\"><span style=\"color: rgb(0, 51, 0);\">Paz a los pr\u00f3fugos, a los emigrantes y refugiados, a los que hoy son objeto de la trata de personas. Paz a los pueblos que sufren por las ambiciones econ\u00f3micas de unos pocos y la avaricia voraz del dios dinero que lleva a la esclavitud. Paz a los que est\u00e1n marcados por el malestar social y econ\u00f3mico, y a los que sufren las consecuencias de los terremotos u otras cat\u00e1strofes naturales.<\/span><\/p>\n<p style=\"text-align: justify;\"><span style=\"color: rgb(0, 51, 0);\">Y paz a los ni\u00f1os, en este d\u00eda especial en el que Dios se hace ni\u00f1o, sobre todo a los privados de la alegr\u00eda de la infancia a causa del hambre, de las guerras y del ego\u00edsmo de los adultos.<\/span><\/p>\n<p style=\"text-align: justify;\"><span style=\"color: rgb(0, 51, 0);\">Paz sobre la tierra a todos los hombres de buena voluntad, que cada d\u00eda trabajan, con discreci\u00f3n y paciencia, en la familia y en la sociedad para construir un mundo m\u00e1s humano y m\u00e1s justo, sostenidos por la convicci\u00f3n de que s\u00f3lo con la paz es posible un futuro m\u00e1s pr\u00f3spero para todos.<\/span><\/p>\n<p style=\"text-align: justify;\"><span style=\"color: rgb(0, 51, 0);\">Queridos hermanos y hermanas:<\/span><\/p>\n<p style=\"text-align: justify;\"><span style=\"color: rgb(0, 51, 0);\">\u00abUn ni\u00f1o nos ha nacido, un hijo se nos ha dado\u00bb: es el \u00abPr\u00edncipe de la paz\u00bb. Acoj\u00e1moslo.<\/span><\/p>\n<p style=\"text-align: justify;\"><span style=\"color: rgb(0, 51, 0);\">Fuente: News.va<\/span><\/p>\n<!-- AddThis Advanced Settings generic via filter on the_content --><!-- AddThis Share Buttons generic via filter on the_content -->","protected":false},"excerpt":{"rendered":"<p>MENSAJE DE NAVIDAD DEL PAPA FRANCISCO: PAZ PARA TODO EL MUNDO \u201cQueridos hermanos y hermanas, feliz Navidad. Hoy la Iglesia revive el asombro de la [&hellip;]<!-- AddThis Advanced Settings generic via filter on get_the_excerpt --><!-- AddThis Share Buttons generic via filter on get_the_excerpt --><\/p>\n","protected":false},"author":2,"featured_media":13442,"comment_status":"open","ping_status":"open","sticky":false,"template":"","format":"standard","meta":{"footnotes":""},"categories":[161,1],"tags":[],"class_list":["post-13440","post","type-post","status-publish","format-standard","has-post-thumbnail","hentry","category-el-papa-leonxiv","category-noticiasdiocesanas"],"_links":{"self":[{"href":"https:\/\/obispadodezaratecampana.org\/index.php?rest_route=\/wp\/v2\/posts\/13440","targetHints":{"allow":["GET"]}}],"collection":[{"href":"https:\/\/obispadodezaratecampana.org\/index.php?rest_route=\/wp\/v2\/posts"}],"about":[{"href":"https:\/\/obispadodezaratecampana.org\/index.php?rest_route=\/wp\/v2\/types\/post"}],"author":[{"embeddable":true,"href":"https:\/\/obispadodezaratecampana.org\/index.php?rest_route=\/wp\/v2\/users\/2"}],"replies":[{"embeddable":true,"href":"https:\/\/obispadodezaratecampana.org\/index.php?rest_route=%2Fwp%2Fv2%2Fcomments&post=13440"}],"version-history":[{"count":1,"href":"https:\/\/obispadodezaratecampana.org\/index.php?rest_route=\/wp\/v2\/posts\/13440\/revisions"}],"predecessor-version":[{"id":13444,"href":"https:\/\/obispadodezaratecampana.org\/index.php?rest_route=\/wp\/v2\/posts\/13440\/revisions\/13444"}],"wp:featuredmedia":[{"embeddable":true,"href":"https:\/\/obispadodezaratecampana.org\/index.php?rest_route=\/wp\/v2\/media\/13442"}],"wp:attachment":[{"href":"https:\/\/obispadodezaratecampana.org\/index.php?rest_route=%2Fwp%2Fv2%2Fmedia&parent=13440"}],"wp:term":[{"taxonomy":"category","embeddable":true,"href":"https:\/\/obispadodezaratecampana.org\/index.php?rest_route=%2Fwp%2Fv2%2Fcategories&post=13440"},{"taxonomy":"post_tag","embeddable":true,"href":"https:\/\/obispadodezaratecampana.org\/index.php?rest_route=%2Fwp%2Fv2%2Ftags&post=13440"}],"curies":[{"name":"wp","href":"https:\/\/api.w.org\/{rel}","templated":true}]}}