{"id":13416,"date":"2016-12-27T12:33:15","date_gmt":"2016-12-27T15:33:15","guid":{"rendered":"http:\/\/obispadodezaratecampana.org\/?p=13416"},"modified":"2016-12-27T12:33:15","modified_gmt":"2016-12-27T15:33:15","slug":"monsenor-pedro-les-deseo-una-santa-y-feliz-navidad-donde-jesus-siempre-nos-sonrie","status":"publish","type":"post","link":"https:\/\/obispadodezaratecampana.org\/?p=13416","title":{"rendered":"Monse\u00f1or Pedro: \u00a1Les deseo una Santa y Feliz Navidad donde Jes\u00fas siempre nos sonr\u00ede!"},"content":{"rendered":"<p style=\"text-align: justify;\"><span style=\"color: rgb(0, 0, 255);\">\u00a0El mejor mensaje de un ni\u00f1o es cuando sonr\u00ede, \u00a1cu\u00e1nta alegr\u00eda nos proporciona cuando nos ilumina con su sonrisa y nos hace sonre\u00edr a nosotros tambi\u00e9n!<\/span><\/p>\n<p style=\"text-align: justify;\"><span style=\"color: rgb(0, 0, 255);\">\u00a0En Navidad el Ni\u00f1o Jes\u00fas al nacer sonr\u00ede a sus padres, y a todos los que se acercan a \u00c9l para contemplarlo, adorarlo. Con cu\u00e1nta alegr\u00eda Mar\u00eda y Jos\u00e9, los humildes Pastores y los sabios Magos habr\u00e1n recibido esa sonrisa divina de Jes\u00fas, y sin duda alguna a todos Jes\u00fas los hizo sonre\u00edr, haciendo que volvieran a sus vidas, para muchos en la pobreza, dif\u00edcil y dura, con todo el Gozo y la Paz de Dios.<\/span><\/p>\n<p style=\"text-align: justify;\"><span style=\"color: rgb(0, 0, 255);\">\u00a0Hoy Jes\u00fas sonr\u00ede a su familia, la Iglesia, y a trav\u00e9s de ella a toda la humanidad. Que esa sonrisa divina nos ilumine el rostro, nos d\u00e9 sentido a nuestras vidas, nos haga superar nuestros pecados y miserias, todas las dificultades y crisis que vivimos cada d\u00eda, y as\u00ed nos transforme en ayuda misericordiosa a nuestros hermanos, humildes y poderosos, a todas las familias. As\u00ed la Iglesia podr\u00e1 ser vista por los hombres como la sonrisa y la misericordia del Ni\u00f1o Dios, el Salvador.<\/span><\/p>\n<p style=\"text-align: justify;\"><span style=\"color: rgb(0, 0, 255);\">\u00a1Les deseo una Santa y Feliz Navidad donde Jes\u00fas siempre nos sonr\u00ede!<\/span><\/p>\n<p><span style=\"color: rgb(0, 0, 255);\">\u00a0 \u00a0 \u00a0 \u00a0 \u00a0 \u00a0 \u00a0 \u00a0 \u00a0 \u00a0 \u00a0 \u00a0 \u00a0 \u00a0 \u00a0 \u00a0 \u00a0 \u00a0 \u00a0 \u00a0 \u00a0 \u00a0 \u00a0 \u00a0 \u00a0 \u00a0 \u00a0 \u00a0 \u00a0 \u00a0 + Pedro Laxague<\/span><br \/>\n<span style=\"color: rgb(0, 0, 255);\">\u00a0 \u00a0 \u00a0 \u00a0 \u00a0 \u00a0 \u00a0 \u00a0 \u00a0 \u00a0 \u00a0 \u00a0 \u00a0 \u00a0 \u00a0 \u00a0 \u00a0 \u00a0 \u00a0 \u00a0 \u00a0 \u00a0 \u00a0 \u00a0 \u00a0 \u00a0 Obispo de Z\u00e1rate &#8211; Campana<\/span><\/p>\n<p><em><span style=\"color: #0000ff;\">Puede descargarse la imagen con el mensaje desde el siguiente enlace:\u00a0<\/span><\/em><\/p>\n<p><span style=\"color: rgb(0, 0, 255);\"><em><a title=\"Mensaje Navidad 2016 diocesis Z\u00e1rate - Campana\" href=\"https:\/\/drive.google.com\/file\/d\/0B_J1pci5_523Zm14TTFYcGk4emM\/view?usp=sharing\" target=\"_blank\">https:\/\/drive.google.com\/file\/d\/0B_J1pci5_523Zm14TTFYcGk4emM\/view?usp=sharing<\/a><\/em><br \/>\n<img fetchpriority=\"high\" decoding=\"async\" class=\"size-medium wp-image-13417 aligncenter\" src=\"http:\/\/obispadodezaratecampana.org\/wp-content\/uploads\/2016\/12\/Navidad-225x300.gif\" alt=\"navidad\" width=\"225\" height=\"300\" \/><\/span><span style=\"color: rgb(0, 0, 255);\"><br \/>\n<\/span><\/p>\n<!-- AddThis Advanced Settings generic via filter on the_content --><!-- AddThis Share Buttons generic via filter on the_content -->","protected":false},"excerpt":{"rendered":"<p>\u00a0El mejor mensaje de un ni\u00f1o es cuando sonr\u00ede, \u00a1cu\u00e1nta alegr\u00eda nos proporciona cuando nos ilumina con su sonrisa y nos hace sonre\u00edr a nosotros [&hellip;]<!-- AddThis Advanced Settings generic via filter on get_the_excerpt --><!-- AddThis Share Buttons generic via filter on get_the_excerpt --><\/p>\n","protected":false},"author":2,"featured_media":13418,"comment_status":"open","ping_status":"open","sticky":false,"template":"","format":"standard","meta":{"footnotes":""},"categories":[1],"tags":[],"class_list":["post-13416","post","type-post","status-publish","format-standard","has-post-thumbnail","hentry","category-noticiasdiocesanas"],"_links":{"self":[{"href":"https:\/\/obispadodezaratecampana.org\/index.php?rest_route=\/wp\/v2\/posts\/13416","targetHints":{"allow":["GET"]}}],"collection":[{"href":"https:\/\/obispadodezaratecampana.org\/index.php?rest_route=\/wp\/v2\/posts"}],"about":[{"href":"https:\/\/obispadodezaratecampana.org\/index.php?rest_route=\/wp\/v2\/types\/post"}],"author":[{"embeddable":true,"href":"https:\/\/obispadodezaratecampana.org\/index.php?rest_route=\/wp\/v2\/users\/2"}],"replies":[{"embeddable":true,"href":"https:\/\/obispadodezaratecampana.org\/index.php?rest_route=%2Fwp%2Fv2%2Fcomments&post=13416"}],"version-history":[{"count":1,"href":"https:\/\/obispadodezaratecampana.org\/index.php?rest_route=\/wp\/v2\/posts\/13416\/revisions"}],"predecessor-version":[{"id":13422,"href":"https:\/\/obispadodezaratecampana.org\/index.php?rest_route=\/wp\/v2\/posts\/13416\/revisions\/13422"}],"wp:featuredmedia":[{"embeddable":true,"href":"https:\/\/obispadodezaratecampana.org\/index.php?rest_route=\/wp\/v2\/media\/13418"}],"wp:attachment":[{"href":"https:\/\/obispadodezaratecampana.org\/index.php?rest_route=%2Fwp%2Fv2%2Fmedia&parent=13416"}],"wp:term":[{"taxonomy":"category","embeddable":true,"href":"https:\/\/obispadodezaratecampana.org\/index.php?rest_route=%2Fwp%2Fv2%2Fcategories&post=13416"},{"taxonomy":"post_tag","embeddable":true,"href":"https:\/\/obispadodezaratecampana.org\/index.php?rest_route=%2Fwp%2Fv2%2Ftags&post=13416"}],"curies":[{"name":"wp","href":"https:\/\/api.w.org\/{rel}","templated":true}]}}