{"id":13390,"date":"2016-12-17T23:29:32","date_gmt":"2016-12-18T02:29:32","guid":{"rendered":"http:\/\/obispadodezaratecampana.org\/?p=13390"},"modified":"2016-12-17T23:29:32","modified_gmt":"2016-12-18T02:29:32","slug":"17-de-diciembre-cumpleanos-del-santo-padre-francisco","status":"publish","type":"post","link":"https:\/\/obispadodezaratecampana.org\/?p=13390","title":{"rendered":"17 de diciembre: Cumplea\u00f1os del Santo Padre Francisco"},"content":{"rendered":"<h4 style=\"text-align: justify;\"><span style=\"color: #993300;\">\u00a0El Papa Francisco cumple este 17 de diciembre 80 a\u00f1os de edad. Nuestro Obispo Pedro nos invita especialmente a unirnos en oraci\u00f3n como comunidad diocesana por el ministerio e intenciones de nuestro Santo Padre. <\/span><br \/>\n<span style=\"color: #993300;\">\u00a0La Conferencia Episcopal Argentina lo ha saludado mediante una carta en la que en nombre de los obispos argentinos le expresan: \u00a1Feliz Cumplea\u00f1os! y su cari\u00f1o y cercan\u00eda junto con la intensa oraci\u00f3n.<\/span><br \/>\n<span style=\"color: #993300;\">\u00a0&#8220;Damos gracias a Dios por el don de sus 80 a\u00f1os y de su ministerio que tanto nos ha enriquecido; primero en nuestra patria y ahora en toda la Iglesia&#8221; y agregan que &#8220;Aprovechamos la ocasi\u00f3n para agradecerle la convocatoria al A\u00f1o Santo que hemos concluido recientemente y pedimos al Padre que el mismo siga dando frutos de misericordia en todo el mundo&#8221;.<\/span><br \/>\n<span style=\"color: #993300;\">\u00a0Finalmente encomiendan &#8220;sus intenciones a Ntra. Sra. de Luj\u00e1n, para que la Sant\u00edsima Virgen lo cuide y proteja siempre&#8221;.<\/span><\/h4>\n<p><img fetchpriority=\"high\" decoding=\"async\" class=\"size-medium wp-image-13392 aligncenter\" src=\"http:\/\/obispadodezaratecampana.org\/wp-content\/uploads\/2016\/12\/Cumple-300x203.jpg\" alt=\"cumple\" width=\"300\" height=\"203\" srcset=\"https:\/\/obispadodezaratecampana.org\/wp-content\/uploads\/2016\/12\/Cumple-300x203.jpg 300w, https:\/\/obispadodezaratecampana.org\/wp-content\/uploads\/2016\/12\/Cumple.jpg 600w\" sizes=\"(max-width: 300px) 100vw, 300px\" \/><\/p>\n<!-- AddThis Advanced Settings generic via filter on the_content --><!-- AddThis Share Buttons generic via filter on the_content -->","protected":false},"excerpt":{"rendered":"<p>\u00a0El Papa Francisco cumple este 17 de diciembre 80 a\u00f1os de edad. Nuestro Obispo Pedro nos invita especialmente a unirnos en oraci\u00f3n como comunidad diocesana [&hellip;]<!-- AddThis Advanced Settings generic via filter on get_the_excerpt --><!-- AddThis Share Buttons generic via filter on get_the_excerpt --><\/p>\n","protected":false},"author":2,"featured_media":13392,"comment_status":"open","ping_status":"open","sticky":false,"template":"","format":"standard","meta":{"footnotes":""},"categories":[161,1],"tags":[],"class_list":["post-13390","post","type-post","status-publish","format-standard","has-post-thumbnail","hentry","category-el-papa-leonxiv","category-noticiasdiocesanas"],"_links":{"self":[{"href":"https:\/\/obispadodezaratecampana.org\/index.php?rest_route=\/wp\/v2\/posts\/13390","targetHints":{"allow":["GET"]}}],"collection":[{"href":"https:\/\/obispadodezaratecampana.org\/index.php?rest_route=\/wp\/v2\/posts"}],"about":[{"href":"https:\/\/obispadodezaratecampana.org\/index.php?rest_route=\/wp\/v2\/types\/post"}],"author":[{"embeddable":true,"href":"https:\/\/obispadodezaratecampana.org\/index.php?rest_route=\/wp\/v2\/users\/2"}],"replies":[{"embeddable":true,"href":"https:\/\/obispadodezaratecampana.org\/index.php?rest_route=%2Fwp%2Fv2%2Fcomments&post=13390"}],"version-history":[{"count":1,"href":"https:\/\/obispadodezaratecampana.org\/index.php?rest_route=\/wp\/v2\/posts\/13390\/revisions"}],"predecessor-version":[{"id":13393,"href":"https:\/\/obispadodezaratecampana.org\/index.php?rest_route=\/wp\/v2\/posts\/13390\/revisions\/13393"}],"wp:featuredmedia":[{"embeddable":true,"href":"https:\/\/obispadodezaratecampana.org\/index.php?rest_route=\/wp\/v2\/media\/13392"}],"wp:attachment":[{"href":"https:\/\/obispadodezaratecampana.org\/index.php?rest_route=%2Fwp%2Fv2%2Fmedia&parent=13390"}],"wp:term":[{"taxonomy":"category","embeddable":true,"href":"https:\/\/obispadodezaratecampana.org\/index.php?rest_route=%2Fwp%2Fv2%2Fcategories&post=13390"},{"taxonomy":"post_tag","embeddable":true,"href":"https:\/\/obispadodezaratecampana.org\/index.php?rest_route=%2Fwp%2Fv2%2Ftags&post=13390"}],"curies":[{"name":"wp","href":"https:\/\/api.w.org\/{rel}","templated":true}]}}