{"id":13387,"date":"2016-12-08T13:08:10","date_gmt":"2016-12-08T16:08:10","guid":{"rendered":"http:\/\/obispadodezaratecampana.org\/?p=13387"},"modified":"2016-12-08T13:08:10","modified_gmt":"2016-12-08T16:08:10","slug":"8-de-diciembre-dia-de-la-inmaculada-concepcion-de-maria","status":"publish","type":"post","link":"https:\/\/obispadodezaratecampana.org\/?p=13387","title":{"rendered":"8 de diciembre: D\u00eda de la Inmaculada Concepci\u00f3n de Mar\u00eda"},"content":{"rendered":"<p style=\"text-align: justify;\">ROMA, 08 Dic. 16 \/ 12:01 am (ACI).- Cada 8 de diciembre la Iglesia celebra la Inmaculada Concepci\u00f3n de la Sant\u00edsima Virgen Mar\u00eda. El dogma de fe seg\u00fan el cual la Madre de Jes\u00fas fue preservada del pecado desde el momento de su concepci\u00f3n. Es decir, desde el instante en que comenz\u00f3 su vida humana.<\/p>\n<p style=\"text-align: justify;\">A mediados del siglo XIX, el Papa P\u00edo IX, despu\u00e9s de recibir numerosos pedidos de obispos y fieles de todo el mundo, ante m\u00e1s de 200 cardenales, obispos, embajadores y miles de fieles cat\u00f3licos, declar\u00f3 con su bula \u201cIneffabilis Deus\u201d:<\/p>\n<p style=\"text-align: justify;\">\u201cQue la doctrina que sostiene que la Beat\u00edsima Virgen Mar\u00eda fue preservada inmune de toda mancha de la culpa original en el primer instante de su concepci\u00f3n por singular gracia y privilegio de Dios omnipotente, en atenci\u00f3n a los m\u00e9ritos de Cristo Jes\u00fas, Salvador del g\u00e9nero humano, est\u00e1 revelada por Dios y debe ser por tanto firme y constantemente cre\u00edda por todos los fieles&#8230;&#8221;<\/p>\n<p style=\"text-align: justify;\">En Roma se envi\u00f3 una gran cantidad de palomas mensajeras en todas las direcciones llevando la gran noticia. Y en los 400 mil templos cat\u00f3licos del mundo se celebraron grandes fiestas en honor de la Inmaculada Concepci\u00f3n de la Virgen Mar\u00eda.<\/p>\n<p style=\"text-align: justify;\">Poco m\u00e1s de tres a\u00f1os despu\u00e9s, en una de sus apariciones en Lourdes, la Virgen Mar\u00eda se present\u00f3 ante la humilde pastorcita Santa Bernardita Soubirous con estas palabras: \u201cYo soy la Inmaculada Concepci\u00f3n\u201d.<\/p>\n<p style=\"text-align: justify;\">Actualmente son miles las iglesias dedicadas a esta advocaci\u00f3n en todo el mundo y millones de fieles le tienen una particular devoci\u00f3n. La Inmaculada Concepci\u00f3n es patrona de Espa\u00f1a, es conocida como \u201cLa Pur\u00edsima\u201d en Nicaragua, a trav\u00e9s de la imagen de Nuestra Se\u00f1ora de \u201cEl Viejo\u201d, y venerada como la \u201cVirgen de Caacup\u00e9\u201d en Paraguay.<\/p>\n<p><img decoding=\"async\" class=\"size-medium wp-image-13388 aligncenter\" src=\"http:\/\/obispadodezaratecampana.org\/wp-content\/uploads\/2016\/12\/Virgencita-300x166.jpg\" alt=\"virgencita\" width=\"300\" height=\"166\" srcset=\"https:\/\/obispadodezaratecampana.org\/wp-content\/uploads\/2016\/12\/Virgencita-300x166.jpg 300w, https:\/\/obispadodezaratecampana.org\/wp-content\/uploads\/2016\/12\/Virgencita.jpg 680w\" sizes=\"(max-width: 300px) 100vw, 300px\" \/><\/p>\n<p>&nbsp;<\/p>\n<!-- AddThis Advanced Settings generic via filter on the_content --><!-- AddThis Share Buttons generic via filter on the_content -->","protected":false},"excerpt":{"rendered":"<p>ROMA, 08 Dic. 16 \/ 12:01 am (ACI).- Cada 8 de diciembre la Iglesia celebra la Inmaculada Concepci\u00f3n de la Sant\u00edsima Virgen Mar\u00eda. El dogma [&hellip;]<!-- AddThis Advanced Settings generic via filter on get_the_excerpt --><!-- AddThis Share Buttons generic via filter on get_the_excerpt --><\/p>\n","protected":false},"author":2,"featured_media":13388,"comment_status":"open","ping_status":"open","sticky":false,"template":"","format":"standard","meta":{"footnotes":""},"categories":[1,166],"tags":[],"class_list":["post-13387","post","type-post","status-publish","format-standard","has-post-thumbnail","hentry","category-noticiasdiocesanas","category-santoral"],"_links":{"self":[{"href":"https:\/\/obispadodezaratecampana.org\/index.php?rest_route=\/wp\/v2\/posts\/13387","targetHints":{"allow":["GET"]}}],"collection":[{"href":"https:\/\/obispadodezaratecampana.org\/index.php?rest_route=\/wp\/v2\/posts"}],"about":[{"href":"https:\/\/obispadodezaratecampana.org\/index.php?rest_route=\/wp\/v2\/types\/post"}],"author":[{"embeddable":true,"href":"https:\/\/obispadodezaratecampana.org\/index.php?rest_route=\/wp\/v2\/users\/2"}],"replies":[{"embeddable":true,"href":"https:\/\/obispadodezaratecampana.org\/index.php?rest_route=%2Fwp%2Fv2%2Fcomments&post=13387"}],"version-history":[{"count":1,"href":"https:\/\/obispadodezaratecampana.org\/index.php?rest_route=\/wp\/v2\/posts\/13387\/revisions"}],"predecessor-version":[{"id":13389,"href":"https:\/\/obispadodezaratecampana.org\/index.php?rest_route=\/wp\/v2\/posts\/13387\/revisions\/13389"}],"wp:featuredmedia":[{"embeddable":true,"href":"https:\/\/obispadodezaratecampana.org\/index.php?rest_route=\/wp\/v2\/media\/13388"}],"wp:attachment":[{"href":"https:\/\/obispadodezaratecampana.org\/index.php?rest_route=%2Fwp%2Fv2%2Fmedia&parent=13387"}],"wp:term":[{"taxonomy":"category","embeddable":true,"href":"https:\/\/obispadodezaratecampana.org\/index.php?rest_route=%2Fwp%2Fv2%2Fcategories&post=13387"},{"taxonomy":"post_tag","embeddable":true,"href":"https:\/\/obispadodezaratecampana.org\/index.php?rest_route=%2Fwp%2Fv2%2Ftags&post=13387"}],"curies":[{"name":"wp","href":"https:\/\/api.w.org\/{rel}","templated":true}]}}