{"id":13368,"date":"2016-12-03T16:33:37","date_gmt":"2016-12-03T19:33:37","guid":{"rendered":"http:\/\/obispadodezaratecampana.org\/?p=13368"},"modified":"2016-12-03T16:38:55","modified_gmt":"2016-12-03T19:38:55","slug":"jose-manuel-del-rio-un-nuevo-diacono-permanente-para-nuestra-diocesis","status":"publish","type":"post","link":"https:\/\/obispadodezaratecampana.org\/?p=13368","title":{"rendered":"Jose Manuel Del R\u00edo: un nuevo di\u00e1cono permanente para nuestra di\u00f3cesis"},"content":{"rendered":"<p><img fetchpriority=\"high\" decoding=\"async\" class=\"size-medium wp-image-13369 aligncenter\" src=\"http:\/\/obispadodezaratecampana.org\/wp-content\/uploads\/2016\/12\/DSC01789-300x225.jpg\" alt=\"dsc01789\" width=\"300\" height=\"225\" srcset=\"https:\/\/obispadodezaratecampana.org\/wp-content\/uploads\/2016\/12\/DSC01789-300x225.jpg 300w, https:\/\/obispadodezaratecampana.org\/wp-content\/uploads\/2016\/12\/DSC01789-1024x768.jpg 1024w\" sizes=\"(max-width: 300px) 100vw, 300px\" \/><\/p>\n<p><span style=\"color: #333399;\">El viernes 2 de diciembre de 2016, fue designado Diacono Jos\u00e9 Manuel del Rio. La ceremonia en la Parroquia Ntra. Sra. Del Pilar fue presidida por el obispo de la Di\u00f3cesis Zarate Campana, Mons. Pedro Mar\u00eda Laxague. Estaban presentes otros sacerdotes junto al P\u00e1rroco local, Pbro. Jorge Ritacco. Asimismo, numerosos di\u00e1conos de la Di\u00f3cesis dieron tambi\u00e9n su fraternal saludo a Jos\u00e9. Luego se ofreci\u00f3 un \u00e1gape comunitario.-<\/span><\/p>\n<p><span style=\"color: #333399;\">Mons. Pedro Mar\u00eda en su homil\u00eda, entre otros conceptos, expreso que \u201c\u2026el diacono tiene la misi\u00f3n de acompa\u00f1ar a la iglesia, por eso te pido Jos\u00e9, que te apoyes en tu familia, que es muy valiente, porque de ahora en mas, deber\u00e1n tener un cambio de actitud, ya que van a mostrar a toda la iglesia lo que Jos\u00e9 y su familia viven.<\/span><br \/>\n<span style=\"color: #333399;\">En las familias cada uno se tiene al otro, y ahora lo que vive Jos\u00e9 y su familia en el interior, lo van a ir aplicando a la comunidad. Ese es el mensaje de los di\u00e1conos casados. La familia es una comunidad chica, pero muy importante, recordemos que ya el Concilio la llamo Iglesia, Iglesia dom\u00e9stica\u2026\u201d<\/span><\/p>\n<p><img decoding=\"async\" class=\"size-medium wp-image-13372 aligncenter\" src=\"http:\/\/obispadodezaratecampana.org\/wp-content\/uploads\/2016\/12\/DSC01759-300x225.jpg\" alt=\"dsc01759\" width=\"300\" height=\"225\" srcset=\"https:\/\/obispadodezaratecampana.org\/wp-content\/uploads\/2016\/12\/DSC01759-300x225.jpg 300w, https:\/\/obispadodezaratecampana.org\/wp-content\/uploads\/2016\/12\/DSC01759-1024x768.jpg 1024w\" sizes=\"(max-width: 300px) 100vw, 300px\" \/><\/p>\n<p>&nbsp;<\/p>\n<p><span style=\"color: #333399;\">Fuente: Comunicaci\u00f3n Social de la Pquia del Pilar<\/span><\/p>\n<p>&nbsp;<\/p>\n<!-- AddThis Advanced Settings generic via filter on the_content --><!-- AddThis Share Buttons generic via filter on the_content -->","protected":false},"excerpt":{"rendered":"<p>El viernes 2 de diciembre de 2016, fue designado Diacono Jos\u00e9 Manuel del Rio. La ceremonia en la Parroquia Ntra. Sra. Del Pilar fue presidida [&hellip;]<!-- AddThis Advanced Settings generic via filter on get_the_excerpt --><!-- AddThis Share Buttons generic via filter on get_the_excerpt --><\/p>\n","protected":false},"author":2,"featured_media":13369,"comment_status":"open","ping_status":"open","sticky":false,"template":"","format":"standard","meta":{"footnotes":""},"categories":[1,3],"tags":[],"class_list":["post-13368","post","type-post","status-publish","format-standard","has-post-thumbnail","hentry","category-noticiasdiocesanas","category-noticiasparroquiales"],"_links":{"self":[{"href":"https:\/\/obispadodezaratecampana.org\/index.php?rest_route=\/wp\/v2\/posts\/13368","targetHints":{"allow":["GET"]}}],"collection":[{"href":"https:\/\/obispadodezaratecampana.org\/index.php?rest_route=\/wp\/v2\/posts"}],"about":[{"href":"https:\/\/obispadodezaratecampana.org\/index.php?rest_route=\/wp\/v2\/types\/post"}],"author":[{"embeddable":true,"href":"https:\/\/obispadodezaratecampana.org\/index.php?rest_route=\/wp\/v2\/users\/2"}],"replies":[{"embeddable":true,"href":"https:\/\/obispadodezaratecampana.org\/index.php?rest_route=%2Fwp%2Fv2%2Fcomments&post=13368"}],"version-history":[{"count":3,"href":"https:\/\/obispadodezaratecampana.org\/index.php?rest_route=\/wp\/v2\/posts\/13368\/revisions"}],"predecessor-version":[{"id":13373,"href":"https:\/\/obispadodezaratecampana.org\/index.php?rest_route=\/wp\/v2\/posts\/13368\/revisions\/13373"}],"wp:featuredmedia":[{"embeddable":true,"href":"https:\/\/obispadodezaratecampana.org\/index.php?rest_route=\/wp\/v2\/media\/13369"}],"wp:attachment":[{"href":"https:\/\/obispadodezaratecampana.org\/index.php?rest_route=%2Fwp%2Fv2%2Fmedia&parent=13368"}],"wp:term":[{"taxonomy":"category","embeddable":true,"href":"https:\/\/obispadodezaratecampana.org\/index.php?rest_route=%2Fwp%2Fv2%2Fcategories&post=13368"},{"taxonomy":"post_tag","embeddable":true,"href":"https:\/\/obispadodezaratecampana.org\/index.php?rest_route=%2Fwp%2Fv2%2Ftags&post=13368"}],"curies":[{"name":"wp","href":"https:\/\/api.w.org\/{rel}","templated":true}]}}