{"id":13358,"date":"2016-12-03T14:26:56","date_gmt":"2016-12-03T17:26:56","guid":{"rendered":"http:\/\/obispadodezaratecampana.org\/?p=13358"},"modified":"2016-12-03T14:26:56","modified_gmt":"2016-12-03T17:26:56","slug":"el-papa-a-los-empresarios-busquemos-soluciones-adecuadas-a-los-desafios-globales-de-injusticia","status":"publish","type":"post","link":"https:\/\/obispadodezaratecampana.org\/?p=13358","title":{"rendered":"El Papa a los Empresarios: \u201cBusquemos soluciones adecuadas a los desaf\u00edos globales de injusticia\u201d"},"content":{"rendered":"<p style=\"text-align: justify;\">(RV).- \u201cLos animo a continuar el trabajo que han iniciado en este F\u00f3rum y a buscar v\u00edas m\u00e1s creativas para transformar las instituciones y las estructuras econ\u00f3micas de modo que sepamos responder a las necesidades de hoy y estemos al servicio de la persona humana, especialmente de cuantos son marginados y excluidos\u201d, lo dijo el Papa Francisco a los Empresarios participantes en el Encuentro promovido por la asociaci\u00f3n \u201cTime Life\u201d, a quienes recibi\u00f3 en Audiencia en la Sala Clementina del Vaticano.<\/p>\n<p style=\"text-align: justify;\">En su discurso, el Santo Padre resalt\u00f3 el trabajo que realizaron en estos d\u00edas, en los que se reunieron para tratar el tema: \u201cEl desaf\u00edo del siglo 21\u00b0: crear un nuevo pacto social\u201d. \u201cEl tiempo que pasaron juntos les ha permitido intercambiar ideas y compartir informaci\u00f3n \u2013 afirm\u00f3 el Pont\u00edfice \u2013 y lo que es muy importante, dijo, es que ahora se requiere no un nuevo acuerdo social en abstracto, sino ideas concretas y una acci\u00f3n eficaz que ir\u00e1 a favor de todos e iniciar\u00e1 a responder a las urgentes cuestiones de nuestros d\u00edas\u201d.<\/p>\n<p style=\"text-align: justify;\">Quisiera agradecerles por todo lo que est\u00e1n haciendo para promover la centralidad y la dignidad de la persona humana dentro de las instituciones y de los modelos econ\u00f3micos, se\u00f1al\u00f3 el Obispo de Roma, y por llamar la atenci\u00f3n sobre el problema de los pobres y los refugiados, que muchas veces son olvidados por la sociedad. \u201cCuando ignoramos el grito de tantos hermanos nuestros y hermanas en muchas partes del mundo, no solo negamos sus derechos y los valores que han recibido de Dios, sino tambi\u00e9n rechazamos su sabidur\u00eda e impedimos a ellos ofrecer al mundo sus talentos, sus tradiciones y su cultura. Estos comportamientos incrementan el sufrimiento de los pobres y de los marginados, y nosotros mismos nos hacemos m\u00e1s pobres, no solo materialmente, sino moralmente y espiritualmente\u201d.<\/p>\n<p style=\"text-align: justify;\">El mundo de hoy, agreg\u00f3 el Papa Francisco, est\u00e1 marcado por grandes inquietudes. La desigualdad entre pueblos contin\u00faa creciendo y muchas comunidades est\u00e1n directamente afectadas por la guerra y la pobreza. \u201cLa gente quiere hacer sentir su propia voz y expresar las propias preocupaciones y miedos. Quiere dar su propio aporte a las comunidades locales y a la sociedad, y beneficiarse de los recursos y del desarrollo muchas veces reservado a pocos\u201d.<\/p>\n<p style=\"text-align: justify;\">Alentando a los participantes en este Encuentro, el Sucesor de Pedro dijo que a pesar de los sufrimientos y conflictos que atraviesa nuestro mundo, tambi\u00e9n estamos viviendo un momento de esperanza; porque cuando reconocemos el mal en medio de nosotros, podemos buscar sanarlo aplicando una justa cura. \u201cJustamente su presencia hoy aqu\u00ed es un signo de esta esperanza, porque demuestra que ustedes reconocen los problemas que est\u00e1n ante nosotros y la necesidad de actuar con decisi\u00f3n. Esta estrategia de renovaci\u00f3n y esperanza necesita una conversi\u00f3n institucional y personal; un cambio de coraz\u00f3n que confiere el primado a las m\u00e1s profundas expresiones de nuestra com\u00fan humanidad, de nuestras culturas, de nuestras convicciones religiosas y de nuestras tradiciones\u201d.<\/p>\n<p style=\"text-align: justify;\">En esta \u00f3ptica de esperanza, el Santo Padre invit\u00f3 a los Empresarios a buscar soluciones adecuadas a los desaf\u00edos globales de injusticia, promoviendo un sentido de responsabilidad, de tal manera que ninguno sea excluido de la participaci\u00f3n social. \u201cLos animo a continuar el trabajo que han iniciado en este F\u00f3rum y a buscar v\u00edas m\u00e1s creativas para transformar las instituciones y las estructuras econ\u00f3micas de modo que sepamos responder a las necesidades de hoy y estemos al servicio de la persona humana, especialmente de cuantos son marginados y excluidos\u201d.<\/p>\n<p style=\"text-align: justify;\">Finalmente, el Papa Francisco les asegur\u00f3 su oraci\u00f3n para que puedan involucrar en sus esfuerzos de cambio a aquellos que tratan de ayudar; d\u00e1ndoles voz, escuchando sus historias, aprendiendo de sus experiencias y comprendiendo sus necesidades. Vean en ellos, dijo el Papa, un hermano y una hermana, un hijo y una hija, un padre y una madre, ya que uno de los desaf\u00edos de hoy es ver el rostro humano de aquellos que sufren. \u201cLes aseguro mi oraci\u00f3n para que sus esfuerzos traigan frutos y el compromiso de la Iglesia Cat\u00f3lica de hacerse voz de cuantos son silenciados\u201d.<\/p>\n<p style=\"text-align: justify;\">(Renato Martinez \u2013 Radio Vaticano)<\/p>\n<p style=\"text-align: justify;\">(from Vatican Radio)<\/p>\n<!-- AddThis Advanced Settings generic via filter on the_content --><!-- AddThis Share Buttons generic via filter on the_content -->","protected":false},"excerpt":{"rendered":"<p>(RV).- \u201cLos animo a continuar el trabajo que han iniciado en este F\u00f3rum y a buscar v\u00edas m\u00e1s creativas para transformar las instituciones y las [&hellip;]<!-- AddThis Advanced Settings generic via filter on get_the_excerpt --><!-- AddThis Share Buttons generic via filter on get_the_excerpt --><\/p>\n","protected":false},"author":2,"featured_media":13359,"comment_status":"open","ping_status":"open","sticky":false,"template":"","format":"standard","meta":{"footnotes":""},"categories":[161,1],"tags":[],"class_list":["post-13358","post","type-post","status-publish","format-standard","has-post-thumbnail","hentry","category-el-papa-leonxiv","category-noticiasdiocesanas"],"_links":{"self":[{"href":"https:\/\/obispadodezaratecampana.org\/index.php?rest_route=\/wp\/v2\/posts\/13358","targetHints":{"allow":["GET"]}}],"collection":[{"href":"https:\/\/obispadodezaratecampana.org\/index.php?rest_route=\/wp\/v2\/posts"}],"about":[{"href":"https:\/\/obispadodezaratecampana.org\/index.php?rest_route=\/wp\/v2\/types\/post"}],"author":[{"embeddable":true,"href":"https:\/\/obispadodezaratecampana.org\/index.php?rest_route=\/wp\/v2\/users\/2"}],"replies":[{"embeddable":true,"href":"https:\/\/obispadodezaratecampana.org\/index.php?rest_route=%2Fwp%2Fv2%2Fcomments&post=13358"}],"version-history":[{"count":1,"href":"https:\/\/obispadodezaratecampana.org\/index.php?rest_route=\/wp\/v2\/posts\/13358\/revisions"}],"predecessor-version":[{"id":13360,"href":"https:\/\/obispadodezaratecampana.org\/index.php?rest_route=\/wp\/v2\/posts\/13358\/revisions\/13360"}],"wp:featuredmedia":[{"embeddable":true,"href":"https:\/\/obispadodezaratecampana.org\/index.php?rest_route=\/wp\/v2\/media\/13359"}],"wp:attachment":[{"href":"https:\/\/obispadodezaratecampana.org\/index.php?rest_route=%2Fwp%2Fv2%2Fmedia&parent=13358"}],"wp:term":[{"taxonomy":"category","embeddable":true,"href":"https:\/\/obispadodezaratecampana.org\/index.php?rest_route=%2Fwp%2Fv2%2Fcategories&post=13358"},{"taxonomy":"post_tag","embeddable":true,"href":"https:\/\/obispadodezaratecampana.org\/index.php?rest_route=%2Fwp%2Fv2%2Ftags&post=13358"}],"curies":[{"name":"wp","href":"https:\/\/api.w.org\/{rel}","templated":true}]}}