{"id":13349,"date":"2016-12-03T13:53:20","date_gmt":"2016-12-03T16:53:20","guid":{"rendered":"http:\/\/obispadodezaratecampana.org\/?p=13349"},"modified":"2016-12-08T12:49:48","modified_gmt":"2016-12-08T15:49:48","slug":"3-de-diciembre-san-francisco-javier","status":"publish","type":"post","link":"https:\/\/obispadodezaratecampana.org\/?p=13349","title":{"rendered":"3 de diciembre: San Francisco Javier"},"content":{"rendered":"<p style=\"text-align: justify;\"><em>Cada 3 de diciembre la Iglesia celebra a San Francisco Javier, sacerdote jesuita, compa\u00f1ero de San Ignacio de Loyola y patrono de las misiones. Fervoroso misionero, recorri\u00f3 los 5 continentes y pas\u00f3 a la historia por ser el \u201cdivino impaciente\u201d, el hombre sin fronteras, al que nadie se atrever\u00eda a frenar su paso, que se aventur\u00f3 por tierras rec\u00f3nditas para anunciar el Evangelio.<\/em><br \/>\n<em>Naci\u00f3 un 7 de abril del a\u00f1o de gracia de 1506, hace ya 500 a\u00f1os. Vivi\u00f3 frente al reino de Arag\u00f3n, hijo de una familia acomodada. Estudi\u00f3 en Par\u00eds, populosa urbe de no menos de 300.000 habitantes, coraz\u00f3n de la cultura de su siglo XVI y encrucijada de las m\u00e1s diversas corrientes del pensamiento de la \u00e9poca. All\u00ed se conoci\u00f3 con I\u00f1igo de Loyola (San Ignacio de Loyola), con qui\u00e9n comparti\u00f3 habitaci\u00f3n durante su tiempo de estudiante. Su amistad le cambiar\u00eda la vida y los llevar\u00eda a lugares inesperados.<\/em><\/p>\n<p><img fetchpriority=\"high\" decoding=\"async\" class=\"size-medium wp-image-13350 aligncenter\" src=\"http:\/\/obispadodezaratecampana.org\/wp-content\/uploads\/2016\/12\/Javier-300x242.jpg\" alt=\"javier\" width=\"300\" height=\"242\" srcset=\"https:\/\/obispadodezaratecampana.org\/wp-content\/uploads\/2016\/12\/Javier-300x242.jpg 300w, https:\/\/obispadodezaratecampana.org\/wp-content\/uploads\/2016\/12\/Javier-1024x829.jpg 1024w, https:\/\/obispadodezaratecampana.org\/wp-content\/uploads\/2016\/12\/Javier.jpg 1199w\" sizes=\"(max-width: 300px) 100vw, 300px\" \/><\/p>\n<p>La conversi\u00f3n<\/p>\n<p style=\"text-align: justify;\">Al ardiente Francisco, que estudia y ense\u00f1a en Par\u00eds desde sus 19 a\u00f1os hasta sus 31, parte su biograf\u00eda en dos partes. Una primera, que persigue a todo trance el brillo y el triunfo. Xavier, al poco de acreditarse como universitario, solicita de la Corte de Justicia de Pamplona los documentos que le acrediten como \u201cnoble\u201d, \u201chijodalgo\u201d, \u201cgentilhombre de su antiguo origen\u201d. Francisco de Xavier obtuvo este reconocimiento oficial y al tiempo una carta donde se le otorgaba el Cabildo Catedralicio de Pamplona y se le designaba un importante sitio para cuando regresara de sus estudios en Par\u00eds.<br \/>\nUno y otro documento llegaron, por fortuna, tarde. El Xavier que recibe estas postas, tan ansiadas en otros tiempos, ya no aprecia en ellas sino vanidad y humo. De por medio est\u00e1 su conversi\u00f3n a Cristo; una conversi\u00f3n radical, sin medias tintas, toda ella entrega a la voluntad del Rey celestial que \u201cquiere conquistar toda tierra de infieles\u201d.<br \/>\nCuatro a\u00f1os, \u00a1cuatro!, tuvo que bregar su compa\u00f1ero de habitaci\u00f3n I\u00f1igo de Loyola, \u201cgran catador de almas\u201d, para que Francisco de Xavier renunciara definitivamente a sus vanidades y glorias mundanas y se volviera al compromiso del Evangelio, al servicio a los dem\u00e1s, a la pobreza y a la obediencia. El padre Polanco, secretario que del superior general de la Compa\u00f1\u00eda de Jes\u00fas, ha librado testimonio de c\u00f3mo I\u00f1igo de Loyola sol\u00eda decir que \u201cXavier fue el barro m\u00e1s duro que le toc\u00f3 moldear\u201d. Y el esp\u00edritu barroco del XVII, all\u00e1 por el 12 de marzo de 1622 en que Francisco de Xavier fue canonizado junto a san Ignacio de Loyola, escribir\u00e1 unos d\u00edsticos latinos en el l\u00e1baro del Vaticano que dec\u00edan: \u201cSon muchos y maravillosos los milagros que obr\u00f3 Xavier; el milagro de Ignacio fue a\u00fan mayor: Xavier\u201d. As\u00ed es c\u00f3mo \u2013para el mayor bien de la Iglesia y para la mayor gloria de Dios\u2013 qued\u00f3 partida en dos la biograf\u00eda de Francisco.<\/p>\n<p>San Francisco Javier<\/p>\n<p>Esp\u00edritu en\u00e9rgico<\/p>\n<p style=\"text-align: justify;\">Lo que no qued\u00f3 partida fue la decisi\u00f3n, ni energ\u00eda, ni la pasi\u00f3n, ni la impaciencia que caracterizaban el esp\u00edritu de Francisco de Xavier. Estas cualidades de antes de la conversi\u00f3n permanecieron intactas \u2013y aun acrecentadas\u2013 despu\u00e9s de \u00e9sta. S\u00f3lo cambiaron los horizontes a los que Xavier las lanzaba.<br \/>\nCuando I\u00f1igo de Loyola, apremiado por graves circunstancias en las que entran el Papa Paulo y el Rey de Portugal, le propone de repente si estar\u00eda dispuesto a emprender al d\u00eda siguiente el camino hacia las Indias, Xavier echa mano de su decisi\u00f3n y responde: \u201cPues heme aqu\u00ed, Padre, dispuesto estoy\u201d. All\u00ed mismo arm\u00f3 un peque\u00f1o atillo con un par de calzones, recosi\u00f3 su pobre sotanilla, se hizo con el breviario y con algunos escritos espirituales, firm\u00f3 la aprobaci\u00f3n de las Constituciones que la Compa\u00f1\u00eda de Jes\u00fas tendr\u00eda que darse en breve, puso su nombre y apellido debajo de la f\u00f3rmula p\u00fablica de los votos de pobreza, castidad y obediencia y dio su parecer favorable a la designaci\u00f3n de I\u00f1igo de Loyola como superior general y, en su defecto, a favor de Fabro. Arrodillado ante el Papa Paulo III, tuvo que aceptar su designaci\u00f3n como Nuncio Apost\u00f3lico para todo el Oriente; y, luego, ya sin m\u00e1s, se apresur\u00f3 a unirse a la expedici\u00f3n del embajador portugu\u00e9s Mascare\u00f1as. Antes, con todo, tuvo que someterse al control casi maternal de I\u00f1igo. \u00c9ste le desabroch\u00f3 la sotana a la altura del pecho: una simple camisilla. \u00a1Y ten\u00eda que atravesar los \u00c1lpes cubiertos de nieves! \u201c\u00bfAs\u00ed vas, Francisco, as\u00ed?\u201d Y pidi\u00f3 para Xavier algo de ropa de mayor abrigo.<br \/>\nAl enviarlo a las Indias Orientales Ignacio le dijo: \u201cIte inflamate omnia\u201d, que traducido a buen romance significa algo as\u00ed como \u201cVayan y enciendan todo con fuego\u201d. Ignacio envi\u00f3 a Francisco Javier a llevar el fuego del Evangelio a las Indias Orientales, siguiendo el deseo de Jes\u00fas: \u201cHe venido a traer fuego a esta tierra y \u00a1cu\u00e1nto desear\u00eda que ya estuviera ardiendo!\u201c (Lucas 12, 49).<br \/>\nDe su esp\u00edritu en\u00e9rgico hay testimonios sobreabundantes. En v\u00edsperas de embarcar para las Indias \u2013es un ejemplo\u2013 el conde de Casta\u00f1eda trat\u00f3 de convencer a Xavier de que aceptara un criado para toda la navegaci\u00f3n. \u201cEl Padre Francisco es Nuncio del Papa\u201d, le recordaba. A lo que Xavier respondi\u00f3: \u201cEl adquirir cr\u00e9dito y autoridad por ese medio ha tra\u00eddo a la Iglesia de Dios y a sus prelados al estado de decadencia en que ahora se encuentran\u201d. Y a\u00f1adi\u00f3: \u201cEl medio por el que se ha de adquirir ese cr\u00e9dito y autoridad es lavando la ropa y guisando la olla sin tener necesidad de nadie\u201d.<br \/>\nEnerg\u00eda \u2013y mucha\u2013 de un Xavier que asegura estar dispuesto a lanzarse al agua y nadar unos 50 kil\u00f3metros desde Ternate hasta la Isla del Moro, si los mercaderes portugueses se niegan a darle pasaje en sus barcos. Energ\u00eda, igualmente, cuando contrata un junco a un pirata chino para que le deje en una playa de Jap\u00f3n. Y energ\u00eda, sobre todo, cuando desafiando la pena de muerte a que se expone, toma la decisi\u00f3n de entrar clandestinamente en China. Lo dir\u00e1 muy claro: \u201cO en la Corte de Pek\u00edn o en la c\u00e1rcel de Cant\u00f3n\u201d.<\/p>\n<p style=\"text-align: justify;\">San ignacio y compa\u00f1eros<\/p>\n<p>Divino impaciente<\/p>\n<p style=\"text-align: justify;\">La pasi\u00f3n del Padre Francisco por la mayor gloria de Dios y bien de los hombres, le ha ganado con toda justicia el t\u00edtulo de \u201cdivino impaciente\u201d. Su apostolado misionero \u2013a contar desde el 7 de abril de 1541, d\u00eda en que Xavier cumpl\u00eda 35 a\u00f1os\u2013 se prolog\u00f3 s\u00f3lo por once a\u00f1os y medio. De \u00e9stos, casi cinco los emple\u00f3 en las m\u00e1s varias navegaciones.<br \/>\nEn este corto tiempo se hizo presente en los cinco continentes y recorri\u00f3 no menos de 70.000 kil\u00f3metros, casi dos vueltas a la tierra. Aprovechaba el tiempo de los trayectos y el de su obligada espera en el puerto de Coch\u00edn para escribir cartas y documentos. Se sabe que redact\u00f3 190 cartas, aunque s\u00f3lo han llegado hasta nosotros 108. Tambi\u00e9n nos han llegado 29 documentos de avisos espirituales y pastorales para los futuros misioneros, si bien es conocido que redact\u00f3 al menos 36. De su pluma salieron igualmente peque\u00f1os compendios de la fe cristiana o catecismos en las m\u00e1s varias lenguas de la India, de las Molucas, de Jap\u00f3n y de China. El Padre Francisco dictaba el texto catequ\u00e9tico en portugu\u00e9s o en espa\u00f1ol, y su fieles traductores lo vert\u00edan a las lenguas de los naturales a los que Xavier quer\u00eda evangelizar.<br \/>\nNada hab\u00eda que pudiera detener su paso. En la oraci\u00f3n y en los tiempos de reflexi\u00f3n trataba de buscar la voluntad de Dios. Una vez que se convenc\u00eda de que el bien de las almas le ped\u00eda un nuevo horizonte, all\u00ed estaba \u00e9l, Xavier, decidido, en\u00e9rgico, impaciente. \u201cEsp\u00e1ntanse mucho todos mis devotos y amigos de hacer un viaje tan largo y peligroso. Las tempestades de la China son las mayores que se han visto\u2026\u201d.<br \/>\nEl Padre Francisco escribe estos renglones cuando se va a embarcar para Jap\u00f3n. Todos sus \u201cdevotos y amigos\u201d intentan disuadirle. Le hablan de \u201clos ladrones del mar\u201d; hay tantos, le dicen, \u201cque es de espanto\u201d y le subrayan que \u201cson estos piratas muy crueles en dar muchos g\u00e9neros de tormentos y martirios a los que prenden\u201d\u2026 Y Xavier anota por todo comentario: \u201cTodos los otros miedos, peligros y trabajos que me dicen mis amigos, los tengo por nada\u201d. \u00bfPor qu\u00e9? Por una sencilla raz\u00f3n: \u201c\u00a1Ay de m\u00ed si no evangelizara!\u201d, se dice Xavier una y otra vez. Como en su d\u00eda se lo dec\u00eda a s\u00ed mismo Pablo, el Ap\u00f3stol de las gentiles. Y por otra raz\u00f3n: Francisco de Xavier tiene puesta toda su confianza en Dios. Sabe que el Se\u00f1or no le defraudar\u00e1 ni por un instante. Escribir\u00e1: \u201cDetermino de me ir al Moro, ofrecido a todo peligro de muerte, deseando de me conformar con el dicho de Cristo Nuestro Redentor y Se\u00f1or, que dice; quien quiera salvar su vida, la perder\u00e1; mas quien perdiere su vida por amor de m\u00ed, la encontrar\u00e1.<\/p>\n<p>Basada en el texto del P. Manuel de Unciti<br \/>\n(Misioneros Tercer Milenio, n\u00ba 64, abril 2006)<\/p>\n<p style=\"text-align: justify;\">Fuente: RADIO MARIA ARGENTINA<\/p>\n<!-- AddThis Advanced Settings generic via filter on the_content --><!-- AddThis Share Buttons generic via filter on the_content -->","protected":false},"excerpt":{"rendered":"<p>Cada 3 de diciembre la Iglesia celebra a San Francisco Javier, sacerdote jesuita, compa\u00f1ero de San Ignacio de Loyola y patrono de las misiones. Fervoroso [&hellip;]<!-- AddThis Advanced Settings generic via filter on get_the_excerpt --><!-- AddThis Share Buttons generic via filter on get_the_excerpt --><\/p>\n","protected":false},"author":2,"featured_media":13350,"comment_status":"open","ping_status":"open","sticky":false,"template":"","format":"standard","meta":{"footnotes":""},"categories":[166],"tags":[],"class_list":["post-13349","post","type-post","status-publish","format-standard","has-post-thumbnail","hentry","category-santoral"],"_links":{"self":[{"href":"https:\/\/obispadodezaratecampana.org\/index.php?rest_route=\/wp\/v2\/posts\/13349","targetHints":{"allow":["GET"]}}],"collection":[{"href":"https:\/\/obispadodezaratecampana.org\/index.php?rest_route=\/wp\/v2\/posts"}],"about":[{"href":"https:\/\/obispadodezaratecampana.org\/index.php?rest_route=\/wp\/v2\/types\/post"}],"author":[{"embeddable":true,"href":"https:\/\/obispadodezaratecampana.org\/index.php?rest_route=\/wp\/v2\/users\/2"}],"replies":[{"embeddable":true,"href":"https:\/\/obispadodezaratecampana.org\/index.php?rest_route=%2Fwp%2Fv2%2Fcomments&post=13349"}],"version-history":[{"count":2,"href":"https:\/\/obispadodezaratecampana.org\/index.php?rest_route=\/wp\/v2\/posts\/13349\/revisions"}],"predecessor-version":[{"id":13386,"href":"https:\/\/obispadodezaratecampana.org\/index.php?rest_route=\/wp\/v2\/posts\/13349\/revisions\/13386"}],"wp:featuredmedia":[{"embeddable":true,"href":"https:\/\/obispadodezaratecampana.org\/index.php?rest_route=\/wp\/v2\/media\/13350"}],"wp:attachment":[{"href":"https:\/\/obispadodezaratecampana.org\/index.php?rest_route=%2Fwp%2Fv2%2Fmedia&parent=13349"}],"wp:term":[{"taxonomy":"category","embeddable":true,"href":"https:\/\/obispadodezaratecampana.org\/index.php?rest_route=%2Fwp%2Fv2%2Fcategories&post=13349"},{"taxonomy":"post_tag","embeddable":true,"href":"https:\/\/obispadodezaratecampana.org\/index.php?rest_route=%2Fwp%2Fv2%2Ftags&post=13349"}],"curies":[{"name":"wp","href":"https:\/\/api.w.org\/{rel}","templated":true}]}}