{"id":13333,"date":"2016-11-22T22:57:19","date_gmt":"2016-11-23T01:57:19","guid":{"rendered":"http:\/\/obispadodezaratecampana.org\/?p=13333"},"modified":"2016-11-22T22:57:19","modified_gmt":"2016-11-23T01:57:19","slug":"nuevas-designaciones-para-parroquias-de-zarate-y-campana-noviembre-2016","status":"publish","type":"post","link":"https:\/\/obispadodezaratecampana.org\/?p=13333","title":{"rendered":"Nuevas designaciones para Parroquias de Z\u00e1rate y Campana. Noviembre 2016"},"content":{"rendered":"<h6><span style=\"color: #993300; font-family: garamond, serif; font-size: large;\">Querida comunidad: el Obispo ha realizado las siguientes designaciones: \u00a0<\/span><\/h6>\n<h6 style=\"color: #222222;\"><span style=\"font-family: garamond, serif; font-size: large; color: #993300;\">&#8211; Padre Agust\u00edn Villa: Cura P\u00e1rroco de la Pquia Ntra Se\u00f1ora del Carmen de Z\u00e1rate.<\/span><\/h6>\n<h6 style=\"color: #222222;\"><span style=\"font-family: garamond, serif; font-size: large; color: #993300;\">&#8211; Padre Jonathan Sfardini: Administrador Parroquial de la Pquia Ntra Sra de Luj\u00e1n y de los Santos Ap\u00f3stoles Pedro y Pablo de Campana.<\/span><\/h6>\n<h5 style=\"text-align: justify;\">\u00a0 \u00a0 \u00a0 \u00a0 \u00a0 \u00a0 \u00a0 \u00a0 \u00a0 \u00a0 \u00a0 \u00a0 \u00a0 \u00a0 \u00a0 \u00a0 \u00a0 \u00a0 \u00a0 \u00a0 \u00a0 \u00a0 \u00a0 \u00a0 \u00a0 \u00a0 \u00a0 \u00a0 \u00a0 \u00a0 \u00a0 \u00a0 \u00a0 \u00a0<em><span style=\"color: #993300;\">De izquierda a derecha: el Padre Agust\u00edn , Monse\u00f1or Pedro y el Padre Jony<\/span><\/em><br class=\"Apple-interchange-newline\" \/><\/h5>\n<p><img fetchpriority=\"high\" decoding=\"async\" class=\"wp-image-13334 aligncenter\" src=\"http:\/\/obispadodezaratecampana.org\/wp-content\/uploads\/2016\/11\/15068564_368951050104411_3529640284908444130_o-300x188.jpg\" alt=\"15068564_368951050104411_3529640284908444130_o\" width=\"401\" height=\"251\" srcset=\"https:\/\/obispadodezaratecampana.org\/wp-content\/uploads\/2016\/11\/15068564_368951050104411_3529640284908444130_o-300x188.jpg 300w, https:\/\/obispadodezaratecampana.org\/wp-content\/uploads\/2016\/11\/15068564_368951050104411_3529640284908444130_o-1024x644.jpg 1024w, https:\/\/obispadodezaratecampana.org\/wp-content\/uploads\/2016\/11\/15068564_368951050104411_3529640284908444130_o.jpg 1369w\" sizes=\"(max-width: 401px) 100vw, 401px\" \/><\/p>\n<!-- AddThis Advanced Settings generic via filter on the_content --><!-- AddThis Share Buttons generic via filter on the_content -->","protected":false},"excerpt":{"rendered":"<p>Querida comunidad: el Obispo ha realizado las siguientes designaciones: \u00a0 &#8211; Padre Agust\u00edn Villa: Cura P\u00e1rroco de la Pquia Ntra Se\u00f1ora del Carmen de Z\u00e1rate. [&hellip;]<!-- AddThis Advanced Settings generic via filter on get_the_excerpt --><!-- AddThis Share Buttons generic via filter on get_the_excerpt --><\/p>\n","protected":false},"author":2,"featured_media":13334,"comment_status":"open","ping_status":"open","sticky":false,"template":"","format":"standard","meta":{"footnotes":""},"categories":[1,3],"tags":[],"class_list":["post-13333","post","type-post","status-publish","format-standard","has-post-thumbnail","hentry","category-noticiasdiocesanas","category-noticiasparroquiales"],"_links":{"self":[{"href":"https:\/\/obispadodezaratecampana.org\/index.php?rest_route=\/wp\/v2\/posts\/13333","targetHints":{"allow":["GET"]}}],"collection":[{"href":"https:\/\/obispadodezaratecampana.org\/index.php?rest_route=\/wp\/v2\/posts"}],"about":[{"href":"https:\/\/obispadodezaratecampana.org\/index.php?rest_route=\/wp\/v2\/types\/post"}],"author":[{"embeddable":true,"href":"https:\/\/obispadodezaratecampana.org\/index.php?rest_route=\/wp\/v2\/users\/2"}],"replies":[{"embeddable":true,"href":"https:\/\/obispadodezaratecampana.org\/index.php?rest_route=%2Fwp%2Fv2%2Fcomments&post=13333"}],"version-history":[{"count":1,"href":"https:\/\/obispadodezaratecampana.org\/index.php?rest_route=\/wp\/v2\/posts\/13333\/revisions"}],"predecessor-version":[{"id":13335,"href":"https:\/\/obispadodezaratecampana.org\/index.php?rest_route=\/wp\/v2\/posts\/13333\/revisions\/13335"}],"wp:featuredmedia":[{"embeddable":true,"href":"https:\/\/obispadodezaratecampana.org\/index.php?rest_route=\/wp\/v2\/media\/13334"}],"wp:attachment":[{"href":"https:\/\/obispadodezaratecampana.org\/index.php?rest_route=%2Fwp%2Fv2%2Fmedia&parent=13333"}],"wp:term":[{"taxonomy":"category","embeddable":true,"href":"https:\/\/obispadodezaratecampana.org\/index.php?rest_route=%2Fwp%2Fv2%2Fcategories&post=13333"},{"taxonomy":"post_tag","embeddable":true,"href":"https:\/\/obispadodezaratecampana.org\/index.php?rest_route=%2Fwp%2Fv2%2Ftags&post=13333"}],"curies":[{"name":"wp","href":"https:\/\/api.w.org\/{rel}","templated":true}]}}