{"id":13313,"date":"2016-11-19T20:12:38","date_gmt":"2016-11-19T23:12:38","guid":{"rendered":"http:\/\/obispadodezaratecampana.org\/?p=13313"},"modified":"2016-11-19T20:12:38","modified_gmt":"2016-11-19T23:12:38","slug":"el-obispo-ha-designado-el-consejo-presbiteral-diocesano-para-el-periodo-2016-2019","status":"publish","type":"post","link":"https:\/\/obispadodezaratecampana.org\/?p=13313","title":{"rendered":"El Obispo ha designado el Consejo Presbiteral Diocesano para el per\u00edodo 2016 -2019"},"content":{"rendered":"<h4><span style=\"color: #808000;\">Nuestro Obispo Pedro ha designado el 16 de noviembre como integrantes del Consejo Presbiteral Diocesano para el per\u00edodo 2016 -2019 a los siguientes sacerdotes:<\/span><\/h4>\n<h4 style=\"text-align: center;\"><span style=\"color: #808000;\">Pbro. N\u00e9stor Daniel Villa<\/span><br \/>\n<span style=\"color: #808000;\">Pbro. Hugo Nelson Lovatto<\/span><br \/>\n<span style=\"color: #808000;\">Pbro. Guillermo Eduardo D\u00edaz<\/span><br \/>\n<span style=\"color: #808000;\">Pbro. Justo Rodr\u00edguez Gallego<\/span><br \/>\n<span style=\"color: #808000;\">Pbro. Ram\u00f3n Alfredo Me\u00f3niz<\/span><br \/>\n<span style=\"color: #808000;\">Pbro. Adri\u00e1n Nicol\u00e1s L\u00e1zaro<\/span><br \/>\n<span style=\"color: #808000;\">Pbro. Eduardo Alberto Mussato<\/span><br \/>\n<span style=\"color: #808000;\">Pbro. Jorge Rolando Ritacco<\/span><br \/>\n<span style=\"color: #808000;\">Pbro. Manuel Oscar Iglesias<\/span><br \/>\n<span style=\"color: #808000;\">Pbro. Fernando Gabriel Crevat\u00edn<\/span><br \/>\n<span style=\"color: #808000;\">Pbro. Pablo Hern\u00e1n Villalba<\/span><br \/>\n<span style=\"color: #808000;\">Pbro. Ariel Ram\u00f3n P\u00e9rez<\/span><br \/>\n<span style=\"color: #808000;\">Pbro. Osvaldo Mario Montferrand<\/span><br \/>\n<span style=\"color: #808000;\">R.P. Giovanni Guarino RCJ<\/span><\/h4>\n<p style=\"text-align: center;\">\n<p><img fetchpriority=\"high\" decoding=\"async\" class=\"size-medium wp-image-13314 aligncenter\" src=\"http:\/\/obispadodezaratecampana.org\/wp-content\/uploads\/2016\/11\/Escudo-Mons.Pedro_-300x170.jpg\" alt=\"escudo-mons-pedro\" width=\"300\" height=\"170\" srcset=\"https:\/\/obispadodezaratecampana.org\/wp-content\/uploads\/2016\/11\/Escudo-Mons.Pedro_-300x170.jpg 300w, https:\/\/obispadodezaratecampana.org\/wp-content\/uploads\/2016\/11\/Escudo-Mons.Pedro_.jpg 785w\" sizes=\"(max-width: 300px) 100vw, 300px\" \/><\/p>\n<!-- AddThis Advanced Settings generic via filter on the_content --><!-- AddThis Share Buttons generic via filter on the_content -->","protected":false},"excerpt":{"rendered":"<p>Nuestro Obispo Pedro ha designado el 16 de noviembre como integrantes del Consejo Presbiteral Diocesano para el per\u00edodo 2016 -2019 a los siguientes sacerdotes: Pbro. [&hellip;]<!-- AddThis Advanced Settings generic via filter on get_the_excerpt --><!-- AddThis Share Buttons generic via filter on get_the_excerpt --><\/p>\n","protected":false},"author":2,"featured_media":13314,"comment_status":"open","ping_status":"open","sticky":false,"template":"","format":"standard","meta":{"footnotes":""},"categories":[1],"tags":[],"class_list":["post-13313","post","type-post","status-publish","format-standard","has-post-thumbnail","hentry","category-noticiasdiocesanas"],"_links":{"self":[{"href":"https:\/\/obispadodezaratecampana.org\/index.php?rest_route=\/wp\/v2\/posts\/13313","targetHints":{"allow":["GET"]}}],"collection":[{"href":"https:\/\/obispadodezaratecampana.org\/index.php?rest_route=\/wp\/v2\/posts"}],"about":[{"href":"https:\/\/obispadodezaratecampana.org\/index.php?rest_route=\/wp\/v2\/types\/post"}],"author":[{"embeddable":true,"href":"https:\/\/obispadodezaratecampana.org\/index.php?rest_route=\/wp\/v2\/users\/2"}],"replies":[{"embeddable":true,"href":"https:\/\/obispadodezaratecampana.org\/index.php?rest_route=%2Fwp%2Fv2%2Fcomments&post=13313"}],"version-history":[{"count":1,"href":"https:\/\/obispadodezaratecampana.org\/index.php?rest_route=\/wp\/v2\/posts\/13313\/revisions"}],"predecessor-version":[{"id":13315,"href":"https:\/\/obispadodezaratecampana.org\/index.php?rest_route=\/wp\/v2\/posts\/13313\/revisions\/13315"}],"wp:featuredmedia":[{"embeddable":true,"href":"https:\/\/obispadodezaratecampana.org\/index.php?rest_route=\/wp\/v2\/media\/13314"}],"wp:attachment":[{"href":"https:\/\/obispadodezaratecampana.org\/index.php?rest_route=%2Fwp%2Fv2%2Fmedia&parent=13313"}],"wp:term":[{"taxonomy":"category","embeddable":true,"href":"https:\/\/obispadodezaratecampana.org\/index.php?rest_route=%2Fwp%2Fv2%2Fcategories&post=13313"},{"taxonomy":"post_tag","embeddable":true,"href":"https:\/\/obispadodezaratecampana.org\/index.php?rest_route=%2Fwp%2Fv2%2Ftags&post=13313"}],"curies":[{"name":"wp","href":"https:\/\/api.w.org\/{rel}","templated":true}]}}