{"id":13284,"date":"2016-12-17T09:53:31","date_gmt":"2016-12-17T12:53:31","guid":{"rendered":"http:\/\/obispadodezaratecampana.org\/?p=13284"},"modified":"2016-12-18T00:25:25","modified_gmt":"2016-12-18T03:25:25","slug":"viii-peregrinacion-de-piedad-ecumenica-y-ii-interreligiosa-lunes-19-de-diciembre","status":"publish","type":"post","link":"https:\/\/obispadodezaratecampana.org\/?p=13284","title":{"rendered":"VIII Peregrinaci\u00f3n de Piedad Ecum\u00e9nica y II Interreligiosa: Lunes 19 de diciembre"},"content":{"rendered":"<h3 style=\"text-align: justify;\"><strong><span style=\"color: #993366;\">El lunes 19 de diciembre a las 15 hs se llevar\u00e1 la VIII Peregrinaci\u00f3n de Piedad Ecum\u00e9nica y II Interreligiosa de la Di\u00f3cesis de Z\u00e1rate &#8211; Campana, a la Bas\u00edlica de Luj\u00e1n. Est\u00e1n todos invitados a participar y colaborar con la difusi\u00f3n de este evento.\u00a0<\/span><\/strong><\/h3>\n<h3 style=\"text-align: justify;\"><strong><span style=\"color: #993366;\">En este enlace puede escuchar al Padre Nestor Villa Calvo explicando de que se trata este acontecimiento durante una entrevista realizada por el periodista Jose Cuello:\u00a0<\/span><\/strong><a href=\"http:\/\/obispadodezaratecampana.org\/wp-content\/uploads\/2016\/11\/Entrevista.mp3\">entrevista<\/a><\/h3>\n<h3 style=\"text-align: justify;\"><strong><span style=\"color: #993366;\">Pueden descargar el afiche desde:<\/span><\/strong><\/h3>\n<h3 style=\"text-align: justify;\"><strong><span style=\"color: #993366;\"><a title=\"Peregrinacion\" href=\"https:\/\/drive.google.com\/file\/d\/0B_J1pci5_523RkFFeHV2VzlKTmM\/view?usp=sharing\" target=\"_blank\"><span style=\"color: #993366;\">https:\/\/drive.google.com\/file\/d\/0B_J1pci5_523RkFFeHV2VzlKTmM\/view?usp=sharing<\/span><\/a><\/span><\/strong><\/h3>\n<h3 style=\"text-align: justify;\"><\/h3>\n<p><img fetchpriority=\"high\" decoding=\"async\" class=\" wp-image-13286 aligncenter\" src=\"http:\/\/obispadodezaratecampana.org\/wp-content\/uploads\/2016\/11\/image11-217x300.jpg\" alt=\"image1\" width=\"482\" height=\"536\" \/><\/p>\n<!-- AddThis Advanced Settings generic via filter on the_content --><!-- AddThis Share Buttons generic via filter on the_content -->","protected":false},"excerpt":{"rendered":"<p>El lunes 19 de diciembre a las 15 hs se llevar\u00e1 la VIII Peregrinaci\u00f3n de Piedad Ecum\u00e9nica y II Interreligiosa de la Di\u00f3cesis de Z\u00e1rate [&hellip;]<!-- AddThis Advanced Settings generic via filter on get_the_excerpt --><!-- AddThis Share Buttons generic via filter on get_the_excerpt --><\/p>\n","protected":false},"author":2,"featured_media":13286,"comment_status":"open","ping_status":"open","sticky":false,"template":"","format":"audio","meta":{"footnotes":""},"categories":[1],"tags":[],"class_list":["post-13284","post","type-post","status-publish","format-audio","has-post-thumbnail","hentry","category-noticiasdiocesanas","post_format-post-format-audio"],"_links":{"self":[{"href":"https:\/\/obispadodezaratecampana.org\/index.php?rest_route=\/wp\/v2\/posts\/13284","targetHints":{"allow":["GET"]}}],"collection":[{"href":"https:\/\/obispadodezaratecampana.org\/index.php?rest_route=\/wp\/v2\/posts"}],"about":[{"href":"https:\/\/obispadodezaratecampana.org\/index.php?rest_route=\/wp\/v2\/types\/post"}],"author":[{"embeddable":true,"href":"https:\/\/obispadodezaratecampana.org\/index.php?rest_route=\/wp\/v2\/users\/2"}],"replies":[{"embeddable":true,"href":"https:\/\/obispadodezaratecampana.org\/index.php?rest_route=%2Fwp%2Fv2%2Fcomments&post=13284"}],"version-history":[{"count":6,"href":"https:\/\/obispadodezaratecampana.org\/index.php?rest_route=\/wp\/v2\/posts\/13284\/revisions"}],"predecessor-version":[{"id":13406,"href":"https:\/\/obispadodezaratecampana.org\/index.php?rest_route=\/wp\/v2\/posts\/13284\/revisions\/13406"}],"wp:featuredmedia":[{"embeddable":true,"href":"https:\/\/obispadodezaratecampana.org\/index.php?rest_route=\/wp\/v2\/media\/13286"}],"wp:attachment":[{"href":"https:\/\/obispadodezaratecampana.org\/index.php?rest_route=%2Fwp%2Fv2%2Fmedia&parent=13284"}],"wp:term":[{"taxonomy":"category","embeddable":true,"href":"https:\/\/obispadodezaratecampana.org\/index.php?rest_route=%2Fwp%2Fv2%2Fcategories&post=13284"},{"taxonomy":"post_tag","embeddable":true,"href":"https:\/\/obispadodezaratecampana.org\/index.php?rest_route=%2Fwp%2Fv2%2Ftags&post=13284"}],"curies":[{"name":"wp","href":"https:\/\/api.w.org\/{rel}","templated":true}]}}