{"id":13266,"date":"2016-11-12T10:17:19","date_gmt":"2016-11-12T13:17:19","guid":{"rendered":"http:\/\/obispadodezaratecampana.org\/?p=13266"},"modified":"2016-11-12T10:18:39","modified_gmt":"2016-11-12T13:18:39","slug":"la-vida-de-jesus-sobre-todo-en-los-tres-anos-de-su-ministerio-publico-ha-sido-un-incesante-encuentro-con-las-personas-entre-ellas-un-lugar-especial-lo-han-tenido-los-enfermos","status":"publish","type":"post","link":"https:\/\/obispadodezaratecampana.org\/?p=13266","title":{"rendered":"La vida de Jes\u00fas, sobre todo en los tres a\u00f1os de su ministerio p\u00fablico, ha sido un incesante encuentro con las personas. Entre ellas, un lugar especial lo han tenido los enfermos"},"content":{"rendered":"<p style=\"text-align: justify;\">PAPA FRANCISCO: NO DEJEMOS SOLOS A LOS ENFERMOS Y LOS PRESOS<\/p>\n<p><img fetchpriority=\"high\" decoding=\"async\" class=\"size-medium wp-image-13267 aligncenter\" src=\"http:\/\/obispadodezaratecampana.org\/wp-content\/uploads\/2016\/11\/15055848_1406699986007702_6471730700980400919_n-300x217.jpg\" alt=\"15055848_1406699986007702_6471730700980400919_n\" width=\"300\" height=\"217\" srcset=\"https:\/\/obispadodezaratecampana.org\/wp-content\/uploads\/2016\/11\/15055848_1406699986007702_6471730700980400919_n-300x217.jpg 300w, https:\/\/obispadodezaratecampana.org\/wp-content\/uploads\/2016\/11\/15055848_1406699986007702_6471730700980400919_n.jpg 800w\" sizes=\"(max-width: 300px) 100vw, 300px\" \/><\/p>\n<p style=\"text-align: justify;\">Queridos amigos, les ofrecemos el texto de la catequesis del Papa Francisco durante su audiencia general de ayer, dedicada a esta obra de misericordia: visitar a los enfermos y a los encarcelados.<br \/>\nEl Papa nos invita a no caer en la indiferencia: podemos ser instrumentos de la misericordia de Dios visitando a los enfermos, aliviando su soledad y su dolor; y llevando el amor de Dios a los presos en lugar de juzgarlos y se\u00f1alarlos con el dedo.<\/p>\n<p style=\"text-align: justify;\">\u00abQueridos hermanos y hermanas, \u00a1buenos d\u00edas!<\/p>\n<p style=\"text-align: justify;\">La vida de Jes\u00fas, sobre todo en los tres a\u00f1os de su ministerio p\u00fablico, ha sido un incesante encuentro con las personas. Entre ellas, un lugar especial lo han tenido los enfermos. \u00a1Cu\u00e1ntas p\u00e1ginas de los Evangelios narran estos encuentros! El paral\u00edtico, el ciego, el leproso, el endemoniado, el epil\u00e9ptico, e innumerables enfermos de todo tipo\u2026<br \/>\nJes\u00fas se ha hecho cercano a cada uno de ellos y los ha sanado con su presencia y la potencia de su fuerza sanadora. Por lo tanto, no puede faltar, entre las Obras de misericordia, aquella de visitar y asistir a las personas enfermas.<br \/>\nJunto a esta podemos poner tambi\u00e9n aquella de estar cerca a las personas que se encuentran en la c\u00e1rcel. De hecho, sean los enfermos que los encarcelados viven en una condici\u00f3n que limita su libertad. \u00a1Y justamente cuando nos falta, nos damos cuenta de cuanto esta sea preciosa!<br \/>\nJes\u00fas nos ha donado la posibilidad de ser libres no obstante los l\u00edmites de la enfermedad y de las restricciones. \u00c9l nos ofrece la libertad que proviene de su encuentro y del sentido nuevo que este encuentro trae a nuestra condici\u00f3n personal.<br \/>\nCon estas Obras de misericordia, el Se\u00f1or nos invita a un gesto de grande humanidad: compartir. Recordemos esta palabra: compartir.<br \/>\nQuien est\u00e1 enfermo, muchas veces se siente solo. No podemos ocultar que, sobre todo en nuestros d\u00edas, justamente en la enfermedad se tiene la experiencia m\u00e1s profunda de la soledad que atraviesa gran parte de la vida. \u00a1Una visita puede hacer sentir a la persona enferma menos sola y un poco de compa\u00f1\u00eda es una \u00f3ptima medicina!<br \/>\nUna sonrisa, una caricia, un apret\u00f3n de manos son gestos simples, pero muy importantes para quien se siente estar abandonado a s\u00ed mismo. \u00a1Cu\u00e1ntas personas se dedican a visitar a los enfermos en los hospitales o en sus casas! Es una obra de voluntariado impagable. Cuando es realizada en el nombre del Se\u00f1or, entonces se convierte tambi\u00e9n en expresi\u00f3n elocuente y eficaz de misericordia.<br \/>\n\u00a1No dejemos solas a las personas enfermas! No impidamos les impidamos encontrar alivio y a nosotros de ser enriquecidos por la cercan\u00eda, con quien sufre. Los hospitales son verdaderas \u201ccatedrales del dolor\u201d, donde tambi\u00e9n se hace evidente la fuerza de la caridad que sostiene y siente compasi\u00f3n.<br \/>\nDe la misma manera, pienso a quienes est\u00e1n encerrados en la c\u00e1rcel. Jes\u00fas tampoco se olvida de ellos. Poniendo la visita a los encarcelados entre las obras de misericordia, ha querido invitarnos, en primer lugar, a no hacernos jueces de nadie.<br \/>\nCierto, si uno est\u00e1 en la c\u00e1rcel es porque se ha equivocado, no ha respetado la ley y la convivencia civil. Por eso en la prisi\u00f3n, est\u00e1 descontando su pena.<br \/>\nPero a pesar de lo que pueda haber hecho un encarcelado, es siempre amado por Dios. \u00bfQui\u00e9n puede entrar en lo \u00edntimo de su conciencia para entender que siente? \u00bfQui\u00e9n puede comprender el dolor y el remordimiento?<br \/>\nEs demasiado f\u00e1cil lavarse las manos afirmando que se ha equivocado. Un cristiano est\u00e1 llamado m\u00e1s bien a hacerse cargo, para que quien se ha equivocado comprenda el mal realizado y vuelva en s\u00ed.<br \/>\nLa falta de libertad es sin duda una de las privaciones m\u00e1s grandes para el ser humano. Si a esta se agrega el degrado por las condiciones a menudo inhumanas en la cuales estas personas se encuentran viviendo, entonces es realmente el caso en el que un cristiano se siente provocado a hacer de todo para restituirles su dignidad.<br \/>\nVisitar a las personas en la c\u00e1rcel es una obra de misericordia que sobre todo hoy asume un valor particular por las diversas formas de justicialismo al cual estamos sometidos. Por lo tanto, que nadie se\u00f1ale con el dedo al otro. Por el contrario, volv\u00e1monos instrumentos de misericordia, con actitudes de comuni\u00f3n y de respeto.<br \/>\nPienso a menudo en los encarcelados\u2026 pienso a menudo en ellos, los llevo en el coraz\u00f3n. Me pregunto qu\u00e9 los ha llevado a delinquir y c\u00f3mo han podido ceder a las diversas formas del mal. Sin embargo, junto a estos pensamientos siento que tienen todos necesidad de cercan\u00eda y de ternura, porque la misericordia de Dios cumple prodigios.<br \/>\n\u00a1Cu\u00e1ntas l\u00e1grimas he visto derramarse sobre las mejillas de prisioneros que quiz\u00e1s, jam\u00e1s en su vida hab\u00edan llorado! Y esto s\u00f3lo porque se sintieron acogidos y amados.<br \/>\nY no olvidemos que tambi\u00e9n Jes\u00fas y los ap\u00f3stoles han padecido la experiencia de la prisi\u00f3n. En los relatos de la Pasi\u00f3n conocemos los sufrimientos a los cuales el Se\u00f1or ha sido sometido: capturado, arrastrado como un malhechor, ridiculizado, flagelado, coronado con espinas\u2026 \u00a1\u00c9l, el \u00fanico inocente!<br \/>\nY tambi\u00e9n San Pedro y San Pablo estuvieron en la c\u00e1rcel (Cfr. Hech 12,5; Fil 1,12-17). El domingo pasado \u2013 que fue el domingo del Jubileo de los encarcelados \u2013 por la tarde vinieron a verme un grupo de presos paduanos. Yo les pregunte qu\u00e9 har\u00edan al d\u00eda siguiente, antes de regresar a Padua. Me dijeron: \u201cIremos a la c\u00e1rcel Mamertina para compartir la experiencia de San Pablo\u201d.<br \/>\nEs bello\u2026 escuchar esto me ha hecho bien. Estos encarcelados quer\u00edan visitar a Pablo prisionero. Es una cosa bella. A m\u00ed me ha hecho bien.<br \/>\nY tambi\u00e9n all\u00ed, en prisi\u00f3n, han rezado y evangelizado. Es conmovedora la p\u00e1gina de los Hechos de los Ap\u00f3stoles en la cual se relata la reclusi\u00f3n de Pablo: se sent\u00eda s\u00f3lo y deseaba que alguno de los amigos lo visitara (Cfr. 2 Tim 4,9-15). Se sent\u00eda solo porque la gran mayor\u00eda lo hab\u00eda dejado solo\u2026 el gran Pablo.<br \/>\nEstas obras de misericordia, como se ve, son antiguas y sin embargo siempre actuales. Jes\u00fas dej\u00f3 lo que estaba haciendo para ir a visitar a la suegra de Pedro; una antigua obra de caridad. Jes\u00fas lo ha hecho.<br \/>\nNo caigamos en la indiferencia, volv\u00e1monos instrumentos de la misericordia de Dios. Todos nosotros podemos ser instrumentos de la misericordia de Dios y esto har\u00e1 m\u00e1s bien a nosotros que a los dem\u00e1s; la misericordia pasa a trav\u00e9s de un gesto, una palabra, una visita. Y esta misericordia es un acto para restituir alegr\u00eda y dignidad a quien la ha perdido. Gracias.<br \/>\n(Traducci\u00f3n del italiano, Radio Vaticano)<\/p>\n<p style=\"text-align: justify;\">Fuente: News.va 9 de noviembre<\/p>\n<!-- AddThis Advanced Settings generic via filter on the_content --><!-- AddThis Share Buttons generic via filter on the_content -->","protected":false},"excerpt":{"rendered":"<p>PAPA FRANCISCO: NO DEJEMOS SOLOS A LOS ENFERMOS Y LOS PRESOS Queridos amigos, les ofrecemos el texto de la catequesis del Papa Francisco durante su [&hellip;]<!-- AddThis Advanced Settings generic via filter on get_the_excerpt --><!-- AddThis Share Buttons generic via filter on get_the_excerpt --><\/p>\n","protected":false},"author":2,"featured_media":13267,"comment_status":"open","ping_status":"open","sticky":false,"template":"","format":"standard","meta":{"footnotes":""},"categories":[161,1],"tags":[],"class_list":["post-13266","post","type-post","status-publish","format-standard","has-post-thumbnail","hentry","category-el-papa-leonxiv","category-noticiasdiocesanas"],"_links":{"self":[{"href":"https:\/\/obispadodezaratecampana.org\/index.php?rest_route=\/wp\/v2\/posts\/13266","targetHints":{"allow":["GET"]}}],"collection":[{"href":"https:\/\/obispadodezaratecampana.org\/index.php?rest_route=\/wp\/v2\/posts"}],"about":[{"href":"https:\/\/obispadodezaratecampana.org\/index.php?rest_route=\/wp\/v2\/types\/post"}],"author":[{"embeddable":true,"href":"https:\/\/obispadodezaratecampana.org\/index.php?rest_route=\/wp\/v2\/users\/2"}],"replies":[{"embeddable":true,"href":"https:\/\/obispadodezaratecampana.org\/index.php?rest_route=%2Fwp%2Fv2%2Fcomments&post=13266"}],"version-history":[{"count":1,"href":"https:\/\/obispadodezaratecampana.org\/index.php?rest_route=\/wp\/v2\/posts\/13266\/revisions"}],"predecessor-version":[{"id":13268,"href":"https:\/\/obispadodezaratecampana.org\/index.php?rest_route=\/wp\/v2\/posts\/13266\/revisions\/13268"}],"wp:featuredmedia":[{"embeddable":true,"href":"https:\/\/obispadodezaratecampana.org\/index.php?rest_route=\/wp\/v2\/media\/13267"}],"wp:attachment":[{"href":"https:\/\/obispadodezaratecampana.org\/index.php?rest_route=%2Fwp%2Fv2%2Fmedia&parent=13266"}],"wp:term":[{"taxonomy":"category","embeddable":true,"href":"https:\/\/obispadodezaratecampana.org\/index.php?rest_route=%2Fwp%2Fv2%2Fcategories&post=13266"},{"taxonomy":"post_tag","embeddable":true,"href":"https:\/\/obispadodezaratecampana.org\/index.php?rest_route=%2Fwp%2Fv2%2Ftags&post=13266"}],"curies":[{"name":"wp","href":"https:\/\/api.w.org\/{rel}","templated":true}]}}