{"id":13263,"date":"2016-11-12T10:09:28","date_gmt":"2016-11-12T13:09:28","guid":{"rendered":"http:\/\/obispadodezaratecampana.org\/?p=13263"},"modified":"2016-11-12T10:09:28","modified_gmt":"2016-11-12T13:09:28","slug":"preguntemonos-a-nosotros-mismos-tengo-esperanza-o-voy-adelante-como-puedo-y-no-se-discernir-lo-bueno-de-lo-malo-el-trigo-de-la-cizana-la-luz-la-apacible-luz-del-espi","status":"publish","type":"post","link":"https:\/\/obispadodezaratecampana.org\/?p=13263","title":{"rendered":"\u201cPregunt\u00e9monos a nosotros mismos: \u2018\u00bfTengo esperanza? \u00bfO voy adelante como puedo y no s\u00e9 discernir lo bueno de lo malo, el trigo de la ciza\u00f1a, la luz, la apacible luz del Esp\u00edritu Santo de la luminosidad de esta cosa artificial?"},"content":{"rendered":"<p style=\"text-align: justify;\">HOMIL\u00cdA DE JUEVES: NO A LA RELIGI\u00d3N SENSACIONALISTA, EL REINO DE DIOS CRECE COMO LA BUENA SEMILLA<\/p>\n<p><img fetchpriority=\"high\" decoding=\"async\" class=\"size-medium wp-image-13264 aligncenter\" src=\"http:\/\/obispadodezaratecampana.org\/wp-content\/uploads\/2016\/11\/15055828_1406910222653345_6044932203657370258_n-300x212.jpg\" alt=\"15055828_1406910222653345_6044932203657370258_n\" width=\"300\" height=\"212\" srcset=\"https:\/\/obispadodezaratecampana.org\/wp-content\/uploads\/2016\/11\/15055828_1406910222653345_6044932203657370258_n-300x212.jpg 300w, https:\/\/obispadodezaratecampana.org\/wp-content\/uploads\/2016\/11\/15055828_1406910222653345_6044932203657370258_n.jpg 640w\" sizes=\"(max-width: 300px) 100vw, 300px\" \/><\/p>\n<p style=\"text-align: justify;\">Debemos vencer la tentaci\u00f3n de una religi\u00f3n sensacionalista que siempre busca revelaciones nuevas, como fuegos artificiales. Lo afirm\u00f3 el Papa Francisco en su homil\u00eda de la Misa matutina celebrada en la capilla de la Casa de Santa Marta.<br \/>\nEn el Evangelio del d\u00eda, Jes\u00fas responde a los fariseos que le preguntan con curiosidad cu\u00e1ndo vendr\u00e1 el reino de Dios. \u201cYa ha llegado \u2013 dice el Se\u00f1or \u2013 \u00a1est\u00e1 entre ustedes!\u201d. Es como una peque\u00f1a semilla que se siembra y crece sola, con el tiempo. Es Dios quien la hace crecer, pero sin que llame la atenci\u00f3n:<br \/>\n\u201cEl Reino de Dios no es una religi\u00f3n sensacionalista, en la que siempre estamos buscando cosas nuevas, revelaciones, mensajes\u2026 Dios ha hablado en Jesucristo: \u00e9sta es la \u00faltima Palabra de Dios. Lo dem\u00e1s son como fuegos artificiales, que te iluminan por un momento, y despu\u00e9s \u00bfqu\u00e9 queda? Nada. No hay crecimiento, no hay luz, no hay nada: un instante\u201d.<br \/>\n\u201cY muchas veces somos tentados por esta religi\u00f3n sensacionalista, por el deseo de buscar cosas extra\u00f1as a la revelaci\u00f3n, a la mansedumbre del Reino de Dios que est\u00e1 entre nosotros y crece. Y esto no es esperanza: es el deseo de tener algo en la mano.<br \/>\nNuestra salvaci\u00f3n se da en la esperanza, la esperanza que tiene el hombre que siembra el trigo o la mujer que prepara el pan mezclando levadura y harina: esperanza de que crezca. En cambio, esta luminosidad artificial se da toda en un momento y despu\u00e9s se va, como los fuegos artificiales: no sirven para iluminar una casa. Es un espect\u00e1culo\u201d.<br \/>\n\u00bfPero qu\u00e9 debemos hacer \u2013 se pregunt\u00f3 el Papa \u2013 mientras esperamos que llegue la plenitud del Reino de Dios? \u201cDebemos custodiar\u201d:<br \/>\n\u201cCustodiar con paciencia. La paciencia en nuestro trabajo, en nuestros sufrimientos\u2026 Custodiar como custodia el hombre que ha plantado la semilla y custodia a la planta tratando de que no haya hierba mala cerca de ella, para que la planta crezca. Custodiar la esperanza.<br \/>\nY aqu\u00ed est\u00e1 la pregunta que yo les planteo a ustedes hoy: si el Reino de Dios est\u00e1 en medio de nosotros, si todos nosotros tenemos esta semilla dentro, tenemos al Esp\u00edritu Santo all\u00ed, \u00bfc\u00f3mo lo custodio? \u00bfC\u00f3mo distingo, c\u00f3mo s\u00e9 distinguir a la planta buena del trigo de la ciza\u00f1a?\u201d<br \/>\n\u201cEl Reino de Dios crece \u00bfy nosotros qu\u00e9 debemos hacer? Custodiar. Crecer en la esperanza, custodiar la esperanza. Porque en la esperanza hemos sido salvados. Y \u00e9ste es el hilo: la esperanza es el hilo de la historia de la salvaci\u00f3n. La esperanza de encontrar al Se\u00f1or definitivamente. El Reino de Dios se vuelve fuerte en la esperanza\u201d:<br \/>\n\u201cPregunt\u00e9monos a nosotros mismos: \u2018\u00bfTengo esperanza? \u00bfO voy adelante como puedo y no s\u00e9 discernir lo bueno de lo malo, el trigo de la ciza\u00f1a, la luz, la apacible luz del Esp\u00edritu Santo de la luminosidad de esta cosa artificial? Interrogu\u00e9monos sobre nuestra esperanza en esta semilla que est\u00e1 creciendo en nosotros, y acerca de c\u00f3mo custodiamos nuestra esperanza.<br \/>\nEl Reino de Dios est\u00e1 entre nosotros, pero nosotros, con el descanso, con el trabajo, con el discernimiento, debemos custodiar la esperanza de este Reino de Dios que crece, hasta el momento en que vendr\u00e1 el Se\u00f1or y todo ser\u00e1 transformado. En un instante: \u00a1todo! El mundo, nosotros, todo. Y, como dice Pablo a los cristianos de Tesal\u00f3nica, en aquel momento permaneceremos todos con \u00c9l\u201d<\/p>\n<p style=\"text-align: justify;\">Fuente: News.va Jueves 10 de noviembre 2016<\/p>\n<!-- AddThis Advanced Settings generic via filter on the_content --><!-- AddThis Share Buttons generic via filter on the_content -->","protected":false},"excerpt":{"rendered":"<p>HOMIL\u00cdA DE JUEVES: NO A LA RELIGI\u00d3N SENSACIONALISTA, EL REINO DE DIOS CRECE COMO LA BUENA SEMILLA Debemos vencer la tentaci\u00f3n de una religi\u00f3n sensacionalista [&hellip;]<!-- AddThis Advanced Settings generic via filter on get_the_excerpt --><!-- AddThis Share Buttons generic via filter on get_the_excerpt --><\/p>\n","protected":false},"author":2,"featured_media":13264,"comment_status":"open","ping_status":"open","sticky":false,"template":"","format":"standard","meta":{"footnotes":""},"categories":[161],"tags":[],"class_list":["post-13263","post","type-post","status-publish","format-standard","has-post-thumbnail","hentry","category-el-papa-leonxiv"],"_links":{"self":[{"href":"https:\/\/obispadodezaratecampana.org\/index.php?rest_route=\/wp\/v2\/posts\/13263","targetHints":{"allow":["GET"]}}],"collection":[{"href":"https:\/\/obispadodezaratecampana.org\/index.php?rest_route=\/wp\/v2\/posts"}],"about":[{"href":"https:\/\/obispadodezaratecampana.org\/index.php?rest_route=\/wp\/v2\/types\/post"}],"author":[{"embeddable":true,"href":"https:\/\/obispadodezaratecampana.org\/index.php?rest_route=\/wp\/v2\/users\/2"}],"replies":[{"embeddable":true,"href":"https:\/\/obispadodezaratecampana.org\/index.php?rest_route=%2Fwp%2Fv2%2Fcomments&post=13263"}],"version-history":[{"count":1,"href":"https:\/\/obispadodezaratecampana.org\/index.php?rest_route=\/wp\/v2\/posts\/13263\/revisions"}],"predecessor-version":[{"id":13265,"href":"https:\/\/obispadodezaratecampana.org\/index.php?rest_route=\/wp\/v2\/posts\/13263\/revisions\/13265"}],"wp:featuredmedia":[{"embeddable":true,"href":"https:\/\/obispadodezaratecampana.org\/index.php?rest_route=\/wp\/v2\/media\/13264"}],"wp:attachment":[{"href":"https:\/\/obispadodezaratecampana.org\/index.php?rest_route=%2Fwp%2Fv2%2Fmedia&parent=13263"}],"wp:term":[{"taxonomy":"category","embeddable":true,"href":"https:\/\/obispadodezaratecampana.org\/index.php?rest_route=%2Fwp%2Fv2%2Fcategories&post=13263"},{"taxonomy":"post_tag","embeddable":true,"href":"https:\/\/obispadodezaratecampana.org\/index.php?rest_route=%2Fwp%2Fv2%2Ftags&post=13263"}],"curies":[{"name":"wp","href":"https:\/\/api.w.org\/{rel}","templated":true}]}}