{"id":13260,"date":"2016-11-12T09:58:34","date_gmt":"2016-11-12T12:58:34","guid":{"rendered":"http:\/\/obispadodezaratecampana.org\/?p=13260"},"modified":"2016-11-12T09:58:34","modified_gmt":"2016-11-12T12:58:34","slug":"pedido-caritas-yerba-y-azucar-para-la-pquia-ntra-sra-del-carmen-campana","status":"publish","type":"post","link":"https:\/\/obispadodezaratecampana.org\/?p=13260","title":{"rendered":"Pedido Caritas: Yerba y Azucar para la Pquia Ntra Sra del Carmen, Campana"},"content":{"rendered":"<h4 style=\"text-align: justify;\"><span id=\"fbPhotoSnowliftCaption\" class=\"fbPhotosPhotoCaption\" style=\"color: rgb(0, 128, 0);\" tabindex=\"0\" data-ft=\"{&quot;tn&quot;:&quot;K&quot;}\"><span class=\"hasCaption\">Queridos Amigos:<br \/>\nDurante todo el mes de Noviembre, Caritas Parroquial esta juntando Yerba y az\u00facar para poder ayudar a los que menos tienen. Pueden acercarlos en los en las misa o en la secretaria parroquial de lunes a viernes de 9 a 12 y de 15 a 18 hs. Muchas gracias y bendiciones!!!<\/span><\/span><\/h4>\n<h4 style=\"text-align: justify;\"><span class=\"fbPhotosPhotoCaption\" style=\"color: rgb(0, 128, 0);\" tabindex=\"0\" data-ft=\"{&quot;tn&quot;:&quot;K&quot;}\"><span class=\"hasCaption\">Parroquia Nuestra Se\u00f1ora del Carmen (Entre calles Balb\u00edn y Las Heras, Campana)<\/span><\/span><\/h4>\n<h4 style=\"text-align: justify;\"><span id=\"fbPhotoSnowliftCaption\" class=\"fbPhotosPhotoCaption\" style=\"color: rgb(0, 128, 0);\" tabindex=\"0\" data-ft=\"{&quot;tn&quot;:&quot;K&quot;}\"><\/span><\/h4>\n<h4 style=\"text-align: justify;\"><span id=\"fbPhotoSnowliftCaption\" class=\"fbPhotosPhotoCaption\" style=\"color: rgb(0, 128, 0);\" tabindex=\"0\" data-ft=\"{&quot;tn&quot;:&quot;K&quot;}\"><span class=\"hasCaption\">ENV\u00cdA, SE\u00d1OR, AP\u00d3STOLES SANTOS A TU IGLESIA<\/span><\/span><\/h4>\n<p>&nbsp;<\/p>\n<p><img fetchpriority=\"high\" decoding=\"async\" class=\"size-medium wp-image-13261 aligncenter\" src=\"http:\/\/obispadodezaratecampana.org\/wp-content\/uploads\/2016\/11\/15039650_1211331965579292_6125766680616678234_o-300x212.jpg\" alt=\"15039650_1211331965579292_6125766680616678234_o\" width=\"300\" height=\"212\" srcset=\"https:\/\/obispadodezaratecampana.org\/wp-content\/uploads\/2016\/11\/15039650_1211331965579292_6125766680616678234_o-300x212.jpg 300w, https:\/\/obispadodezaratecampana.org\/wp-content\/uploads\/2016\/11\/15039650_1211331965579292_6125766680616678234_o-1024x724.jpg 1024w, https:\/\/obispadodezaratecampana.org\/wp-content\/uploads\/2016\/11\/15039650_1211331965579292_6125766680616678234_o.jpg 1280w\" sizes=\"(max-width: 300px) 100vw, 300px\" \/><\/p>\n<!-- AddThis Advanced Settings generic via filter on the_content --><!-- AddThis Share Buttons generic via filter on the_content -->","protected":false},"excerpt":{"rendered":"<p>Queridos Amigos: Durante todo el mes de Noviembre, Caritas Parroquial esta juntando Yerba y az\u00facar para poder ayudar a los que menos tienen. Pueden acercarlos [&hellip;]<!-- AddThis Advanced Settings generic via filter on get_the_excerpt --><!-- AddThis Share Buttons generic via filter on get_the_excerpt --><\/p>\n","protected":false},"author":2,"featured_media":13261,"comment_status":"open","ping_status":"open","sticky":false,"template":"","format":"standard","meta":{"footnotes":""},"categories":[3],"tags":[],"class_list":["post-13260","post","type-post","status-publish","format-standard","has-post-thumbnail","hentry","category-noticiasparroquiales"],"_links":{"self":[{"href":"https:\/\/obispadodezaratecampana.org\/index.php?rest_route=\/wp\/v2\/posts\/13260","targetHints":{"allow":["GET"]}}],"collection":[{"href":"https:\/\/obispadodezaratecampana.org\/index.php?rest_route=\/wp\/v2\/posts"}],"about":[{"href":"https:\/\/obispadodezaratecampana.org\/index.php?rest_route=\/wp\/v2\/types\/post"}],"author":[{"embeddable":true,"href":"https:\/\/obispadodezaratecampana.org\/index.php?rest_route=\/wp\/v2\/users\/2"}],"replies":[{"embeddable":true,"href":"https:\/\/obispadodezaratecampana.org\/index.php?rest_route=%2Fwp%2Fv2%2Fcomments&post=13260"}],"version-history":[{"count":1,"href":"https:\/\/obispadodezaratecampana.org\/index.php?rest_route=\/wp\/v2\/posts\/13260\/revisions"}],"predecessor-version":[{"id":13262,"href":"https:\/\/obispadodezaratecampana.org\/index.php?rest_route=\/wp\/v2\/posts\/13260\/revisions\/13262"}],"wp:featuredmedia":[{"embeddable":true,"href":"https:\/\/obispadodezaratecampana.org\/index.php?rest_route=\/wp\/v2\/media\/13261"}],"wp:attachment":[{"href":"https:\/\/obispadodezaratecampana.org\/index.php?rest_route=%2Fwp%2Fv2%2Fmedia&parent=13260"}],"wp:term":[{"taxonomy":"category","embeddable":true,"href":"https:\/\/obispadodezaratecampana.org\/index.php?rest_route=%2Fwp%2Fv2%2Fcategories&post=13260"},{"taxonomy":"post_tag","embeddable":true,"href":"https:\/\/obispadodezaratecampana.org\/index.php?rest_route=%2Fwp%2Fv2%2Ftags&post=13260"}],"curies":[{"name":"wp","href":"https:\/\/api.w.org\/{rel}","templated":true}]}}