{"id":13226,"date":"2016-10-30T10:45:58","date_gmt":"2016-10-30T13:45:58","guid":{"rendered":"http:\/\/obispadodezaratecampana.org\/?p=13226"},"modified":"2016-10-30T10:45:58","modified_gmt":"2016-10-30T13:45:58","slug":"el-papa-la-mirada-de-jesus-va-mas-alla-de-los-pecados-y-los-prejuicios","status":"publish","type":"post","link":"https:\/\/obispadodezaratecampana.org\/?p=13226","title":{"rendered":"El Papa: \u2018La mirada de Jes\u00fas va m\u00e1s all\u00e1 de los pecados y los prejuicios\u2019"},"content":{"rendered":"<p style=\"text-align: justify;\">(ZENIT \u2013 Ciudad del Vaticano).- El papa Francisco, como cada domingo, se ha asomado a la ventana del estudio en el Palacio Apost\u00f3lico del Vaticano, para rezar el \u00e1ngelus con los fieles y los peregrinos reunidos en la plaza de San Pedro.<\/p>\n<p><img fetchpriority=\"high\" decoding=\"async\" class=\" wp-image-13227 aligncenter\" src=\"http:\/\/obispadodezaratecampana.org\/wp-content\/uploads\/2016\/10\/papa-300x189.png\" alt=\"papa\" width=\"435\" height=\"274\" srcset=\"https:\/\/obispadodezaratecampana.org\/wp-content\/uploads\/2016\/10\/papa-300x189.png 300w, https:\/\/obispadodezaratecampana.org\/wp-content\/uploads\/2016\/10\/papa.png 740w\" sizes=\"(max-width: 435px) 100vw, 435px\" \/><\/p>\n<p style=\"text-align: justify;\">Estas son las palabras del Santo Padre para introducir la oraci\u00f3n mariana:<\/p>\n<p style=\"text-align: justify;\">Queridos hermanos y hermanas, \u00a1buenos d\u00edas!<\/p>\n<p style=\"text-align: justify;\">El Evangelio de hoy nos presenta un hecho sucedido en Jeric\u00f3, cuando Jes\u00fas lleg\u00f3 a la ciudad y fue acogido por la multitud (cfr Lc 19,1-10). En Jeric\u00f3 viv\u00eda Zaqueo, el jefe de los \u201cpublicanos\u201d, es decir, de los recaudadores de impuestos. Zaqueo era un colaborador rico de los odiados ocupantes romanos, un explotador de su pueblo. Tambi\u00e9n \u00e9l, por curiosidad, quer\u00eda ver a Jes\u00fas, pero su condici\u00f3n de pecador p\u00fablico no le permit\u00eda acercarse al Maestro; a\u00fan m\u00e1s, era de baja estatura; por eso sube a un \u00e1rbol, una higuera, en el camino por donde Jes\u00fas ten\u00eda que pasar.<\/p>\n<p style=\"text-align: justify;\">Cuando llega cerca de ese \u00e1rbol, Jes\u00fas levanta la mirada y le dice: Zaqueo, baja en seguida porque hoy he de quedarme en tu casa\u201d (v. 5). \u00a1Podemos imaginar el estupor de Zaqueo! \u00bfPero por qu\u00e9 Jes\u00fas dice \u2018he de quedarme en tu casa\u2019? \u00bfDe qu\u00e9 deber se trata? Sabemos que su deber supremo es realizar el dise\u00f1o del Padre sobre la humanidad, que se cumple en Jerusal\u00e9n con su condena a muerte, la crucifixi\u00f3n y, al tercer d\u00eda, la resurrecci\u00f3n. Es el dise\u00f1o de salvaci\u00f3n de la misericordia del Padre. Y en este dise\u00f1o est\u00e1 tambi\u00e9n la salvaci\u00f3n de Zaqueo, un hombre deshonesto y despreciado por todos, y por eso necesitado de conversi\u00f3n. De hecho, el Evangelio dice que, cuando Jes\u00fas lo llam\u00f3, \u201ccomenzaron todos a criticar a Jes\u00fas, diciendo que hab\u00eda ido a quedarse en casa de un pecador\u201d (v. 7). El pueblo ve en \u00e9l un villano, que se ha enriquecido a costa del pr\u00f3jimo. Y si Jes\u00fas hubiera dicho \u201cbaja t\u00fa, explotador, traidor del pueblo y ven a hablar conmigo para hacer cuentas\u2019 seguro el pueblo hubiera aplaudido. Pero aqu\u00ed comenzaron a murmurar. Jes\u00fas va a su casa, el pecador, el explotador.<\/p>\n<p style=\"text-align: justify;\">Pero Jes\u00fas, guiado por la misericordia, le buscaba precisamente a \u00e9l. Y cuando entra en casa de Zaqueo dice: \u201cHoy ha llegado la salvaci\u00f3n a esta casa, porque este hombre tambi\u00e9n es descendiente de Abraham. Pues el Hijo del hombre ha venido a buscar y salvar lo que se hab\u00eda perdido\u201d (vv. 9-10). La mirada de Jes\u00fas va m\u00e1s all\u00e1 de los pecados y los prejuicios; y esto es importante y debemos aprenderlo, la mirada de Jes\u00fas va m\u00e1s all\u00e1 de los pecados y los prejuicios, ve a la persona con los ojos de Dios, que no se detiene en el mal pasado, sino que ve el bien futuro; no se resigna a la clausura, sino que se abre siempre a nuevos espacios de vida; no se detiene a las apariencias, sino que mira al coraz\u00f3n. Y aqu\u00ed ha mirado el coraz\u00f3n herido de este hombre, herido del pecado, la avaricia, cosas feas que hab\u00eda hecho Zaqueo y mira este coraz\u00f3n herido y va ah\u00ed.<\/p>\n<p style=\"text-align: justify;\">A veces tratamos corregir y convertir a un pecador reproch\u00e1ndole, ech\u00e1ndole en cara sus errores y su comportamiento injusto. La actitud de Jes\u00fas con Zaqueo nos indica otro camino: el de mostrar a quien se equivoca su valor, ese valor que Dios contin\u00faa viendo a pesar de todo. A pesar de todos sus errores. Esto puede provocar una sorpresa positiva, que enternece el coraz\u00f3n y empuja a la persona a sacar lo bueno que tiene. Es el dar confianza a las personas que le hace crecer y cambiar. As\u00ed se comporta Dios con todos nosotros: no est\u00e1 bloqueado por nuestro pecado, sino que lo supera con el amor y nos hace sentir la nostalgia del bien. Y esto, todos hemos sentido esta nostalgia del bien despu\u00e9s de un error. Y as\u00ed hace nuestro Padre Dios, as\u00ed hace Jes\u00fas. No existe una persona que no tiene algo bueno. Esto mira Dios para sacarlo del mal.<\/p>\n<p style=\"text-align: justify;\">La Virgen Mar\u00eda nos ayude a ver lo bueno que hay en las personas que encontramos cada d\u00eda, para que todos sean animados a sacar la imagen de Dios impresa en su coraz\u00f3n. \u00a1Y as\u00ed podemos alegrarnos por las sorpresas de la misericordia de Dios! Nuestro Dios, que es el Dios de las sorpresas.<\/p>\n<p style=\"text-align: justify;\">Despu\u00e9s del \u00e1ngelus:<\/p>\n<p style=\"text-align: justify;\">Queridos hermanos y hermanas, ayer, en Madrid, fueron proclamados beatos Jose\u0301 Anto\u0301n Go\u0301mez, Antoli\u0301n Pablos Villanueva, Juan Rafael Mariano Alcocer Marti\u0301nez y Luis Vidaurra\u0301zaga, m\u00e1rtires, asesinados en Espa\u00f1a el siglo pasado, durante la persecuci\u00f3n contra la Iglesia. Eran sacerdotes benedictinos. Alabamos al Se\u00f1or y encomendamos a su intercesi\u00f3n a los hermanos y las hermanas que lamentablemente todav\u00eda hoy, en distintas partes del mundo, son perseguidos por la fe en Cristo.<\/p>\n<p style=\"text-align: justify;\">Expreso mi cercan\u00eda a la poblaci\u00f3n del centro de Italia afectada por el terremoto. Tambi\u00e9n esta ma\u00f1ana ha habido un fuerte movimiento. Rezo por los heridos y por las familias que han sufrido mayores da\u00f1os, como tambi\u00e9n por el personal que trabaja en las labores de socorro y asistencia. El Se\u00f1or Resucitado les d\u00e9 fuerza y la Virgen les cuide.<\/p>\n<p style=\"text-align: justify;\">Saludo con afecto a todos los peregrinos de Italia y de distintos pa\u00edses, en particular a los procedentes de Ljubliana (Eslovenia) y de Sligo (Irlanda). Saludo a los participantes de la peregrinaci\u00f3n mundial de los peluqueros y esteticistas, la Federaci\u00f3n Nacional Procesiones y Juegos hist\u00f3ricos, los grupos juveniles de Petosino, Pogliano Milanese, Carugate y Padua. Saludo tambi\u00e9n a los peregrinos de Unitalsi de Cerde\u00f1a.<\/p>\n<p style=\"text-align: justify;\">Los pr\u00f3ximos dos d\u00edas realizar\u00e1 un viaje apost\u00f3lico a Suecia, con ocasi\u00f3n de la conmemoraci\u00f3n de la Reforma, que ver\u00e1 a cat\u00f3licos y luteranos reunidos en el recuerdo y en la oraci\u00f3n. Os pido a todos que rec\u00e9is para que este viaje sea una nueva etapa en el camino de fraternidad hacia la plena comuni\u00f3n.<\/p>\n<p style=\"text-align: justify;\">Os deseo un feliz domingo, hay buen sol, y una buena fiesta de Todos los Santos. Por favor, no os olvid\u00e9is de rezar por m\u00ed. \u00a1Buen almuerzo y hasta pronto!<\/p>\n<p style=\"text-align: justify;\">Fuente: ZENIT.ORG<\/p>\n<!-- AddThis Advanced Settings generic via filter on the_content --><!-- AddThis Share Buttons generic via filter on the_content -->","protected":false},"excerpt":{"rendered":"<p>(ZENIT \u2013 Ciudad del Vaticano).- El papa Francisco, como cada domingo, se ha asomado a la ventana del estudio en el Palacio Apost\u00f3lico del Vaticano, [&hellip;]<!-- AddThis Advanced Settings generic via filter on get_the_excerpt --><!-- AddThis Share Buttons generic via filter on get_the_excerpt --><\/p>\n","protected":false},"author":2,"featured_media":13227,"comment_status":"open","ping_status":"open","sticky":false,"template":"","format":"standard","meta":{"footnotes":""},"categories":[161,1],"tags":[],"class_list":["post-13226","post","type-post","status-publish","format-standard","has-post-thumbnail","hentry","category-el-papa-leonxiv","category-noticiasdiocesanas"],"_links":{"self":[{"href":"https:\/\/obispadodezaratecampana.org\/index.php?rest_route=\/wp\/v2\/posts\/13226","targetHints":{"allow":["GET"]}}],"collection":[{"href":"https:\/\/obispadodezaratecampana.org\/index.php?rest_route=\/wp\/v2\/posts"}],"about":[{"href":"https:\/\/obispadodezaratecampana.org\/index.php?rest_route=\/wp\/v2\/types\/post"}],"author":[{"embeddable":true,"href":"https:\/\/obispadodezaratecampana.org\/index.php?rest_route=\/wp\/v2\/users\/2"}],"replies":[{"embeddable":true,"href":"https:\/\/obispadodezaratecampana.org\/index.php?rest_route=%2Fwp%2Fv2%2Fcomments&post=13226"}],"version-history":[{"count":1,"href":"https:\/\/obispadodezaratecampana.org\/index.php?rest_route=\/wp\/v2\/posts\/13226\/revisions"}],"predecessor-version":[{"id":13228,"href":"https:\/\/obispadodezaratecampana.org\/index.php?rest_route=\/wp\/v2\/posts\/13226\/revisions\/13228"}],"wp:featuredmedia":[{"embeddable":true,"href":"https:\/\/obispadodezaratecampana.org\/index.php?rest_route=\/wp\/v2\/media\/13227"}],"wp:attachment":[{"href":"https:\/\/obispadodezaratecampana.org\/index.php?rest_route=%2Fwp%2Fv2%2Fmedia&parent=13226"}],"wp:term":[{"taxonomy":"category","embeddable":true,"href":"https:\/\/obispadodezaratecampana.org\/index.php?rest_route=%2Fwp%2Fv2%2Fcategories&post=13226"},{"taxonomy":"post_tag","embeddable":true,"href":"https:\/\/obispadodezaratecampana.org\/index.php?rest_route=%2Fwp%2Fv2%2Ftags&post=13226"}],"curies":[{"name":"wp","href":"https:\/\/api.w.org\/{rel}","templated":true}]}}