{"id":13204,"date":"2016-10-26T13:46:51","date_gmt":"2016-10-26T16:46:51","guid":{"rendered":"http:\/\/obispadodezaratecampana.org\/?p=13204"},"modified":"2016-10-26T13:46:51","modified_gmt":"2016-10-26T16:46:51","slug":"38-peregrinacion-a-pie-a-lujan-madre-de-misericordia-llevanos-a-jesus","status":"publish","type":"post","link":"https:\/\/obispadodezaratecampana.org\/?p=13204","title":{"rendered":"38\u00b0 Peregrinaci\u00f3n a pie a Luj\u00e1n \u201cMADRE DE MISERICORDIA, LLEVANOS A JES\u00daS\u201d"},"content":{"rendered":"<h3><span style=\"color: rgb(0, 51, 102);\">Queridos amigos, los invitamos a que compartan por facebook, whatsapp, mail, etc esta informaci\u00f3n sobre la 38\u00b0 Peregrinaci\u00f3n Anual a Luj\u00e1n. \u00a1Seamos portadores de Buenas Noticias!<\/span><\/h3>\n<h3 style=\"text-align: center;\"><span style=\"color: rgb(0, 51, 102);\">XXXVIII Peregrinaci\u00f3n a pie a Luj\u00e1n<\/span><br \/>\n<span style=\"color: rgb(0, 51, 102);\">\u201cMADRE DE MISERICORDIA, LLEVANOS A JES\u00daS\u201d<\/span><\/h3>\n<h3 style=\"text-align: justify;\"><span style=\"color: rgb(0, 51, 102);\">\u00a0La Di\u00f3cesis de Z\u00e1rate-Campana, el d\u00eda 5 de noviembre, peregrinar\u00e1 a pie a la Bas\u00edlica de Nuestra Se\u00f1ora de Luj\u00e1n bajo el lema \u201cMADRE DE MISERICORDIA, LL\u00c9VANOS A JES\u00daS\u201d.<\/span><br \/>\n<span style=\"color: rgb(0, 51, 102);\">\u00a0Durante ese d\u00eda partir\u00e1n las columnas de peregrinos en los siguientes horarios: a las 16:00 hs. desde la parroquia Nuestra Se\u00f1ora del Carmen de Z\u00e1rate; a las 18:00 hs. desde la Catedral Santa Florentina de Campana y a las 23:30 hs. desde la parroquia Nuestra Se\u00f1ora del Pilar.<\/span><br \/>\n<span style=\"color: rgb(0, 51, 102);\">\u00a0Desde Z\u00e1rate y Campana, el recorrido se llevar\u00e1 a cabo por las RP 6 y RP192; desde Pilar por las RP 28 y RP 34. Los peregrinos estar\u00e1n acompa\u00f1ados por distintas Instituciones p\u00fablicas nacionales, provinciales, municipales y privadas: Polic\u00eda Bonaerense; Defensa Civil; Gendarmer\u00eda Nacional; Direcci\u00f3n Provincial de Vialidad; Direcci\u00f3n Provincial de Pol\u00edtica y Seguridad Vial; la Direcci\u00f3n Provincial de Transporte; ABSA y los municipios de Baradero, Campana, Escobar, Exaltaci\u00f3n de la Cruz, Luj\u00e1n, Pilar, San Antonio de Areco y Z\u00e1rate; Cruz Roja Argentina filiales de Z\u00e1rate y Campana; Bomberos Voluntarios de Exaltaci\u00f3n de la Cruz, Baradero, Campana y Z\u00e1rate, entre otras tantas que an\u00f3nimamente trabajan por el bien com\u00fan. Se estima que lleguen al Santuario Nacional de la Virgen de Luj\u00e1n a las 5:40 hs.<\/span><br \/>\n<span style=\"color: rgb(0, 51, 102);\">\u00a0Durante la Peregrinaci\u00f3n habr\u00e1 restricciones de tr\u00e1nsito por lo que se recomienda tomar los recaudos necesarios. A los peregrinos y transe\u00fantes se solicita seguir las indicaciones de las autoridades competentes.<\/span><br \/>\n<span style=\"color: rgb(0, 51, 102);\">\u00a0El domingo 6 a las 6:00 hs., el obispo de Z\u00e1rate-Campana, monse\u00f1or Pedro Mar\u00eda Laxague, presidir\u00e1 la Santa Misa de cierre de la Peregrinaci\u00f3n. Habr\u00e1 confesiones en el templo antes y durante la celebraci\u00f3n Eucar\u00edstica.<\/span><br \/>\n<span style=\"color: rgb(0, 51, 102);\">\u00a0Las radios del Obispado FM Santa Mar\u00eda de Campana, Escobar y Pilar, como as\u00ed tambi\u00e9n medios televisivos, radiales y gr\u00e1ficos de las ciudades que componen la Di\u00f3cesis de Z\u00e1rate Campana, transmitir\u00e1n la tradicional expresi\u00f3n p\u00fablica de fe Mariana.<\/span><\/h3>\n<h3 style=\"text-align: justify;\"><span style=\"color: rgb(0, 51, 102);\">Informes: peregrinacionalujan@gmail.com<\/span><\/h3>\n<p style=\"text-align: center;\"><span style=\"color: rgb(0, 51, 102);\">Fotos: Funcionarios Municipales y representantes de otras Entidades que intervienen en la Peregrinaci\u00f3n Anual a Luj\u00e1n, ultimando detalles en la reuni\u00f3n llevada a cabo el 25\/10 en el Obispado.<\/span><\/p>\n<p style=\"text-align: center;\">\n<a href=\"http:\/\/obispadodezaratecampana.org\/wp-content\/uploads\/2016\/10\/20161025_105105.jpg\"><img fetchpriority=\"high\" decoding=\"async\" class=\"alignnone  wp-image-13205\" src=\"http:\/\/obispadodezaratecampana.org\/wp-content\/uploads\/2016\/10\/20161025_105105-300x168.jpg\" alt=\"20161025_105105\" width=\"331\" height=\"217\" \/><\/a> <a href=\"http:\/\/obispadodezaratecampana.org\/wp-content\/uploads\/2016\/10\/20161025_105115.jpg\"><img decoding=\"async\" class=\"alignnone  wp-image-13206\" src=\"http:\/\/obispadodezaratecampana.org\/wp-content\/uploads\/2016\/10\/20161025_105115-300x168.jpg\" alt=\"20161025_105115\" width=\"327\" height=\"216\" \/><\/a><\/p>\n<p style=\"text-align: center;\">\n<!-- AddThis Advanced Settings generic via filter on the_content --><!-- AddThis Share Buttons generic via filter on the_content -->","protected":false},"excerpt":{"rendered":"<p>Queridos amigos, los invitamos a que compartan por facebook, whatsapp, mail, etc esta informaci\u00f3n sobre la 38\u00b0 Peregrinaci\u00f3n Anual a Luj\u00e1n. \u00a1Seamos portadores de Buenas [&hellip;]<!-- AddThis Advanced Settings generic via filter on get_the_excerpt --><!-- AddThis Share Buttons generic via filter on get_the_excerpt --><\/p>\n","protected":false},"author":2,"featured_media":13208,"comment_status":"open","ping_status":"open","sticky":false,"template":"","format":"standard","meta":{"footnotes":""},"categories":[1],"tags":[],"class_list":["post-13204","post","type-post","status-publish","format-standard","has-post-thumbnail","hentry","category-noticiasdiocesanas"],"_links":{"self":[{"href":"https:\/\/obispadodezaratecampana.org\/index.php?rest_route=\/wp\/v2\/posts\/13204","targetHints":{"allow":["GET"]}}],"collection":[{"href":"https:\/\/obispadodezaratecampana.org\/index.php?rest_route=\/wp\/v2\/posts"}],"about":[{"href":"https:\/\/obispadodezaratecampana.org\/index.php?rest_route=\/wp\/v2\/types\/post"}],"author":[{"embeddable":true,"href":"https:\/\/obispadodezaratecampana.org\/index.php?rest_route=\/wp\/v2\/users\/2"}],"replies":[{"embeddable":true,"href":"https:\/\/obispadodezaratecampana.org\/index.php?rest_route=%2Fwp%2Fv2%2Fcomments&post=13204"}],"version-history":[{"count":1,"href":"https:\/\/obispadodezaratecampana.org\/index.php?rest_route=\/wp\/v2\/posts\/13204\/revisions"}],"predecessor-version":[{"id":13209,"href":"https:\/\/obispadodezaratecampana.org\/index.php?rest_route=\/wp\/v2\/posts\/13204\/revisions\/13209"}],"wp:featuredmedia":[{"embeddable":true,"href":"https:\/\/obispadodezaratecampana.org\/index.php?rest_route=\/wp\/v2\/media\/13208"}],"wp:attachment":[{"href":"https:\/\/obispadodezaratecampana.org\/index.php?rest_route=%2Fwp%2Fv2%2Fmedia&parent=13204"}],"wp:term":[{"taxonomy":"category","embeddable":true,"href":"https:\/\/obispadodezaratecampana.org\/index.php?rest_route=%2Fwp%2Fv2%2Fcategories&post=13204"},{"taxonomy":"post_tag","embeddable":true,"href":"https:\/\/obispadodezaratecampana.org\/index.php?rest_route=%2Fwp%2Fv2%2Ftags&post=13204"}],"curies":[{"name":"wp","href":"https:\/\/api.w.org\/{rel}","templated":true}]}}