{"id":13199,"date":"2016-10-26T12:56:04","date_gmt":"2016-10-26T15:56:04","guid":{"rendered":"http:\/\/obispadodezaratecampana.org\/?p=13199"},"modified":"2016-10-26T14:50:51","modified_gmt":"2016-10-26T17:50:51","slug":"creacion-del-tribunal-diocesano-de-primera-instancia-de-zarate-campana","status":"publish","type":"post","link":"https:\/\/obispadodezaratecampana.org\/?p=13199","title":{"rendered":"Creaci\u00f3n del Tribunal Diocesano de Primera Instancia de Z\u00e1rate &#8211; Campana"},"content":{"rendered":"<h3 style=\"text-align: justify;\"><span style=\"color: #333300;\">Queridos Lectores,\u00a0<\/span><\/h3>\n<h3 style=\"text-align: justify;\"><span style=\"color: #333300;\">\u00a0El se\u00f1or Obispo de la di\u00f3cesis de Z\u00e1rate \u2013 Campana Monse\u00f1or Pedro Mar\u00eda Laxague, de acuerdo a las facultades concedidas por el Papa Francisco por el Motu Propio Mitis Iudex Dominius Iesus, y en el A\u00f1o Jubilar de la Misericordia, cre\u00f3 el Tribunal Diocesano de Primera Instancia, aprobado por el SUPREMO TRIBUNAL DE LA SIGNATURA APOST\u00d3LICA el 22 de septiembre de 2016 (Prot. N 2053\/1\/16)<\/span><\/h3>\n<h3><span style=\"color: #333300;\">\u00a0La sede del nuevo Tribunal Diocesano es en el Obispado de Z\u00e1rate \u2013 Campana, Avenida Intendente Jorge Varela 413 Campana. El horario de atenci\u00f3n al p\u00fablico es de lunes a viernes de 9 a 12:00 hs.<\/span><\/h3>\n<h3><span style=\"color: #333300;\"><img fetchpriority=\"high\" decoding=\"async\" class=\" wp-image-13200 aligncenter\" src=\"http:\/\/obispadodezaratecampana.org\/wp-content\/uploads\/2016\/10\/Escudo-Mons.Pedro_-300x170.jpg\" alt=\"escudo-mons-pedro\" width=\"452\" height=\"256\" srcset=\"https:\/\/obispadodezaratecampana.org\/wp-content\/uploads\/2016\/10\/Escudo-Mons.Pedro_-300x170.jpg 300w, https:\/\/obispadodezaratecampana.org\/wp-content\/uploads\/2016\/10\/Escudo-Mons.Pedro_.jpg 785w\" sizes=\"(max-width: 452px) 100vw, 452px\" \/><\/span><\/h3>\n<p>&nbsp;<\/p>\n<p>&nbsp;<\/p>\n<h3 style=\"text-align: justify;\"><\/h3>\n<!-- AddThis Advanced Settings generic via filter on the_content --><!-- AddThis Share Buttons generic via filter on the_content -->","protected":false},"excerpt":{"rendered":"<p>Queridos Lectores,\u00a0 \u00a0El se\u00f1or Obispo de la di\u00f3cesis de Z\u00e1rate \u2013 Campana Monse\u00f1or Pedro Mar\u00eda Laxague, de acuerdo a las facultades concedidas por el Papa [&hellip;]<!-- AddThis Advanced Settings generic via filter on get_the_excerpt --><!-- AddThis Share Buttons generic via filter on get_the_excerpt --><\/p>\n","protected":false},"author":2,"featured_media":13200,"comment_status":"open","ping_status":"open","sticky":false,"template":"","format":"standard","meta":{"footnotes":""},"categories":[1],"tags":[],"class_list":["post-13199","post","type-post","status-publish","format-standard","has-post-thumbnail","hentry","category-noticiasdiocesanas"],"_links":{"self":[{"href":"https:\/\/obispadodezaratecampana.org\/index.php?rest_route=\/wp\/v2\/posts\/13199","targetHints":{"allow":["GET"]}}],"collection":[{"href":"https:\/\/obispadodezaratecampana.org\/index.php?rest_route=\/wp\/v2\/posts"}],"about":[{"href":"https:\/\/obispadodezaratecampana.org\/index.php?rest_route=\/wp\/v2\/types\/post"}],"author":[{"embeddable":true,"href":"https:\/\/obispadodezaratecampana.org\/index.php?rest_route=\/wp\/v2\/users\/2"}],"replies":[{"embeddable":true,"href":"https:\/\/obispadodezaratecampana.org\/index.php?rest_route=%2Fwp%2Fv2%2Fcomments&post=13199"}],"version-history":[{"count":4,"href":"https:\/\/obispadodezaratecampana.org\/index.php?rest_route=\/wp\/v2\/posts\/13199\/revisions"}],"predecessor-version":[{"id":13210,"href":"https:\/\/obispadodezaratecampana.org\/index.php?rest_route=\/wp\/v2\/posts\/13199\/revisions\/13210"}],"wp:featuredmedia":[{"embeddable":true,"href":"https:\/\/obispadodezaratecampana.org\/index.php?rest_route=\/wp\/v2\/media\/13200"}],"wp:attachment":[{"href":"https:\/\/obispadodezaratecampana.org\/index.php?rest_route=%2Fwp%2Fv2%2Fmedia&parent=13199"}],"wp:term":[{"taxonomy":"category","embeddable":true,"href":"https:\/\/obispadodezaratecampana.org\/index.php?rest_route=%2Fwp%2Fv2%2Fcategories&post=13199"},{"taxonomy":"post_tag","embeddable":true,"href":"https:\/\/obispadodezaratecampana.org\/index.php?rest_route=%2Fwp%2Fv2%2Ftags&post=13199"}],"curies":[{"name":"wp","href":"https:\/\/api.w.org\/{rel}","templated":true}]}}