{"id":13193,"date":"2016-10-26T11:30:20","date_gmt":"2016-10-26T14:30:20","guid":{"rendered":"http:\/\/obispadodezaratecampana.org\/?p=13193"},"modified":"2016-10-26T11:54:59","modified_gmt":"2016-10-26T14:54:59","slug":"jueves-27-de-octubre-festejos-por-el-50-aniversario-de-la-pquia-ntra-sra-de-lujan-en-zarate","status":"publish","type":"post","link":"https:\/\/obispadodezaratecampana.org\/?p=13193","title":{"rendered":"Jueves 27 de octubre: Festejos por el 50\u00b0 Aniversario de la Pquia Ntra Sra de Luj\u00e1n en Z\u00e1rate"},"content":{"rendered":"<h3 class=\"text_exposed_root text_exposed\"><span style=\"color: #3366ff;\">Invitaci\u00f3n de la comunidad de Ntra Sra del Carmen de Z\u00e1rate:<\/span><\/h3>\n<h3 class=\"text_exposed_root text_exposed\"><span style=\"color: #3366ff;\">Con Gran Alegr\u00eda este Jueves 27 de octubre celebraremos los 50 a\u00f1os de Nuestra Parroquia!!!<\/span><\/h3>\n<p><span style=\"color: #3366ff;\">La Misa ser\u00e1 19 hs y la presidir\u00e1 nuestro Obispo, Pedro Mar\u00eda Laxague.<\/span> <span style=\"color: #3366ff;\">Luego tendremos un compartir fraterno a la canasta, al que invitamos colaborar con empanadas y gaseosas.<\/span><\/p>\n<p><strong><span style=\"color: #3366ff;\"> LOS ESPERAMOS!!! BENDICIONES!!! Nuestra Se\u00f1ora de Luj\u00e1n, ruega por nosotros!!!<\/span><\/strong><\/p>\n<div class=\"text_exposed_root text_exposed\"><strong><span style=\"color: #3366ff;\"><em>Fuente de la publicaci\u00f3n: <\/em><\/span><\/strong><\/div>\n<div class=\"text_exposed_root text_exposed\"><strong><span style=\"color: #3366ff;\"><em>Perfil de Facebook de la comunidad:\u00a0<a title=\"lujan\" href=\"https:\/\/www.facebook.com\/parroquianuestrasradelujan.zarate?fref=ts\" target=\"_blank\"><span style=\"color: #3366ff;\">https:\/\/www.facebook.com\/parroquianuestrasradelujan.zarate?fref=ts<\/span><\/a><\/em><\/span><\/strong><\/div>\n<p><span id=\"fbPhotoSnowliftCaption\" class=\"fbPhotosPhotoCaption\" style=\"color: #1d2129;\" tabindex=\"0\" data-ft=\"{&quot;tn&quot;:&quot;K&quot;}\"><span class=\"hasCaption\"><img fetchpriority=\"high\" decoding=\"async\" class=\" wp-image-13194 aligncenter\" src=\"http:\/\/obispadodezaratecampana.org\/wp-content\/uploads\/2016\/10\/14702252_542830959247143_2955401783002753713_n-300x217.jpg\" alt=\"14702252_542830959247143_2955401783002753713_n\" width=\"376\" height=\"272\" srcset=\"https:\/\/obispadodezaratecampana.org\/wp-content\/uploads\/2016\/10\/14702252_542830959247143_2955401783002753713_n-300x217.jpg 300w, https:\/\/obispadodezaratecampana.org\/wp-content\/uploads\/2016\/10\/14702252_542830959247143_2955401783002753713_n.jpg 826w\" sizes=\"(max-width: 376px) 100vw, 376px\" \/><\/span><\/span><\/p>\n<!-- AddThis Advanced Settings generic via filter on the_content --><!-- AddThis Share Buttons generic via filter on the_content -->","protected":false},"excerpt":{"rendered":"<p>Invitaci\u00f3n de la comunidad de Ntra Sra del Carmen de Z\u00e1rate: Con Gran Alegr\u00eda este Jueves 27 de octubre celebraremos los 50 a\u00f1os de Nuestra [&hellip;]<!-- AddThis Advanced Settings generic via filter on get_the_excerpt --><!-- AddThis Share Buttons generic via filter on get_the_excerpt --><\/p>\n","protected":false},"author":2,"featured_media":13194,"comment_status":"open","ping_status":"open","sticky":false,"template":"","format":"standard","meta":{"footnotes":""},"categories":[1,3],"tags":[],"class_list":["post-13193","post","type-post","status-publish","format-standard","has-post-thumbnail","hentry","category-noticiasdiocesanas","category-noticiasparroquiales"],"_links":{"self":[{"href":"https:\/\/obispadodezaratecampana.org\/index.php?rest_route=\/wp\/v2\/posts\/13193","targetHints":{"allow":["GET"]}}],"collection":[{"href":"https:\/\/obispadodezaratecampana.org\/index.php?rest_route=\/wp\/v2\/posts"}],"about":[{"href":"https:\/\/obispadodezaratecampana.org\/index.php?rest_route=\/wp\/v2\/types\/post"}],"author":[{"embeddable":true,"href":"https:\/\/obispadodezaratecampana.org\/index.php?rest_route=\/wp\/v2\/users\/2"}],"replies":[{"embeddable":true,"href":"https:\/\/obispadodezaratecampana.org\/index.php?rest_route=%2Fwp%2Fv2%2Fcomments&post=13193"}],"version-history":[{"count":3,"href":"https:\/\/obispadodezaratecampana.org\/index.php?rest_route=\/wp\/v2\/posts\/13193\/revisions"}],"predecessor-version":[{"id":13197,"href":"https:\/\/obispadodezaratecampana.org\/index.php?rest_route=\/wp\/v2\/posts\/13193\/revisions\/13197"}],"wp:featuredmedia":[{"embeddable":true,"href":"https:\/\/obispadodezaratecampana.org\/index.php?rest_route=\/wp\/v2\/media\/13194"}],"wp:attachment":[{"href":"https:\/\/obispadodezaratecampana.org\/index.php?rest_route=%2Fwp%2Fv2%2Fmedia&parent=13193"}],"wp:term":[{"taxonomy":"category","embeddable":true,"href":"https:\/\/obispadodezaratecampana.org\/index.php?rest_route=%2Fwp%2Fv2%2Fcategories&post=13193"},{"taxonomy":"post_tag","embeddable":true,"href":"https:\/\/obispadodezaratecampana.org\/index.php?rest_route=%2Fwp%2Fv2%2Ftags&post=13193"}],"curies":[{"name":"wp","href":"https:\/\/api.w.org\/{rel}","templated":true}]}}