{"id":13175,"date":"2016-10-22T20:25:19","date_gmt":"2016-10-22T23:25:19","guid":{"rendered":"http:\/\/obispadodezaratecampana.org\/?p=13175"},"modified":"2016-10-26T13:05:26","modified_gmt":"2016-10-26T16:05:26","slug":"martes-25-de-octubre-renovacion-de-votos-del-hno-marcelo-prado-en-zarate","status":"publish","type":"post","link":"https:\/\/obispadodezaratecampana.org\/?p=13175","title":{"rendered":"Martes 25 de octubre : Renovaci\u00f3n de votos del Hno Marcelo Prado en Z\u00e1rate"},"content":{"rendered":"<h3>El pr\u00f3ximo martes 25 de octubre a las 19 hs, el Hno Marcelo Prado renovar\u00e1 sus votos.<br \/>\nLa celebraci\u00f3n ser\u00e1 presidida por nuestro Obispo Pedro en el Hogar Sagrado Coraz\u00f3n de Jesus, Calle 20 N\u00b0 547 (entre en French y Estrada) Barrio Juana Maria de Z\u00e1rate. Est\u00e1n todos invitados a participar.<\/h3>\n<h3><em><strong>Obra del Hermano Marcelo en Z\u00e1rate<\/strong><\/em><\/h3>\n<h3>El hermano Marcelo Prado alberga abuelos (adultos mayores varones) en el Hogar \u201cSagrado Coraz\u00f3n\u201d y diariamente asisten decenas de chicos al Merendero \u201cMonse\u00f1or Romero\u201d, el cual se ubica a una cuadra del mencionado Hogar.<\/h3>\n<h5 style=\"text-align: center;\"><em>Fotos: En el marco de la Asamblea Plenaria los Obispos visitaron diversos lugares en el A\u00f1o de la Misericordia. Los de la Regi\u00f3n NOA fueron al Hogar Sagrado Coraz\u00f3n de Jes\u00fas y Merendero en Z\u00e1rate \u00a0el pasado mes de abril.<\/em><\/h5>\n<h5 style=\"text-align: center;\"><em> <a href=\"http:\/\/obispadodezaratecampana.org\/wp-content\/uploads\/2016\/10\/12970842_1012355568846712_7720534752508552403_o1.jpg\"><img fetchpriority=\"high\" decoding=\"async\" class=\"alignnone  wp-image-13179\" src=\"http:\/\/obispadodezaratecampana.org\/wp-content\/uploads\/2016\/10\/12970842_1012355568846712_7720534752508552403_o1-300x200.jpg\" alt=\"12970842_1012355568846712_7720534752508552403_o\" width=\"300\" height=\"255\" \/><\/a> <a href=\"http:\/\/obispadodezaratecampana.org\/wp-content\/uploads\/2016\/10\/12983270_1012355885513347_1526043779084413510_o1.jpg\"><img decoding=\"async\" class=\"alignnone  wp-image-13180\" src=\"http:\/\/obispadodezaratecampana.org\/wp-content\/uploads\/2016\/10\/12983270_1012355885513347_1526043779084413510_o1-300x200.jpg\" alt=\"12983270_1012355885513347_1526043779084413510_o\" width=\"300\" height=\"257\" \/><\/a> <a href=\"http:\/\/obispadodezaratecampana.org\/wp-content\/uploads\/2016\/10\/12998324_1012355985513337_4900064713812049660_o.jpg\"><img decoding=\"async\" class=\"alignnone  wp-image-13181\" src=\"http:\/\/obispadodezaratecampana.org\/wp-content\/uploads\/2016\/10\/12998324_1012355985513337_4900064713812049660_o-300x242.jpg\" alt=\"12998324_1012355985513337_4900064713812049660_o\" width=\"300\" height=\"279\" \/><\/a> <a href=\"http:\/\/obispadodezaratecampana.org\/wp-content\/uploads\/2016\/10\/13002392_1012356088846660_6411214922599571083_o.jpg\"><img loading=\"lazy\" decoding=\"async\" class=\"alignnone  wp-image-13182\" src=\"http:\/\/obispadodezaratecampana.org\/wp-content\/uploads\/2016\/10\/13002392_1012356088846660_6411214922599571083_o-300x200.jpg\" alt=\"13002392_1012356088846660_6411214922599571083_o\" width=\"300\" height=\"278\" \/><\/a><\/em><\/h5>\n<!-- AddThis Advanced Settings generic via filter on the_content --><!-- AddThis Share Buttons generic via filter on the_content -->","protected":false},"excerpt":{"rendered":"<p>El pr\u00f3ximo martes 25 de octubre a las 19 hs, el Hno Marcelo Prado renovar\u00e1 sus votos. La celebraci\u00f3n ser\u00e1 presidida por nuestro Obispo Pedro [&hellip;]<!-- AddThis Advanced Settings generic via filter on get_the_excerpt --><!-- AddThis Share Buttons generic via filter on get_the_excerpt --><\/p>\n","protected":false},"author":2,"featured_media":13183,"comment_status":"open","ping_status":"open","sticky":false,"template":"","format":"standard","meta":{"footnotes":""},"categories":[4],"tags":[],"class_list":["post-13175","post","type-post","status-publish","format-standard","has-post-thumbnail","hentry","category-movimientosinstituciones"],"_links":{"self":[{"href":"https:\/\/obispadodezaratecampana.org\/index.php?rest_route=\/wp\/v2\/posts\/13175","targetHints":{"allow":["GET"]}}],"collection":[{"href":"https:\/\/obispadodezaratecampana.org\/index.php?rest_route=\/wp\/v2\/posts"}],"about":[{"href":"https:\/\/obispadodezaratecampana.org\/index.php?rest_route=\/wp\/v2\/types\/post"}],"author":[{"embeddable":true,"href":"https:\/\/obispadodezaratecampana.org\/index.php?rest_route=\/wp\/v2\/users\/2"}],"replies":[{"embeddable":true,"href":"https:\/\/obispadodezaratecampana.org\/index.php?rest_route=%2Fwp%2Fv2%2Fcomments&post=13175"}],"version-history":[{"count":2,"href":"https:\/\/obispadodezaratecampana.org\/index.php?rest_route=\/wp\/v2\/posts\/13175\/revisions"}],"predecessor-version":[{"id":13187,"href":"https:\/\/obispadodezaratecampana.org\/index.php?rest_route=\/wp\/v2\/posts\/13175\/revisions\/13187"}],"wp:featuredmedia":[{"embeddable":true,"href":"https:\/\/obispadodezaratecampana.org\/index.php?rest_route=\/wp\/v2\/media\/13183"}],"wp:attachment":[{"href":"https:\/\/obispadodezaratecampana.org\/index.php?rest_route=%2Fwp%2Fv2%2Fmedia&parent=13175"}],"wp:term":[{"taxonomy":"category","embeddable":true,"href":"https:\/\/obispadodezaratecampana.org\/index.php?rest_route=%2Fwp%2Fv2%2Fcategories&post=13175"},{"taxonomy":"post_tag","embeddable":true,"href":"https:\/\/obispadodezaratecampana.org\/index.php?rest_route=%2Fwp%2Fv2%2Ftags&post=13175"}],"curies":[{"name":"wp","href":"https:\/\/api.w.org\/{rel}","templated":true}]}}