{"id":13157,"date":"2016-10-22T14:30:17","date_gmt":"2016-10-22T17:30:17","guid":{"rendered":"http:\/\/obispadodezaratecampana.org\/?p=13157"},"modified":"2016-10-22T14:30:17","modified_gmt":"2016-10-22T17:30:17","slug":"renovacion-carismatica-catolica-informacion-para-el-pueblo-de-dios","status":"publish","type":"post","link":"https:\/\/obispadodezaratecampana.org\/?p=13157","title":{"rendered":"Renovaci\u00f3n Carismatica Cat\u00f3lica: Informaci\u00f3n para el Pueblo de Dios"},"content":{"rendered":"<h4 style=\"text-align: justify;\"><span style=\"color: rgb(153, 51, 0);\"><b>INFORMACI\u00d3N<\/b><strong>\u00a0PARA EL PUEBLO DE DIOS<\/strong><\/span><\/h4>\n<h4 style=\"text-align: justify;\"><span style=\"color: rgb(153, 51, 0);\">Queridos hermanos como ya es de p\u00fablico conocimiento para nuestra corriente de gracia diocesana la salida de nuestro ex coordinador Juan Martin Gamboggi del equipo diocesano al equipo de la Region Platense Pampeana ah dado un cambio en el equipo coordinador Diocesano.<\/span><br \/>\n<span style=\"color: rgb(153, 51, 0);\">Por eso con la ayuda y la gracia de nuestro Dios Vivo se ah conformado un nuevo equipo el cual con la ayuda de Dios ya est\u00e1 completo. <\/span><br \/>\n<span style=\"color: rgb(153, 51, 0);\">Queremos que puedan interceder todos por nuestros hermanos servidores de la Rcc que tendr\u00e1n la tarea de coordinar la Rcc diocesana.<\/span><\/h4>\n<h4 style=\"text-align: justify;\"><span style=\"color: rgb(153, 51, 0);\">Asesor espiritual <\/span><br \/>\n<span style=\"color: rgb(153, 51, 0);\">Padre George Sayu<\/span><\/h4>\n<h4 style=\"text-align: justify;\"><span style=\"color: rgb(153, 51, 0);\">Coordinador diocesano <\/span><br \/>\n<span style=\"color: rgb(153, 51, 0);\">Pablo Nicolas Barboni Vazquez<\/span><\/h4>\n<h4 style=\"text-align: justify;\"><span style=\"color: rgb(153, 51, 0);\">Sub-coordinador diocesano <\/span><br \/>\n<span style=\"color: rgb(153, 51, 0);\">Bernardo Alberto Costa<\/span><\/h4>\n<h4 style=\"text-align: justify;\"><span style=\"color: rgb(153, 51, 0);\">Delegado decanato Pilar<\/span><br \/>\n<span style=\"color: rgb(153, 51, 0);\">Walter Toledo<\/span><\/h4>\n<h4 style=\"text-align: justify;\"><span style=\"color: rgb(153, 51, 0);\">Delegada decanato Escobar <\/span><br \/>\n<span style=\"color: rgb(153, 51, 0);\">Alicia Tolosa<\/span><\/h4>\n<h4 style=\"text-align: justify;\"><span style=\"color: rgb(153, 51, 0);\">Delegada decanato Zarate campana <\/span><br \/>\n<span style=\"color: rgb(153, 51, 0);\">Alicia Vandelinde<\/span><\/h4>\n<h4 style=\"text-align: justify;\"><span style=\"color: rgb(153, 51, 0);\">Secretar\u00eda matrimonio y familia<\/span><br \/>\n<span style=\"color: rgb(153, 51, 0);\">Sandra Garcia y Jos\u00e9 Mart\u00ednez<\/span><\/h4>\n<h4 style=\"text-align: justify;\"><span style=\"color: rgb(153, 51, 0);\">Secretar\u00eda de j\u00f3venes <\/span><br \/>\n<span style=\"color: rgb(153, 51, 0);\">Federico Barboni Vazquez y Cyntia Chavez<\/span><\/h4>\n<h4 style=\"text-align: justify;\"><span style=\"color: rgb(153, 51, 0);\">Desde ya nos encomendamos a sus oraciones para que se trabaje siempre conforme el Esp\u00edritu Santo nos inspire. Y nos encontramos todos el d\u00eda 12 de noviembre a las 14 hs en la parroquia Inmaculada Concepci\u00f3n de Savio para cerrar el a\u00f1o de la\u00a0<\/span><span style=\"color: rgb(153, 51, 0);\">Misericordia todos juntos como iglesia diocesana.<\/span><\/h4>\n<p><span style=\"color: #993300;\">Fuente: perfil de facebook de la RCC de la di\u00f3cesis\u00a0<a title=\"RCC\" href=\"https:\/\/web.facebook.com\/RccZarateCampana?hc_ref=PAGES_TIMELINE&amp;fref=nf\" target=\"_blank\"><span style=\"color: #993300;\">https:\/\/web.facebook.com\/RccZarateCampana?hc_ref=PAGES_TIMELINE&amp;fref=nf<\/span><\/a><\/span><\/p>\n<p><a href=\"http:\/\/obispadodezaratecampana.org\/wp-content\/uploads\/2016\/10\/carisma.jpg\"><img fetchpriority=\"high\" decoding=\"async\" class=\" wp-image-13158 aligncenter\" src=\"http:\/\/obispadodezaratecampana.org\/wp-content\/uploads\/2016\/10\/carisma-300x196.jpg\" alt=\"carisma\" width=\"605\" height=\"395\" srcset=\"https:\/\/obispadodezaratecampana.org\/wp-content\/uploads\/2016\/10\/carisma-300x196.jpg 300w, https:\/\/obispadodezaratecampana.org\/wp-content\/uploads\/2016\/10\/carisma.jpg 960w\" sizes=\"(max-width: 605px) 100vw, 605px\" \/><\/a><\/p>\n<div class=\"_1dwg _1w_m\">\n<div class=\"_3x-2\">\n<div>\n<div class=\"_5r69\">\n<div class=\"clearfix mtm\">\n<div class=\"plm _42ef\">\n<div class=\"mtm _5pco\" style=\"color: #666666;\" data-ft=\"{&quot;tn&quot;:&quot;K&quot;}\">\n<div id=\"id_580b9d219956b1e47210692\" class=\"text_exposed_root text_exposed\">\n<p>&nbsp;<\/p>\n<\/div>\n<\/div>\n<\/div>\n<\/div>\n<\/div>\n<\/div>\n<\/div>\n<\/div>\n<p>&nbsp;<\/p>\n<!-- AddThis Advanced Settings generic via filter on the_content --><!-- AddThis Share Buttons generic via filter on the_content -->","protected":false},"excerpt":{"rendered":"<p>INFORMACI\u00d3N\u00a0PARA EL PUEBLO DE DIOS Queridos hermanos como ya es de p\u00fablico conocimiento para nuestra corriente de gracia diocesana la salida de nuestro ex coordinador [&hellip;]<!-- AddThis Advanced Settings generic via filter on get_the_excerpt --><!-- AddThis Share Buttons generic via filter on get_the_excerpt --><\/p>\n","protected":false},"author":2,"featured_media":13158,"comment_status":"open","ping_status":"open","sticky":false,"template":"","format":"standard","meta":{"footnotes":""},"categories":[4,1],"tags":[],"class_list":["post-13157","post","type-post","status-publish","format-standard","has-post-thumbnail","hentry","category-movimientosinstituciones","category-noticiasdiocesanas"],"_links":{"self":[{"href":"https:\/\/obispadodezaratecampana.org\/index.php?rest_route=\/wp\/v2\/posts\/13157","targetHints":{"allow":["GET"]}}],"collection":[{"href":"https:\/\/obispadodezaratecampana.org\/index.php?rest_route=\/wp\/v2\/posts"}],"about":[{"href":"https:\/\/obispadodezaratecampana.org\/index.php?rest_route=\/wp\/v2\/types\/post"}],"author":[{"embeddable":true,"href":"https:\/\/obispadodezaratecampana.org\/index.php?rest_route=\/wp\/v2\/users\/2"}],"replies":[{"embeddable":true,"href":"https:\/\/obispadodezaratecampana.org\/index.php?rest_route=%2Fwp%2Fv2%2Fcomments&post=13157"}],"version-history":[{"count":1,"href":"https:\/\/obispadodezaratecampana.org\/index.php?rest_route=\/wp\/v2\/posts\/13157\/revisions"}],"predecessor-version":[{"id":13159,"href":"https:\/\/obispadodezaratecampana.org\/index.php?rest_route=\/wp\/v2\/posts\/13157\/revisions\/13159"}],"wp:featuredmedia":[{"embeddable":true,"href":"https:\/\/obispadodezaratecampana.org\/index.php?rest_route=\/wp\/v2\/media\/13158"}],"wp:attachment":[{"href":"https:\/\/obispadodezaratecampana.org\/index.php?rest_route=%2Fwp%2Fv2%2Fmedia&parent=13157"}],"wp:term":[{"taxonomy":"category","embeddable":true,"href":"https:\/\/obispadodezaratecampana.org\/index.php?rest_route=%2Fwp%2Fv2%2Fcategories&post=13157"},{"taxonomy":"post_tag","embeddable":true,"href":"https:\/\/obispadodezaratecampana.org\/index.php?rest_route=%2Fwp%2Fv2%2Ftags&post=13157"}],"curies":[{"name":"wp","href":"https:\/\/api.w.org\/{rel}","templated":true}]}}