{"id":13143,"date":"2016-10-19T21:23:50","date_gmt":"2016-10-20T00:23:50","guid":{"rendered":"http:\/\/obispadodezaratecampana.org\/?p=13143"},"modified":"2016-10-19T21:23:50","modified_gmt":"2016-10-20T00:23:50","slug":"pquia-ntra-sra-del-pilar-centro-ayuda-a-los-inundados","status":"publish","type":"post","link":"https:\/\/obispadodezaratecampana.org\/?p=13143","title":{"rendered":"Pquia Ntra Sra del Pilar (centro): Ayuda a los inundados"},"content":{"rendered":"<h3><span style=\"color: rgb(0, 128, 0);\">C\u00e1ritas de Ntra Sra del Pilar tambi\u00e9n recibe donaciones para los inundados.<\/span><\/h3>\n<h3><span style=\"color: #008000;\">D\u00edas<\/span><span style=\"color: rgb(0, 128, 0);\">\u00a0y horarios de atenci\u00f3n : Mi\u00e9rcoles, jueves y viernes de 16 a 18 hs en la Parroquia Ntra Sra del Pilar, calle Lorenzo Lopez 624, Pilar.\u00a0<\/span><\/h3>\n<h3><span class=\"text_exposed_show\" style=\"color: #1d2129;\"><span style=\"color: #008000;\">Se necesita:\u00a0<\/span><br \/>\n<span style=\"color: rgb(0, 128, 0);\">Agua mineral,<\/span><br \/>\n<span style=\"color: rgb(0, 128, 0);\">Pa\u00f1ales descartables,<\/span><br \/>\n<span style=\"color: rgb(0, 128, 0);\">Art\u00edculos de limpieza,<\/span><br \/>\n<span style=\"color: rgb(0, 128, 0);\">Alimentos no perecederos,<\/span><br \/>\n<span style=\"color: rgb(0, 128, 0);\">Calzado de ni\u00f1os y adultos.<\/span><\/span><\/h3>\n<h3><span class=\"text_exposed_show\" style=\"color: #1d2129;\"><br \/>\n<img fetchpriority=\"high\" decoding=\"async\" class=\" wp-image-13144 aligncenter\" src=\"http:\/\/obispadodezaratecampana.org\/wp-content\/uploads\/2016\/10\/14681892_339627699722546_7887756301262764315_n-300x203.jpg\" alt=\"14681892_339627699722546_7887756301262764315_n\" width=\"455\" height=\"308\" srcset=\"https:\/\/obispadodezaratecampana.org\/wp-content\/uploads\/2016\/10\/14681892_339627699722546_7887756301262764315_n-300x203.jpg 300w, https:\/\/obispadodezaratecampana.org\/wp-content\/uploads\/2016\/10\/14681892_339627699722546_7887756301262764315_n.jpg 376w\" sizes=\"(max-width: 455px) 100vw, 455px\" \/><br \/>\n<\/span><\/h3>\n<p>&nbsp;<\/p>\n<!-- AddThis Advanced Settings generic via filter on the_content --><!-- AddThis Share Buttons generic via filter on the_content -->","protected":false},"excerpt":{"rendered":"<p>C\u00e1ritas de Ntra Sra del Pilar tambi\u00e9n recibe donaciones para los inundados. D\u00edas\u00a0y horarios de atenci\u00f3n : Mi\u00e9rcoles, jueves y viernes de 16 a 18 [&hellip;]<!-- AddThis Advanced Settings generic via filter on get_the_excerpt --><!-- AddThis Share Buttons generic via filter on get_the_excerpt --><\/p>\n","protected":false},"author":2,"featured_media":13144,"comment_status":"open","ping_status":"open","sticky":false,"template":"","format":"standard","meta":{"footnotes":""},"categories":[1,3],"tags":[],"class_list":["post-13143","post","type-post","status-publish","format-standard","has-post-thumbnail","hentry","category-noticiasdiocesanas","category-noticiasparroquiales"],"_links":{"self":[{"href":"https:\/\/obispadodezaratecampana.org\/index.php?rest_route=\/wp\/v2\/posts\/13143","targetHints":{"allow":["GET"]}}],"collection":[{"href":"https:\/\/obispadodezaratecampana.org\/index.php?rest_route=\/wp\/v2\/posts"}],"about":[{"href":"https:\/\/obispadodezaratecampana.org\/index.php?rest_route=\/wp\/v2\/types\/post"}],"author":[{"embeddable":true,"href":"https:\/\/obispadodezaratecampana.org\/index.php?rest_route=\/wp\/v2\/users\/2"}],"replies":[{"embeddable":true,"href":"https:\/\/obispadodezaratecampana.org\/index.php?rest_route=%2Fwp%2Fv2%2Fcomments&post=13143"}],"version-history":[{"count":1,"href":"https:\/\/obispadodezaratecampana.org\/index.php?rest_route=\/wp\/v2\/posts\/13143\/revisions"}],"predecessor-version":[{"id":13145,"href":"https:\/\/obispadodezaratecampana.org\/index.php?rest_route=\/wp\/v2\/posts\/13143\/revisions\/13145"}],"wp:featuredmedia":[{"embeddable":true,"href":"https:\/\/obispadodezaratecampana.org\/index.php?rest_route=\/wp\/v2\/media\/13144"}],"wp:attachment":[{"href":"https:\/\/obispadodezaratecampana.org\/index.php?rest_route=%2Fwp%2Fv2%2Fmedia&parent=13143"}],"wp:term":[{"taxonomy":"category","embeddable":true,"href":"https:\/\/obispadodezaratecampana.org\/index.php?rest_route=%2Fwp%2Fv2%2Fcategories&post=13143"},{"taxonomy":"post_tag","embeddable":true,"href":"https:\/\/obispadodezaratecampana.org\/index.php?rest_route=%2Fwp%2Fv2%2Ftags&post=13143"}],"curies":[{"name":"wp","href":"https:\/\/api.w.org\/{rel}","templated":true}]}}