{"id":13135,"date":"2016-10-17T19:06:34","date_gmt":"2016-10-17T22:06:34","guid":{"rendered":"http:\/\/obispadodezaratecampana.org\/?p=13135"},"modified":"2016-10-17T19:06:34","modified_gmt":"2016-10-17T22:06:34","slug":"homilia-del-papa-francisco-en-la-canonizacion-de-brochero","status":"publish","type":"post","link":"https:\/\/obispadodezaratecampana.org\/?p=13135","title":{"rendered":"Homil\u00eda del Papa Francisco en la Canonizaci\u00f3n de Brochero"},"content":{"rendered":"<p style=\"text-align: justify;\">Esta es la homil\u00eda \u00a0que pronunci\u00f3 el domingo 16 de octubre el Papa Francisco durante la canonizaci\u00f3n de los beatos Salomon Leclercq (Francia), Jos\u00e9 S\u00e1nchez Del R\u00edo (M\u00e9xico), Manuel Gonz\u00e1lez Garc\u00eda (Espa\u00f1a), Lodovico Pavoni y Alfonso Maria Fusco (Italia), Jos\u00e9 Gabriel Del Rosario Brochero (Argentina) y Elisabeth Catez (Francia):<\/p>\n<p><img fetchpriority=\"high\" decoding=\"async\" class=\" wp-image-13136 aligncenter\" src=\"http:\/\/obispadodezaratecampana.org\/wp-content\/uploads\/2016\/10\/14642510_1381626761848358_8472093003675051949_n-300x199.jpg\" alt=\"14642510_1381626761848358_8472093003675051949_n\" width=\"357\" height=\"237\" srcset=\"https:\/\/obispadodezaratecampana.org\/wp-content\/uploads\/2016\/10\/14642510_1381626761848358_8472093003675051949_n-300x199.jpg 300w, https:\/\/obispadodezaratecampana.org\/wp-content\/uploads\/2016\/10\/14642510_1381626761848358_8472093003675051949_n.jpg 850w\" sizes=\"(max-width: 357px) 100vw, 357px\" \/><\/p>\n<p style=\"text-align: justify;\">\n<p style=\"text-align: justify;\">\n<p style=\"text-align: justify;\">Al inicio de la celebraci\u00f3n eucar\u00edstica de hoy hemos dirigido al Se\u00f1or esta oraci\u00f3n: \u00abCrea en nosotros un coraz\u00f3n generoso y fiel, para que te sirvamos siempre con fidelidad y pureza de esp\u00edritu\u00bb (Oraci\u00f3n Colecta).<\/p>\n<p style=\"text-align: justify;\">Nosotros solos no somos capaces de alcanzar un coraz\u00f3n as\u00ed, s\u00f3lo Dios puede hacerlo, y por eso lo pedimos en la oraci\u00f3n, lo imploramos a \u00e9l como don, como \u00abcreaci\u00f3n\u00bb suya. De este modo, hemos sido introducidos en el tema de la oraci\u00f3n, que est\u00e1 en el centro de las Lecturas b\u00edblicas de este domingo y que nos interpela tambi\u00e9n a nosotros, reunidos aqu\u00ed para la canonizaci\u00f3n de algunos nuevos Santos y Santas. Ellos han alcanzado la meta, han adquirido un coraz\u00f3n generoso y fiel, gracias a la oraci\u00f3n: han orado con todas las fuerzas, han luchado y han vencido.<\/p>\n<p style=\"text-align: justify;\">Orar, por tanto, como Mois\u00e9s, que fue sobre todo hombre de Dios, hombre de oraci\u00f3n. Lo contemplamos hoy en el episodio de la batalla contra Amalec, de pie en la cima del monte con los brazos levantados; pero, en ocasiones, dejaba caer los brazos por el peso, y en esos momentos al pueblo le iba mal; entonces Aar\u00f3n y Jur hicieron sentar a Mois\u00e9s en una piedra y manten\u00edan sus brazos levantados, hasta la victoria final.<\/p>\n<p style=\"text-align: justify;\">Este es el estilo de vida espiritual que nos pide la Iglesia: no para vencer la guerra, sino para vencer la paz.<br \/>\nEn el episodio de Mois\u00e9s hay un mensaje importante: el compromiso de la oraci\u00f3n necesita del apoyo de otro. El cansancio es inevitable, y en ocasiones ya no podemos m\u00e1s, pero con la ayuda de los hermanos nuestra oraci\u00f3n puede continuar, hasta que el Se\u00f1or concluya su obra.<\/p>\n<p style=\"text-align: justify;\">San Pablo, escribiendo a su disc\u00edpulo y colaborador Timoteo le recomienda que permanezca firme en lo que ha aprendido y cre\u00eddo con convicci\u00f3n (cf. 2 Tm 3,14). Pero tampoco Timoteo no pod\u00eda hacerlo solo: no se vence la \u00abbatalla\u00bb de la perseverancia sin la oraci\u00f3n. Pero no una oraci\u00f3n espor\u00e1dica e inestable, sino hecha como Jes\u00fas ense\u00f1a en el Evangelio de hoy: \u00abOrar siempre sin desanimarse\u00bb (Lc 18,1). Este es el modo del obrar cristiano: estar firmes en la oraci\u00f3n para permanecer firmes en la fe y en el testimonio. Y de nuevo surge una voz dentro de nosotros: \u00abPero Se\u00f1or, \u00bfc\u00f3mo es posible no cansarse? Somos seres humanos, incluso Mois\u00e9s se cans\u00f3\u00bb. Es cierto, cada uno de nosotros se cansa. Pero no estamos solos, hacemos parte de un Cuerpo. Somos miembros del Cuerpo de Cristo, la Iglesia, cuyos brazos se levantan al cielo d\u00eda y noche gracias a la presencia de Cristo resucitado y de su Esp\u00edritu Santo. Y s\u00f3lo en la Iglesia y gracias a la oraci\u00f3n de la Iglesia podemos permanecer firmes en la fe y en el testimonio.<br \/>\nHemos escuchado la promesa de Jes\u00fas en el Evangelio: Dios har\u00e1 justicia a sus elegidos que le gritan d\u00eda y noche (cf. Lc 18,7). Este es el misterio de la oraci\u00f3n: gritar, no cansarse y, si te cansas, pide ayuda para mantener las manos levantadas. Esta es la oraci\u00f3n que Jes\u00fas nos ha revelado y nos ha dado a trav\u00e9s del Esp\u00edritu Santo. Orar no es refugiarse en un mundo ideal, no es evadir a una falsa quietud. Por el contrario, orar y luchar, y dejar que tambi\u00e9n el Esp\u00edritu Santo ore en nosotros. Es el Esp\u00edritu Santo quien nos ense\u00f1a a rezar, quien nos gu\u00eda en la oraci\u00f3n y nos hace orar como hijos.<\/p>\n<p style=\"text-align: justify;\">Los santos son hombres y mujeres que entran hasta el fondo del misterio de la oraci\u00f3n. Hombres y mujeres que luchan con la oraci\u00f3n, dejando al Esp\u00edritu Santo orar y luchar en ellos; luchan hasta el extremo, con todas sus fuerzas, y vencen, pero no solos: el Se\u00f1or vence a trav\u00e9s de ellos y con ellos. Tambi\u00e9n estos siete testigos que hoy han sido canonizados, han combatido con la oraci\u00f3n la buena batalla de la fe y del amor. Por ello han permanecido firmes en la fe con el coraz\u00f3n generoso y fiel. Que, con su ejemplo y su intercesi\u00f3n, Dios nos conceda tambi\u00e9n a nosotros ser hombres y mujeres de oraci\u00f3n; gritar d\u00eda y noche a Dios, sin cansarnos; dejar que el Esp\u00edritu Santo ore en nosotros, y orar sosteni\u00e9ndonos unos a otros para permanecer con los brazos levantados, hasta que triunfe la Misericordia Divina.<\/p>\n<p style=\"text-align: justify;\">Fuente: News.va<\/p>\n<p>&nbsp;<\/p>\n<!-- AddThis Advanced Settings generic via filter on the_content --><!-- AddThis Share Buttons generic via filter on the_content -->","protected":false},"excerpt":{"rendered":"<p>Esta es la homil\u00eda \u00a0que pronunci\u00f3 el domingo 16 de octubre el Papa Francisco durante la canonizaci\u00f3n de los beatos Salomon Leclercq (Francia), Jos\u00e9 S\u00e1nchez [&hellip;]<!-- AddThis Advanced Settings generic via filter on get_the_excerpt --><!-- AddThis Share Buttons generic via filter on get_the_excerpt --><\/p>\n","protected":false},"author":2,"featured_media":13136,"comment_status":"open","ping_status":"open","sticky":false,"template":"","format":"standard","meta":{"footnotes":""},"categories":[161,1],"tags":[],"class_list":["post-13135","post","type-post","status-publish","format-standard","has-post-thumbnail","hentry","category-el-papa-leonxiv","category-noticiasdiocesanas"],"_links":{"self":[{"href":"https:\/\/obispadodezaratecampana.org\/index.php?rest_route=\/wp\/v2\/posts\/13135","targetHints":{"allow":["GET"]}}],"collection":[{"href":"https:\/\/obispadodezaratecampana.org\/index.php?rest_route=\/wp\/v2\/posts"}],"about":[{"href":"https:\/\/obispadodezaratecampana.org\/index.php?rest_route=\/wp\/v2\/types\/post"}],"author":[{"embeddable":true,"href":"https:\/\/obispadodezaratecampana.org\/index.php?rest_route=\/wp\/v2\/users\/2"}],"replies":[{"embeddable":true,"href":"https:\/\/obispadodezaratecampana.org\/index.php?rest_route=%2Fwp%2Fv2%2Fcomments&post=13135"}],"version-history":[{"count":1,"href":"https:\/\/obispadodezaratecampana.org\/index.php?rest_route=\/wp\/v2\/posts\/13135\/revisions"}],"predecessor-version":[{"id":13137,"href":"https:\/\/obispadodezaratecampana.org\/index.php?rest_route=\/wp\/v2\/posts\/13135\/revisions\/13137"}],"wp:featuredmedia":[{"embeddable":true,"href":"https:\/\/obispadodezaratecampana.org\/index.php?rest_route=\/wp\/v2\/media\/13136"}],"wp:attachment":[{"href":"https:\/\/obispadodezaratecampana.org\/index.php?rest_route=%2Fwp%2Fv2%2Fmedia&parent=13135"}],"wp:term":[{"taxonomy":"category","embeddable":true,"href":"https:\/\/obispadodezaratecampana.org\/index.php?rest_route=%2Fwp%2Fv2%2Fcategories&post=13135"},{"taxonomy":"post_tag","embeddable":true,"href":"https:\/\/obispadodezaratecampana.org\/index.php?rest_route=%2Fwp%2Fv2%2Ftags&post=13135"}],"curies":[{"name":"wp","href":"https:\/\/api.w.org\/{rel}","templated":true}]}}