{"id":13132,"date":"2016-10-17T18:35:09","date_gmt":"2016-10-17T21:35:09","guid":{"rendered":"http:\/\/obispadodezaratecampana.org\/?p=13132"},"modified":"2016-10-17T18:35:09","modified_gmt":"2016-10-17T21:35:09","slug":"x-mision-juvenil-diocesana-nuestra-diocesis-de-zarate-campana","status":"publish","type":"post","link":"https:\/\/obispadodezaratecampana.org\/?p=13132","title":{"rendered":"X MISI\u00d3N JUVENIL DIOCESANA NUESTRA DI\u00d3CESIS DE Z\u00c1RATE \u2013 CAMPANA"},"content":{"rendered":"<p><span style=\"color: #003366;\"><strong>X MISI\u00d3N JUVENIL DIOCESANA EN SAN ANTONIO DE ARECO<\/strong><\/span><\/p>\n<p><span style=\"color: #003366;\">\u00a0Del 21 al 23 de octubre se realizar\u00e1 en la ciudad de San Antonio de Areco la d\u00e9cima edici\u00f3n de la Misi\u00f3n Juvenil Diocesana, bajo el lema \u201cCon Mar\u00eda\u2026 vengan y vean\u201d, organizada y animada por la Secretar\u00eda Permanente de la Pastoral Juvenil y Vocacional de la di\u00f3cesis de Z\u00e1rate-Campana junto a la comunidad local de la Parroquia San Antonio de Padua.<\/span><\/p>\n<p style=\"text-align: justify;\"><span style=\"color: rgb(0, 51, 102);\">Recibir\u00e1n a m\u00e1s de 350 j\u00f3venes de los siete partidos que componen la jurisdicci\u00f3n eclesi\u00e1stica para vivir d\u00edas de reflexi\u00f3n y de misi\u00f3n.<\/span><\/p>\n<p style=\"text-align: justify;\"><span style=\"color: rgb(0, 51, 102);\">Los misioneros llegar\u00e1n el viernes 21 por la tarde y ser\u00e1n recibidos en al colegio Santa Mar\u00eda, y desde ah\u00ed se organizar\u00e1n para visitar a las familias y comunidades de la ciudad. La misa de env\u00edo misionero ser\u00e1 ese mismo d\u00eda, a las 20hs, en la parroquia San Antonio de Padua. Este d\u00eda culminar\u00e1 con una Celebraci\u00f3n del Perd\u00f3n a partir de las 22:30hs en la Parroquia.<\/span><\/p>\n<p style=\"text-align: justify;\"><span style=\"color: rgb(0, 51, 102);\">Adem\u00e1s de visitar a las familia de la ciudad de san Antonio de Areco, se visitar\u00e1n durante el s\u00e1bado las localidades de Duggan y Villa L\u00eda<\/span><\/p>\n<p style=\"text-align: justify;\"><span style=\"color: rgb(0, 51, 102);\">El domingo 23 de octubre se presentar\u00e1, la Comunit\u00e0 Cenacolo quienes ofrecer\u00e1n una obra musical invitando a la reflexi\u00f3n. En tanto, la misa de clausura ser\u00e1 a las 16, y estar\u00e1 a cargo del obispo diocesano, monse\u00f1or Pedro Mar\u00eda Laxague.<\/span><\/p>\n<p style=\"text-align: justify;\"><span style=\"color: rgb(0, 51, 102);\">Los j\u00f3venes mayores de 15 a\u00f1os pueden participar de la actividad misionera. Como requisito, deber\u00e1n preinscribirse completando una planilla disponible <a title=\"inscripciones\" href=\"http:\/\/bit.ly\/XMJD2016\" target=\"_blank\">http:\/\/bit.ly\/XMJD2016<\/a>. Para m\u00e1s informaci\u00f3n: misionjuvenildiocesanazc@gmail.com<\/span><\/p>\n<p><img fetchpriority=\"high\" decoding=\"async\" class=\" wp-image-13133 aligncenter\" src=\"http:\/\/obispadodezaratecampana.org\/wp-content\/uploads\/2016\/10\/Flyer-X-MJD-300x212.jpg\" alt=\"flyer-x-mjd\" width=\"478\" height=\"338\" srcset=\"https:\/\/obispadodezaratecampana.org\/wp-content\/uploads\/2016\/10\/Flyer-X-MJD-300x212.jpg 300w, https:\/\/obispadodezaratecampana.org\/wp-content\/uploads\/2016\/10\/Flyer-X-MJD-1024x724.jpg 1024w\" sizes=\"(max-width: 478px) 100vw, 478px\" \/><\/p>\n<!-- AddThis Advanced Settings generic via filter on the_content --><!-- AddThis Share Buttons generic via filter on the_content -->","protected":false},"excerpt":{"rendered":"<p>X MISI\u00d3N JUVENIL DIOCESANA EN SAN ANTONIO DE ARECO \u00a0Del 21 al 23 de octubre se realizar\u00e1 en la ciudad de San Antonio de Areco [&hellip;]<!-- AddThis Advanced Settings generic via filter on get_the_excerpt --><!-- AddThis Share Buttons generic via filter on get_the_excerpt --><\/p>\n","protected":false},"author":2,"featured_media":13133,"comment_status":"open","ping_status":"open","sticky":false,"template":"","format":"standard","meta":{"footnotes":""},"categories":[1],"tags":[],"class_list":["post-13132","post","type-post","status-publish","format-standard","has-post-thumbnail","hentry","category-noticiasdiocesanas"],"_links":{"self":[{"href":"https:\/\/obispadodezaratecampana.org\/index.php?rest_route=\/wp\/v2\/posts\/13132","targetHints":{"allow":["GET"]}}],"collection":[{"href":"https:\/\/obispadodezaratecampana.org\/index.php?rest_route=\/wp\/v2\/posts"}],"about":[{"href":"https:\/\/obispadodezaratecampana.org\/index.php?rest_route=\/wp\/v2\/types\/post"}],"author":[{"embeddable":true,"href":"https:\/\/obispadodezaratecampana.org\/index.php?rest_route=\/wp\/v2\/users\/2"}],"replies":[{"embeddable":true,"href":"https:\/\/obispadodezaratecampana.org\/index.php?rest_route=%2Fwp%2Fv2%2Fcomments&post=13132"}],"version-history":[{"count":1,"href":"https:\/\/obispadodezaratecampana.org\/index.php?rest_route=\/wp\/v2\/posts\/13132\/revisions"}],"predecessor-version":[{"id":13134,"href":"https:\/\/obispadodezaratecampana.org\/index.php?rest_route=\/wp\/v2\/posts\/13132\/revisions\/13134"}],"wp:featuredmedia":[{"embeddable":true,"href":"https:\/\/obispadodezaratecampana.org\/index.php?rest_route=\/wp\/v2\/media\/13133"}],"wp:attachment":[{"href":"https:\/\/obispadodezaratecampana.org\/index.php?rest_route=%2Fwp%2Fv2%2Fmedia&parent=13132"}],"wp:term":[{"taxonomy":"category","embeddable":true,"href":"https:\/\/obispadodezaratecampana.org\/index.php?rest_route=%2Fwp%2Fv2%2Fcategories&post=13132"},{"taxonomy":"post_tag","embeddable":true,"href":"https:\/\/obispadodezaratecampana.org\/index.php?rest_route=%2Fwp%2Fv2%2Ftags&post=13132"}],"curies":[{"name":"wp","href":"https:\/\/api.w.org\/{rel}","templated":true}]}}