{"id":13123,"date":"2016-10-15T16:35:55","date_gmt":"2016-10-15T19:35:55","guid":{"rendered":"http:\/\/obispadodezaratecampana.org\/?p=13123"},"modified":"2016-10-15T16:36:26","modified_gmt":"2016-10-15T19:36:26","slug":"sabado-15-de-octubre-misa-y-festejos-por-santa-teresa-de-jesus-en-garin-escobar","status":"publish","type":"post","link":"https:\/\/obispadodezaratecampana.org\/?p=13123","title":{"rendered":"S\u00e1bado 15 de octubre: Misa y Festejos por Santa Teresa de Jesus en Gar\u00edn, Escobar"},"content":{"rendered":"<h5 style=\"text-align: justify;\">Pedido e invitaci\u00f3n de la comunidad de Santa Teresa de Jesus de Gar\u00edn:<\/h5>\n<h5 style=\"text-align: justify;\">QUERIDOS HERMANOS LA PROCESI\u00d3N Y LOS FESTEJOS EN HONOR A NUESTRA AMADA PATRONA<br \/>\n&#8220;&#8221;NO SE SUSPENDEN POR LLUVIA&#8221;&#8221;<br \/>\nRecemos para que el mal tiempo cambie<br \/>\nSANTA TERESA DE JES\u00daS RUEGA POR NOSOTROS Y PROTEGE A LA CIUDAD DE GARIN<br \/>\nAY\u00daDENNOS CON LA DIFUSI\u00d3N<br \/>\nLOS ESPERAMOS A LAS 18.30 HS<\/h5>\n<h4>Fuente de la publicaci\u00f3n:\u00a0<a title=\"teresa\" href=\"https:\/\/www.facebook.com\/Parroquia-Santa-Teresa-de-Jes%C3%BAs-1628552790744524\/\" target=\"_blank\">https:\/\/www.facebook.com\/Parroquia-Santa-Teresa-de-Jes%C3%BAs-1628552790744524\/<\/a><\/h4>\n<h4 style=\"text-align: center;\"><img fetchpriority=\"high\" decoding=\"async\" class=\" wp-image-13125 aligncenter\" src=\"http:\/\/obispadodezaratecampana.org\/wp-content\/uploads\/2016\/10\/14595719_1801864766746658_7749274480770150634_n-211x300.jpg\" alt=\"14595719_1801864766746658_7749274480770150634_n\" width=\"433\" height=\"438\" \/><\/h4>\n<!-- AddThis Advanced Settings generic via filter on the_content --><!-- AddThis Share Buttons generic via filter on the_content -->","protected":false},"excerpt":{"rendered":"<p>Pedido e invitaci\u00f3n de la comunidad de Santa Teresa de Jesus de Gar\u00edn: QUERIDOS HERMANOS LA PROCESI\u00d3N Y LOS FESTEJOS EN HONOR A NUESTRA AMADA [&hellip;]<!-- AddThis Advanced Settings generic via filter on get_the_excerpt --><!-- AddThis Share Buttons generic via filter on get_the_excerpt --><\/p>\n","protected":false},"author":2,"featured_media":13126,"comment_status":"open","ping_status":"open","sticky":false,"template":"","format":"standard","meta":{"footnotes":""},"categories":[3],"tags":[],"class_list":["post-13123","post","type-post","status-publish","format-standard","has-post-thumbnail","hentry","category-noticiasparroquiales"],"_links":{"self":[{"href":"https:\/\/obispadodezaratecampana.org\/index.php?rest_route=\/wp\/v2\/posts\/13123","targetHints":{"allow":["GET"]}}],"collection":[{"href":"https:\/\/obispadodezaratecampana.org\/index.php?rest_route=\/wp\/v2\/posts"}],"about":[{"href":"https:\/\/obispadodezaratecampana.org\/index.php?rest_route=\/wp\/v2\/types\/post"}],"author":[{"embeddable":true,"href":"https:\/\/obispadodezaratecampana.org\/index.php?rest_route=\/wp\/v2\/users\/2"}],"replies":[{"embeddable":true,"href":"https:\/\/obispadodezaratecampana.org\/index.php?rest_route=%2Fwp%2Fv2%2Fcomments&post=13123"}],"version-history":[{"count":2,"href":"https:\/\/obispadodezaratecampana.org\/index.php?rest_route=\/wp\/v2\/posts\/13123\/revisions"}],"predecessor-version":[{"id":13128,"href":"https:\/\/obispadodezaratecampana.org\/index.php?rest_route=\/wp\/v2\/posts\/13123\/revisions\/13128"}],"wp:featuredmedia":[{"embeddable":true,"href":"https:\/\/obispadodezaratecampana.org\/index.php?rest_route=\/wp\/v2\/media\/13126"}],"wp:attachment":[{"href":"https:\/\/obispadodezaratecampana.org\/index.php?rest_route=%2Fwp%2Fv2%2Fmedia&parent=13123"}],"wp:term":[{"taxonomy":"category","embeddable":true,"href":"https:\/\/obispadodezaratecampana.org\/index.php?rest_route=%2Fwp%2Fv2%2Fcategories&post=13123"},{"taxonomy":"post_tag","embeddable":true,"href":"https:\/\/obispadodezaratecampana.org\/index.php?rest_route=%2Fwp%2Fv2%2Ftags&post=13123"}],"curies":[{"name":"wp","href":"https:\/\/api.w.org\/{rel}","templated":true}]}}